{"id":77720,"date":"2018-08-18T23:08:37","date_gmt":"2018-08-18T20:08:37","guid":{"rendered":"https:\/\/www.enerjigazetesi.ist\/?p=77720"},"modified":"2018-08-18T23:08:37","modified_gmt":"2018-08-18T20:08:37","slug":"1-ekim-tarihinden-itibaren-elektrikte-kademeli-fiyat-devreye-girecek","status":"publish","type":"post","link":"https:\/\/www.enerjigazetesi.ist\/en\/1-ekim-tarihinden-itibaren-elektrikte-kademeli-fiyat-devreye-girecek\/","title":{"rendered":"(Turkish) 1 Ekim Tarihinden \u0130tibaren Elektrikte Kademeli Fiyat Devreye Girecek"},"content":{"rendered":"<p class=\"qtranxs-available-languages-message qtranxs-available-languages-message-en\">Sorry, this entry is only available in <a href=\"https:\/\/www.enerjigazetesi.ist\/tr\/wp-json\/wp\/v2\/posts\/77720\" class=\"qtranxs-available-language-link qtranxs-available-language-link-tr\" title=\"Turkish\">Turkish<\/a>. For the sake of viewer convenience, the content is shown below in the alternative language. You may click the link to switch the active language.<\/p><p><strong>Elektrik fiyatlamas\u0131nda, konutlarda 1 Ekim tarihinden itibaren elektrikte kademeli fiyatland\u0131rmaya ge\u00e7iliyor. Enerji Piyasas\u0131 D\u00fczenleme Kurumu (EPDK), elektrik da\u011f\u0131t\u0131m \u015firketleri ile temasa ge\u00e7erek kademeli tarife i\u00e7in teknik \u00e7al\u0131\u015fman\u0131n yap\u0131lmas\u0131n\u0131 talep etti. \u015eirketler, faturalama sistemlerinin d\u00fczenlemesini yapacak.<\/strong><span id=\"more-101516\"><\/span><\/p>\n<p><img loading=\"lazy\" class=\"alignleft size-medium wp-image-77721\" src=\"https:\/\/www.enerjigazetesi.ist\/wp-content\/uploads\/2018\/08\/1-ekim-tarihinden-itibaren-elektrikte-kademeli-fiyat-devreye-girecek-300x168.jpg\" alt=\"\" width=\"300\" height=\"168\" srcset=\"https:\/\/www.enerjigazetesi.ist\/wp-content\/uploads\/2018\/08\/1-ekim-tarihinden-itibaren-elektrikte-kademeli-fiyat-devreye-girecek-300x168.jpg 300w, https:\/\/www.enerjigazetesi.ist\/wp-content\/uploads\/2018\/08\/1-ekim-tarihinden-itibaren-elektrikte-kademeli-fiyat-devreye-girecek-500x281.jpg 500w, https:\/\/www.enerjigazetesi.ist\/wp-content\/uploads\/2018\/08\/1-ekim-tarihinden-itibaren-elektrikte-kademeli-fiyat-devreye-girecek-80x45.jpg 80w, https:\/\/www.enerjigazetesi.ist\/wp-content\/uploads\/2018\/08\/1-ekim-tarihinden-itibaren-elektrikte-kademeli-fiyat-devreye-girecek.jpg 650w\" sizes=\"(max-width: 300px) 100vw, 300px\" \/>Habert\u00fcrk\u2019ten Olcay Aydilek\u2019in haberine g\u00f6re; Elektrikte, yeni bir uygulamaya ge\u00e7iliyor. Ekim&#8217;den itibaren elektrik tarifeleri kademelendirilerek konutlarda, dar gelirli aileleri koruyacak bi\u00e7imde ayl\u0131k belli bir t\u00fcketime kadar tarifeler d\u00fc\u015f\u00fck tutulacak. Bu s\u0131n\u0131r\u0131n, 150-160 kilovatsaat olmas\u0131 bekleniyor. Bu t\u00fcketimi a\u015fanlar ise daha y\u00fcksek fiyattan elektrik t\u00fcketimi ger\u00e7ekle\u015ftirecek.<\/p>\n<p>EPDK taraf\u0131ndan hen\u00fcz kademeye konu olan t\u00fcketim miktar\u0131 belirli olmamakla birlikte ayl\u0131k 150-160 kilovatsaat olmas\u0131 \u00f6ng\u00f6r\u00fclmektedir. Bu miktar ve alt\u0131nda elektrik t\u00fcketimi olanlar olas\u0131 zamlardan daha az etkilenecek ve d\u00fc\u015f\u00fck fiyattan elektrik alacak olup bu miktar\u0131 a\u015fanlar, daha y\u00fcksek bir fiyattan elektrik t\u00fcketecektir. Bu y\u00f6ntemle tasarrufun \u00f6zendirilmesi ve dar gelirlilerin korunmas\u0131 hedeflenmektedir.<\/p>\n<p>&nbsp;<\/p>","protected":false},"excerpt":{"rendered":"<p>Sorry, this entry is only available in Turkish. For the sake of viewer convenience, the content is shown below in the alternative language. You may click the link to switch the active language.Elektrik fiyatlamas\u0131nda, konutlarda 1 Ekim tarihinden itibaren elektrikte kademeli fiyatland\u0131rmaya ge\u00e7iliyor. Enerji Piyasas\u0131 D\u00fczenleme Kurumu (EPDK), elektrik da\u011f\u0131t\u0131m \u015firketleri ile temasa ge\u00e7erek kademeli [&hellip;]<\/p>\n","protected":false},"author":1,"featured_media":77721,"comment_status":"open","ping_status":"open","sticky":false,"template":"","format":"standard","meta":[],"categories":[51,53],"tags":[34979,343,19638,26353,38889,67,1009,1046,750],"views":1152,"_links":{"self":[{"href":"https:\/\/www.enerjigazetesi.ist\/en\/wp-json\/wp\/v2\/posts\/77720"}],"collection":[{"href":"https:\/\/www.enerjigazetesi.ist\/en\/wp-json\/wp\/v2\/posts"}],"about":[{"href":"https:\/\/www.enerjigazetesi.ist\/en\/wp-json\/wp\/v2\/types\/post"}],"author":[{"embeddable":true,"href":"https:\/\/www.enerjigazetesi.ist\/en\/wp-json\/wp\/v2\/users\/1"}],"replies":[{"embeddable":true,"href":"https:\/\/www.enerjigazetesi.ist\/en\/wp-json\/wp\/v2\/comments?post=77720"}],"version-history":[{"count":1,"href":"https:\/\/www.enerjigazetesi.ist\/en\/wp-json\/wp\/v2\/posts\/77720\/revisions"}],"predecessor-version":[{"id":77722,"href":"https:\/\/www.enerjigazetesi.ist\/en\/wp-json\/wp\/v2\/posts\/77720\/revisions\/77722"}],"wp:featuredmedia":[{"embeddable":true,"href":"https:\/\/www.enerjigazetesi.ist\/en\/wp-json\/wp\/v2\/media\/77721"}],"wp:attachment":[{"href":"https:\/\/www.enerjigazetesi.ist\/en\/wp-json\/wp\/v2\/media?parent=77720"}],"wp:term":[{"taxonomy":"category","embeddable":true,"href":"https:\/\/www.enerjigazetesi.ist\/en\/wp-json\/wp\/v2\/categories?post=77720"},{"taxonomy":"post_tag","embeddable":true,"href":"https:\/\/www.enerjigazetesi.ist\/en\/wp-json\/wp\/v2\/tags?post=77720"}],"curies":[{"name":"wp","href":"https:\/\/api.w.org\/{rel}","templated":true}]}}