{"id":77624,"date":"2018-08-16T12:19:20","date_gmt":"2018-08-16T09:19:20","guid":{"rendered":"https:\/\/www.enerjigazetesi.ist\/?p=77624"},"modified":"2018-08-16T12:19:20","modified_gmt":"2018-08-16T09:19:20","slug":"15-ekserji-ve-uygulamalari-yaz-kursunda-enerji-verimliligi-masaya-yatirildi","status":"publish","type":"post","link":"https:\/\/www.enerjigazetesi.ist\/en\/15-ekserji-ve-uygulamalari-yaz-kursunda-enerji-verimliligi-masaya-yatirildi\/","title":{"rendered":"(Turkish) 15. Ekserji ve Uygulamalar\u0131 Yaz Kursu&#8217;nda Enerji Verimlili\u011fi Masaya Yat\u0131r\u0131ld\u0131"},"content":{"rendered":"<p class=\"qtranxs-available-languages-message qtranxs-available-languages-message-en\">Sorry, this entry is only available in <a href=\"https:\/\/www.enerjigazetesi.ist\/tr\/wp-json\/wp\/v2\/posts\/77624\" class=\"qtranxs-available-language-link qtranxs-available-language-link-tr\" title=\"Turkish\">Turkish<\/a>. For the sake of viewer convenience, the content is shown below in the alternative language. You may click the link to switch the active language.<\/p><p><strong>YA\u015eAR \u00dcniversitesi&#8217;nde yap\u0131lan 15. Ekserji ve Uygulamalar\u0131 Yaz Kursu&#8217;nda, uluslararas\u0131 \u00e7apta bilim insanlar\u0131n\u0131n kat\u0131l\u0131m\u0131 ile T\u00fcrkiye&#8217;deki enerji verimlili\u011fi enine boyuna tart\u0131\u015f\u0131ld\u0131. T\u00fcrkiye Bilimler Akademisi (T\u00dcBA) Enerji \u00c7al\u0131\u015fma Grubu Ba\u015fkan\u0131 Prof. Dr. \u0130brahim Din\u00e7er taraf\u0131ndan &#8220;Enerjide, d\u0131\u015fa ba\u011f\u0131ml\u0131l\u0131k, pahal\u0131l\u0131k, g\u00fcvenlik gibi sorunlar\u0131n \u00e7\u00f6z\u00fcm\u00fcne y\u00f6nelik T\u00fcrkiye kendi enerji \u00e7\u00f6z\u00fcmlerini \u00fcretmek zorundad\u0131r. Bunun ilk ad\u0131m\u0131 da enerjinin verimli kullanmadan ge\u00e7mektedir&#8221; dedi.<\/strong><\/p>\n<p><strong>VER\u0130ML\u0130L\u0130K VURGUSU<\/strong><\/p>\n<p>Alan\u0131nda yazd\u0131\u011f\u0131 kitaplarla tan\u0131nan Nevada \u00dcniversitesi \u00d6\u011fretim \u00dcyesi Prof. Dr. Yunus \u00c7engel yapt\u0131\u011f\u0131 konu\u015fmada, &#8220;Hayat\u0131m\u0131z\u0131n her alan\u0131nda enerjiyi daha dikkatli ve verimli kullanarak d\u0131\u015f kaynaklara <img loading=\"lazy\" class=\"alignleft size-medium wp-image-77625\" src=\"https:\/\/www.enerjigazetesi.ist\/wp-content\/uploads\/2018\/08\/15-ekserji-ve-uygulamalari-yaz-kursunda-enerji-verimliligi-masaya-yatirildi-300x169.jpg\" alt=\"\" width=\"300\" height=\"169\" srcset=\"https:\/\/www.enerjigazetesi.ist\/wp-content\/uploads\/2018\/08\/15-ekserji-ve-uygulamalari-yaz-kursunda-enerji-verimliligi-masaya-yatirildi-300x169.jpg 300w, https:\/\/www.enerjigazetesi.ist\/wp-content\/uploads\/2018\/08\/15-ekserji-ve-uygulamalari-yaz-kursunda-enerji-verimliligi-masaya-yatirildi-500x281.jpg 500w, https:\/\/www.enerjigazetesi.ist\/wp-content\/uploads\/2018\/08\/15-ekserji-ve-uygulamalari-yaz-kursunda-enerji-verimliligi-masaya-yatirildi-80x45.jpg 80w, https:\/\/www.enerjigazetesi.ist\/wp-content\/uploads\/2018\/08\/15-ekserji-ve-uygulamalari-yaz-kursunda-enerji-verimliligi-masaya-yatirildi.jpg 590w\" sizes=\"(max-width: 300px) 100vw, 300px\" \/>ba\u011fl\u0131l\u0131\u011f\u0131m\u0131z\u0131 azaltabiliriz. Enerjinin \u00f6z\u00fc, ekserjidir. Miktar\u0131 ve kalitesi \u00f6nemli enerjinin ve kalitesi de ekserji. Enerji verimlili\u011fi, bir i\u015f yaparken en verimli \u015fekilde, en az enerji kullanarak yapmak. Kaliteli enerji kullan\u0131m\u0131, vatanda\u015f\u0131n bilin\u00e7lendirilmesi ile m\u00fcmk\u00fcn. Enerjiyi verimli kullanmak i\u00e7in \u0131s\u0131tmadan so\u011futmaya ve genel kullan\u0131ma kadar g\u00fcnl\u00fck enerji t\u00fcketimimizde led ampul, enerji verimli cihazlar vb. tercih edebiliriz. K\u00fc\u00e7\u00fck ve basit dokunu\u015flarla herkes kendi \u00f6l\u00e7e\u011finde y\u00fczde 25 oran\u0131nda tasarruf edebilir. Bu da hem kendi cebinize hem de \u00fclke ekonomisine katk\u0131 sa\u011flar, milyarlarca dolar tasarruf sa\u011flar. Devletin de vatanda\u015f\u0131, enerji verimli cihazlar kullanmas\u0131, bilin\u00e7lenmesi i\u00e7in te\u015fvik etmesi laz\u0131m. D\u0131\u015fa ba\u011f\u0131ml\u0131l\u0131\u011f\u0131, vatanda\u015f\u0131n fark\u0131ndal\u0131\u011f\u0131 ve bilin\u00e7lenmesi azalt\u0131r&#8221; dedi.<\/p>\n<p><strong>ENERJ\u0130DE DI\u015eA BA\u011eIMLILI\u011eI AZALTMAK \u0130\u00c7\u0130N&#8230;<\/strong><\/p>\n<p>T\u00dcBA Enerji \u00c7al\u0131\u015fma Grubu Ba\u015fkan\u0131 Prof. Dr. \u0130brahim Din\u00e7er ise T\u00fcrkiye&#8217;nin enerji ihtiyac\u0131n\u0131n y\u00fczde 75&#8217;inin d\u0131\u015far\u0131dan kar\u015f\u0131land\u0131\u011f\u0131n\u0131 belirterek, enerji giderinin en b\u00fcy\u00fck cari a\u00e7\u0131\u011f\u0131 getiren kalem oldu\u011funu ifade etti. Prof. Dr. Din\u00e7er, ithalat ve ihracat aras\u0131ndaki farka bakt\u0131\u011f\u0131m\u0131z zaman 68 milyar dolara varan k\u0131sm\u0131n, enerji kaleminden geldi\u011fini belirterek, &#8220;Bu yaln\u0131zca ekonomik olarak de\u011fil, enerji g\u00fcvenli\u011fi boyutunda da s\u0131k\u0131nt\u0131 yaratmaktad\u0131r. Bizim bu noktada kendimize yetecek olan g\u00fcvenli enerji \u00e7\u00f6z\u00fcmlerini olu\u015fturmam\u0131z laz\u0131m. Bu enerji \u00e7\u00f6z\u00fcmlerini \u00fcretirken de \u00f6zellikle son y\u0131llarda yap\u0131lan hamleler \u00e7ok \u00f6nemlidir. Yenilenebilir enerji kaynaklar\u0131, temiz k\u00f6m\u00fcr teknolojileri olmak \u00fczere T\u00fcrkiye bir\u00e7ok alanda yat\u0131r\u0131m ger\u00e7ekle\u015ftiriliyor. Yap\u0131lmas\u0131 gereken temel \u015feyler; verimlili\u011fi art\u0131rmak, g\u00fcne\u015ften r\u00fczgara, r\u00fczgardan jeotermale kadar yenilenebilir enerji kaynaklar\u0131na y\u00f6nelmek, onun haricinde temiz teknolojilerle yerli fosil kaynakl\u0131 yak\u0131tlar\u0131 kullanmak, n\u00fckleer enerji, biyolojik organik at\u0131klardan enerji \u00fcretimi yapmakt\u0131r. Mevcut sistemler boyutunda da iyile\u015ftirme yaparak kay\u0131plar\u0131n \u00f6nlenmesi gerekmektedir&#8221; dedi.<\/p>","protected":false},"excerpt":{"rendered":"<p>Sorry, this entry is only available in Turkish. For the sake of viewer convenience, the content is shown below in the alternative language. You may click the link to switch the active language.YA\u015eAR \u00dcniversitesi&#8217;nde yap\u0131lan 15. Ekserji ve Uygulamalar\u0131 Yaz Kursu&#8217;nda, uluslararas\u0131 \u00e7apta bilim insanlar\u0131n\u0131n kat\u0131l\u0131m\u0131 ile T\u00fcrkiye&#8217;deki enerji verimlili\u011fi enine boyuna tart\u0131\u015f\u0131ld\u0131. T\u00fcrkiye Bilimler [&hellip;]<\/p>\n","protected":false},"author":1,"featured_media":77625,"comment_status":"open","ping_status":"open","sticky":false,"template":"","format":"standard","meta":[],"categories":[53,52],"tags":[38853,67,1009,26559,24553,38855,22006,38854,793,2383],"views":1484,"_links":{"self":[{"href":"https:\/\/www.enerjigazetesi.ist\/en\/wp-json\/wp\/v2\/posts\/77624"}],"collection":[{"href":"https:\/\/www.enerjigazetesi.ist\/en\/wp-json\/wp\/v2\/posts"}],"about":[{"href":"https:\/\/www.enerjigazetesi.ist\/en\/wp-json\/wp\/v2\/types\/post"}],"author":[{"embeddable":true,"href":"https:\/\/www.enerjigazetesi.ist\/en\/wp-json\/wp\/v2\/users\/1"}],"replies":[{"embeddable":true,"href":"https:\/\/www.enerjigazetesi.ist\/en\/wp-json\/wp\/v2\/comments?post=77624"}],"version-history":[{"count":1,"href":"https:\/\/www.enerjigazetesi.ist\/en\/wp-json\/wp\/v2\/posts\/77624\/revisions"}],"predecessor-version":[{"id":77626,"href":"https:\/\/www.enerjigazetesi.ist\/en\/wp-json\/wp\/v2\/posts\/77624\/revisions\/77626"}],"wp:featuredmedia":[{"embeddable":true,"href":"https:\/\/www.enerjigazetesi.ist\/en\/wp-json\/wp\/v2\/media\/77625"}],"wp:attachment":[{"href":"https:\/\/www.enerjigazetesi.ist\/en\/wp-json\/wp\/v2\/media?parent=77624"}],"wp:term":[{"taxonomy":"category","embeddable":true,"href":"https:\/\/www.enerjigazetesi.ist\/en\/wp-json\/wp\/v2\/categories?post=77624"},{"taxonomy":"post_tag","embeddable":true,"href":"https:\/\/www.enerjigazetesi.ist\/en\/wp-json\/wp\/v2\/tags?post=77624"}],"curies":[{"name":"wp","href":"https:\/\/api.w.org\/{rel}","templated":true}]}}