{"id":77601,"date":"2018-08-15T21:04:16","date_gmt":"2018-08-15T18:04:16","guid":{"rendered":"https:\/\/www.enerjigazetesi.ist\/?p=77601"},"modified":"2018-08-15T21:11:12","modified_gmt":"2018-08-15T18:11:12","slug":"irenanin-kuresel-inovasyon-endeksinde-enerji-gecisinin-onemi-vurgulandi","status":"publish","type":"post","link":"https:\/\/www.enerjigazetesi.ist\/en\/irenanin-kuresel-inovasyon-endeksinde-enerji-gecisinin-onemi-vurgulandi\/","title":{"rendered":"(Turkish) K\u00fcresel \u0130novasyon Endeksi\u2019nde Enerji Ge\u00e7i\u015finin \u00d6nemi Vurguland\u0131"},"content":{"rendered":"<p class=\"qtranxs-available-languages-message qtranxs-available-languages-message-en\">Sorry, this entry is only available in <a href=\"https:\/\/www.enerjigazetesi.ist\/tr\/wp-json\/wp\/v2\/posts\/77601\" class=\"qtranxs-available-language-link qtranxs-available-language-link-tr\" title=\"Turkish\">Turkish<\/a>. For the sake of viewer convenience, the content is shown below in the alternative language. You may click the link to switch the active language.<\/p><p><strong>Uluslararas\u0131 Yenilenebilir Enerji Ajans\u0131 (IRENA), s\u00fcrd\u00fcr\u00fclebilir bir enerji sistemine ge\u00e7i\u015fi h\u0131zland\u0131rmak i\u00e7in ihtiya\u00e7 duyulan inovasyon \u00f6nceliklerini belirledi. Ajans, son yay\u0131nlanan 2018 K\u00fcresel \u0130novasyon Endeksi raporunun bir b\u00f6l\u00fcm\u00fcn\u00fc tamamlad\u0131. <\/strong><\/p>\n<p>4 merkezi politika seviyesinde yenilik \u00f6nerilerinin yer ald\u0131\u011f\u0131 Enerji Ge\u00e7i\u015fini S\u00fcrd\u00fcrme \u0130novasyonu <img loading=\"lazy\" class=\"alignleft size-medium wp-image-77602\" src=\"https:\/\/www.enerjigazetesi.ist\/wp-content\/uploads\/2018\/08\/irenanin-kuresel-inovasyon-endeksinde-enerji-gecisinin-onemi-vurgulandi-300x169.jpg\" alt=\"\" width=\"300\" height=\"169\" srcset=\"https:\/\/www.enerjigazetesi.ist\/wp-content\/uploads\/2018\/08\/irenanin-kuresel-inovasyon-endeksinde-enerji-gecisinin-onemi-vurgulandi-300x169.jpg 300w, https:\/\/www.enerjigazetesi.ist\/wp-content\/uploads\/2018\/08\/irenanin-kuresel-inovasyon-endeksinde-enerji-gecisinin-onemi-vurgulandi-768x432.jpg 768w, https:\/\/www.enerjigazetesi.ist\/wp-content\/uploads\/2018\/08\/irenanin-kuresel-inovasyon-endeksinde-enerji-gecisinin-onemi-vurgulandi-500x281.jpg 500w, https:\/\/www.enerjigazetesi.ist\/wp-content\/uploads\/2018\/08\/irenanin-kuresel-inovasyon-endeksinde-enerji-gecisinin-onemi-vurgulandi-80x45.jpg 80w, https:\/\/www.enerjigazetesi.ist\/wp-content\/uploads\/2018\/08\/irenanin-kuresel-inovasyon-endeksinde-enerji-gecisinin-onemi-vurgulandi.jpg 780w\" sizes=\"(max-width: 300px) 100vw, 300px\" \/>b\u00f6l\u00fcm\u00fcnde, yenilenebilir enerji da\u011f\u0131t\u0131m\u0131n\u0131 art\u0131rma konusu kritik bir \u015fekilde \u00f6zetlendi.<\/p>\n<p>c\u2019n\u00fcn (WIPO), \u0130novasyon ile D\u00fcnyaya Enerji Sa\u011flamak temal\u0131 K\u00fcresel \u0130novasyon Endeksi raporunun 11. bask\u0131s\u0131nda; enerji sekt\u00f6r\u00fc inovasyonunun durumu, daha fazla \u00e7aba gerektiren alanlar\u0131n belirlenmesi konusu ve enerji \u00fcretimi, depolama, da\u011f\u0131t\u0131m, t\u00fcketim ve karbonsuzla\u015ft\u0131rma gibi alanlarda at\u0131l\u0131mlar\u0131n ya\u015fand\u0131\u011f\u0131 alanlar\u0131n analizi yer ald\u0131. Raporda politika seviyesi hakk\u0131nda tavsiyeler de bulunuyor:<\/p>\n<ol>\n<li>Ara\u015ft\u0131rma ve geli\u015ftirmenin \u00f6tesinde, yenilik i\u00e7in sistem \u00e7ap\u0131nda bir yakla\u015f\u0131m\u0131 te\u015fvik edin.<\/li>\n<li>\u0130novasyonu b\u00fcy\u00fctmek i\u00e7in uluslararas\u0131 i\u015fbirli\u011fini g\u00fc\u00e7lendirin.<\/li>\n<li>G\u00fc\u00e7 sistemi entegrasyonunu ilerletin.<\/li>\n<li>Elektriklendirme i\u00e7in teknoloji se\u00e7eneklerinden olu\u015fan bir portf\u00f6y\u00fc destekleyin ve nihai t\u00fcketici sekt\u00f6r\u00fcn\u00fc karbonsuzla\u015ft\u0131r\u0131n.<a href=\"http:\/\/www.irena.org\/newsroom\/articles\/2018\/Aug\/Global-Innovation-Index\">\u00a0<\/a><\/li>\n<\/ol>\n<p><a href=\"http:\/\/www.irena.org\/newsroom\/articles\/2018\/Aug\/Global-Innovation-Index\">IRENA<\/a><\/p>","protected":false},"excerpt":{"rendered":"<p>Sorry, this entry is only available in Turkish. For the sake of viewer convenience, the content is shown below in the alternative language. You may click the link to switch the active language.Uluslararas\u0131 Yenilenebilir Enerji Ajans\u0131 (IRENA), s\u00fcrd\u00fcr\u00fclebilir bir enerji sistemine ge\u00e7i\u015fi h\u0131zland\u0131rmak i\u00e7in ihtiya\u00e7 duyulan inovasyon \u00f6nceliklerini belirledi. Ajans, son yay\u0131nlanan 2018 K\u00fcresel \u0130novasyon [&hellip;]<\/p>\n","protected":false},"author":1,"featured_media":77602,"comment_status":"open","ping_status":"open","sticky":false,"template":"","format":"standard","meta":[],"categories":[53,52],"tags":[38845,38844,3386,38846,38843,3387],"views":771,"_links":{"self":[{"href":"https:\/\/www.enerjigazetesi.ist\/en\/wp-json\/wp\/v2\/posts\/77601"}],"collection":[{"href":"https:\/\/www.enerjigazetesi.ist\/en\/wp-json\/wp\/v2\/posts"}],"about":[{"href":"https:\/\/www.enerjigazetesi.ist\/en\/wp-json\/wp\/v2\/types\/post"}],"author":[{"embeddable":true,"href":"https:\/\/www.enerjigazetesi.ist\/en\/wp-json\/wp\/v2\/users\/1"}],"replies":[{"embeddable":true,"href":"https:\/\/www.enerjigazetesi.ist\/en\/wp-json\/wp\/v2\/comments?post=77601"}],"version-history":[{"count":2,"href":"https:\/\/www.enerjigazetesi.ist\/en\/wp-json\/wp\/v2\/posts\/77601\/revisions"}],"predecessor-version":[{"id":77608,"href":"https:\/\/www.enerjigazetesi.ist\/en\/wp-json\/wp\/v2\/posts\/77601\/revisions\/77608"}],"wp:featuredmedia":[{"embeddable":true,"href":"https:\/\/www.enerjigazetesi.ist\/en\/wp-json\/wp\/v2\/media\/77602"}],"wp:attachment":[{"href":"https:\/\/www.enerjigazetesi.ist\/en\/wp-json\/wp\/v2\/media?parent=77601"}],"wp:term":[{"taxonomy":"category","embeddable":true,"href":"https:\/\/www.enerjigazetesi.ist\/en\/wp-json\/wp\/v2\/categories?post=77601"},{"taxonomy":"post_tag","embeddable":true,"href":"https:\/\/www.enerjigazetesi.ist\/en\/wp-json\/wp\/v2\/tags?post=77601"}],"curies":[{"name":"wp","href":"https:\/\/api.w.org\/{rel}","templated":true}]}}