{"id":77447,"date":"2018-08-12T15:45:47","date_gmt":"2018-08-12T12:45:47","guid":{"rendered":"https:\/\/www.enerjigazetesi.ist\/?p=77447"},"modified":"2018-08-12T15:48:49","modified_gmt":"2018-08-12T12:48:49","slug":"turkiye-en-cok-gunesi-alirken-gunes-enerjisini-de-en-az-kullanan-ulke","status":"publish","type":"post","link":"https:\/\/www.enerjigazetesi.ist\/en\/turkiye-en-cok-gunesi-alirken-gunes-enerjisini-de-en-az-kullanan-ulke\/","title":{"rendered":"(Turkish) En \u00c7ok G\u00fcne\u015fi Alan Fakat G\u00fcne\u015f Enerjisini de En Az Kullanan \u00dclke &#8216;T\u00fcrkiye&#8217;!"},"content":{"rendered":"<p class=\"qtranxs-available-languages-message qtranxs-available-languages-message-en\">Sorry, this entry is only available in <a href=\"https:\/\/www.enerjigazetesi.ist\/tr\/wp-json\/wp\/v2\/posts\/77447\" class=\"qtranxs-available-language-link qtranxs-available-language-link-tr\" title=\"Turkish\">Turkish<\/a>. For the sake of viewer convenience, the content is shown below in the alternative language. You may click the link to switch the active language.<\/p><p><strong>T\u00fcrkiye, yerli kaynaklar\u0131yla temiz enerji \u00fcretimi ile halen yenilenebilir enerji kaynaklar\u0131ndan elektrik \u00fcretimi konusunda istenilen konuma gelememi\u015ftir. Yenilenebilir enerji kaynaklar\u0131ndan elektrik \u00fcretimine tamamen y\u00f6nelmemiz \u00fclke ekonomisi ve \u00e7evre a\u00e7\u0131s\u0131ndan da \u015f\u00fcphesiz en kazan\u00e7l\u0131s\u0131 olacakt\u0131r.<\/strong><\/p>\n<p><img loading=\"lazy\" class=\"alignleft size-medium wp-image-77449\" src=\"https:\/\/www.enerjigazetesi.ist\/wp-content\/uploads\/2018\/08\/turkiye-en-cok-gunesi-alirken-gunes-enerjisini-de-en-az-kullanan-ulke-300x172.jpg\" alt=\"\" width=\"300\" height=\"172\" srcset=\"https:\/\/www.enerjigazetesi.ist\/wp-content\/uploads\/2018\/08\/turkiye-en-cok-gunesi-alirken-gunes-enerjisini-de-en-az-kullanan-ulke-300x172.jpg 300w, https:\/\/www.enerjigazetesi.ist\/wp-content\/uploads\/2018\/08\/turkiye-en-cok-gunesi-alirken-gunes-enerjisini-de-en-az-kullanan-ulke-768x440.jpg 768w, https:\/\/www.enerjigazetesi.ist\/wp-content\/uploads\/2018\/08\/turkiye-en-cok-gunesi-alirken-gunes-enerjisini-de-en-az-kullanan-ulke-500x286.jpg 500w, https:\/\/www.enerjigazetesi.ist\/wp-content\/uploads\/2018\/08\/turkiye-en-cok-gunesi-alirken-gunes-enerjisini-de-en-az-kullanan-ulke-80x46.jpg 80w, https:\/\/www.enerjigazetesi.ist\/wp-content\/uploads\/2018\/08\/turkiye-en-cok-gunesi-alirken-gunes-enerjisini-de-en-az-kullanan-ulke.jpg 840w\" sizes=\"(max-width: 300px) 100vw, 300px\" \/>K\u00fcresel d\u00fcnyam\u0131zda g\u00fcne\u015f enerjisinin kullan\u0131m olanaklar\u0131 ve pay\u0131 h\u0131zla art\u0131\u015f g\u00f6stermektedir. Sokak ayd\u0131nlatmas\u0131, sinyalizasyon aletleri ve deniz ta\u015f\u0131tlar\u0131nda kullan\u0131m\u0131 h\u0131zla artmakta ve g\u00fcne\u015f sistemlerine y\u00f6nelik s\u00fcrekli yeni teknolojiler geli\u015ftirilmektedir. G\u00fcne\u015f enerjisi bu geli\u015fen teknolojiler ile birlikte \u0131s\u0131, \u0131\u015f\u0131k ve elektrik \u00fcretimi ger\u00e7ekle\u015ftirilmektedir.<\/p>\n<p>\u00d6zellikle yaz\u0131n, g\u00fcne\u015f alan yazl\u0131k b\u00f6lgelerde g\u00fcne\u015f panelleri ile s\u0131cak su \u0131s\u0131tmas\u0131 bu \u015fekilde kullan\u0131lmaktad\u0131r.\u00a0G\u00fcne\u015f panellerine sahip su \u0131s\u0131tma sistemleri \u00e7at\u0131lara kurulmaktad\u0131r ve T\u00fcrkiye, g\u00fcne\u015f enerjisi ile s\u0131cak su \u0131s\u0131tma ve kullan\u0131m\u0131 a\u00e7\u0131s\u0131ndan d\u00fcnya \u00e7ap\u0131nda her y\u0131l ilk \u00fc\u00e7te yer almaktad\u0131r.<\/p>","protected":false},"excerpt":{"rendered":"<p>Sorry, this entry is only available in Turkish. For the sake of viewer convenience, the content is shown below in the alternative language. You may click the link to switch the active language.T\u00fcrkiye, yerli kaynaklar\u0131yla temiz enerji \u00fcretimi ile halen yenilenebilir enerji kaynaklar\u0131ndan elektrik \u00fcretimi konusunda istenilen konuma gelememi\u015ftir. Yenilenebilir enerji kaynaklar\u0131ndan elektrik \u00fcretimine tamamen [&hellip;]<\/p>\n","protected":false},"author":1,"featured_media":77449,"comment_status":"open","ping_status":"open","sticky":false,"template":"","format":"standard","meta":[],"categories":[51,53,49],"tags":[38802,67,1009,30179,2326,23416,37565,2569,1876,23133,16196,38803,108,23131,26829,5864],"views":1238,"_links":{"self":[{"href":"https:\/\/www.enerjigazetesi.ist\/en\/wp-json\/wp\/v2\/posts\/77447"}],"collection":[{"href":"https:\/\/www.enerjigazetesi.ist\/en\/wp-json\/wp\/v2\/posts"}],"about":[{"href":"https:\/\/www.enerjigazetesi.ist\/en\/wp-json\/wp\/v2\/types\/post"}],"author":[{"embeddable":true,"href":"https:\/\/www.enerjigazetesi.ist\/en\/wp-json\/wp\/v2\/users\/1"}],"replies":[{"embeddable":true,"href":"https:\/\/www.enerjigazetesi.ist\/en\/wp-json\/wp\/v2\/comments?post=77447"}],"version-history":[{"count":2,"href":"https:\/\/www.enerjigazetesi.ist\/en\/wp-json\/wp\/v2\/posts\/77447\/revisions"}],"predecessor-version":[{"id":77451,"href":"https:\/\/www.enerjigazetesi.ist\/en\/wp-json\/wp\/v2\/posts\/77447\/revisions\/77451"}],"wp:featuredmedia":[{"embeddable":true,"href":"https:\/\/www.enerjigazetesi.ist\/en\/wp-json\/wp\/v2\/media\/77449"}],"wp:attachment":[{"href":"https:\/\/www.enerjigazetesi.ist\/en\/wp-json\/wp\/v2\/media?parent=77447"}],"wp:term":[{"taxonomy":"category","embeddable":true,"href":"https:\/\/www.enerjigazetesi.ist\/en\/wp-json\/wp\/v2\/categories?post=77447"},{"taxonomy":"post_tag","embeddable":true,"href":"https:\/\/www.enerjigazetesi.ist\/en\/wp-json\/wp\/v2\/tags?post=77447"}],"curies":[{"name":"wp","href":"https:\/\/api.w.org\/{rel}","templated":true}]}}