{"id":77435,"date":"2018-08-12T15:05:47","date_gmt":"2018-08-12T12:05:47","guid":{"rendered":"https:\/\/www.enerjigazetesi.ist\/?p=77435"},"modified":"2018-08-12T15:05:47","modified_gmt":"2018-08-12T12:05:47","slug":"sunel-2018-yilinda-da-yogun-sekilde-kurulumlara-devam-edecek","status":"publish","type":"post","link":"https:\/\/www.enerjigazetesi.ist\/en\/sunel-2018-yilinda-da-yogun-sekilde-kurulumlara-devam-edecek\/","title":{"rendered":"(Turkish) Sunel 2018 Y\u0131l\u0131nda da Yo\u011fun \u015eekilde Kurulumlara Devam Edecek"},"content":{"rendered":"<p class=\"qtranxs-available-languages-message qtranxs-available-languages-message-en\">Sorry, this entry is only available in <a href=\"https:\/\/www.enerjigazetesi.ist\/tr\/wp-json\/wp\/v2\/posts\/77435\" class=\"qtranxs-available-language-link qtranxs-available-language-link-tr\" title=\"Turkish\">Turkish<\/a>. For the sake of viewer convenience, the content is shown below in the alternative language. You may click the link to switch the active language.<\/p><p><strong>Sunel 400\u2019\u00fc a\u015fk\u0131n operasyonel projenin getirdi\u011fi tecr\u00fcbeyle optimum \u00e7\u00f6z\u00fcm\u00fc sunarak yat\u0131r\u0131mc\u0131n\u0131n y\u00fcz\u00fcn\u00fc g\u00fcld\u00fcr\u00fcyor.<\/strong><\/p>\n<p>Sunel sekt\u00f6rdeki uzun y\u0131llara dayanan m\u00fchendislik deneyimini b\u00fcy\u00fck \u00f6l\u00e7ekli projelerle g\u00f6stermeye devam ediyor. 2017 y\u0131l\u0131nda oldu\u011fu gibi 2018 y\u0131l\u0131nda da yo\u011fun bir \u015fekilde fotovoltaik enerji santrali <img loading=\"lazy\" class=\"alignright size-medium wp-image-77436\" src=\"https:\/\/www.enerjigazetesi.ist\/wp-content\/uploads\/2018\/08\/sunel-2018-yilinda-da-yogun-sekilde-kurulumlara-devam-edecek1-300x188.jpg\" alt=\"\" width=\"300\" height=\"188\" srcset=\"https:\/\/www.enerjigazetesi.ist\/wp-content\/uploads\/2018\/08\/sunel-2018-yilinda-da-yogun-sekilde-kurulumlara-devam-edecek1-300x188.jpg 300w, https:\/\/www.enerjigazetesi.ist\/wp-content\/uploads\/2018\/08\/sunel-2018-yilinda-da-yogun-sekilde-kurulumlara-devam-edecek1-500x313.jpg 500w, https:\/\/www.enerjigazetesi.ist\/wp-content\/uploads\/2018\/08\/sunel-2018-yilinda-da-yogun-sekilde-kurulumlara-devam-edecek1-80x50.jpg 80w, https:\/\/www.enerjigazetesi.ist\/wp-content\/uploads\/2018\/08\/sunel-2018-yilinda-da-yogun-sekilde-kurulumlara-devam-edecek1.jpg 600w\" sizes=\"(max-width: 300px) 100vw, 300px\" \/>kurulumlar\u0131na devam edeceklerini belirten Sunel Enerji Sat\u0131\u015f Direkt\u00f6r\u00fc G\u00f6khan Dilek, yat\u0131r\u0131mc\u0131lar\u0131n teknik ve ekonomik ihtiya\u00e7lar\u0131na g\u00f6re \u00f6zelle\u015ftirilmi\u015f \u00e7\u00f6z\u00fcmler sunduklar\u0131n\u0131 a\u00e7\u0131klad\u0131.<\/p>\n<p><strong>Y\u0131lsonunda ya\u015fanan da\u011f\u0131t\u0131m bedellerindeki art\u0131\u015f sebebiyle sekt\u00f6r \u00e7ok yo\u011fun bir y\u0131l ge\u00e7irdi. Sunel i\u00e7in 2017 y\u0131l\u0131 nas\u0131ld\u0131?<\/strong><\/p>\n<p>2017 y\u0131l\u0131 bizim a\u00e7\u0131m\u0131zdan \u00e7ok yo\u011fun ama bir o kadar da iyi ge\u00e7ti. Bunun \u00f6ncesinde belirtmek laz\u0131m ki T\u00fcrkiye\u2019de operasyonel bir tesise sahip olmak lisanss\u0131z tesislerle ba\u015flad\u0131 ve sekt\u00f6re ciddi bir ivme kazand\u0131rd\u0131. Bug\u00fcn geldi\u011fimiz noktada yakla\u015f\u0131k olarak 3000 MW operasyonel solar tesis var. Bunda lisanss\u0131z segmentin katk\u0131s\u0131 b\u00fcy\u00fck. Mevzuat de\u011fi\u015fiklikleri oldu, o sebeple \u00f6ng\u00f6r\u00fcyoruz ki 2019 itibariyle lisanss\u0131z bitme noktas\u0131na gelecek \u00e7\u00fcnk\u00fc sadece kapasiteler kapanmadan daha \u00f6nce gerekli izinleri alm\u0131\u015f olan yat\u0131r\u0131mc\u0131lar var ve onlar\u0131n da belirli s\u00fcreleri kald\u0131. Di\u011fer yandan, umar\u0131m end\u00fcstriyel \u00e7at\u0131larla lisanss\u0131z segment devam edebilir. Bahsetti\u011finiz gibi da\u011f\u0131t\u0131m bedellerindeki art\u0131\u015f ve yap\u0131lacak indirim i\u00e7in de 2017 y\u0131lsonu limiti olmas\u0131 sebebiyle sekt\u00f6r\u00fcn t\u00fcm bile\u015fenleri i\u00e7in \u00e7ok yo\u011fun bir y\u0131l oldu. Sunel olarak bizim de 2017 y\u0131l\u0131nda ald\u0131\u011f\u0131m\u0131z bir\u00e7ok i\u015f vard\u0131 ve yo\u011fun bir y\u0131l ya\u015fad\u0131k ama bizim a\u00e7\u0131m\u0131zdan sevindirici taraf\u0131 \u015fu ki hem yat\u0131r\u0131mc\u0131lar\u0131m\u0131z hem biz mutluyuz. Ald\u0131\u011f\u0131m\u0131z t\u00fcm projeleri ilgili standartlara uygun olarak ba\u015far\u0131yla sonuca ula\u015ft\u0131rd\u0131k.<\/p>\n<p><strong>2016 y\u0131l\u0131nda en b\u00fcy\u00fck lisanss\u0131z g\u00fcne\u015f enerjisi santralini kurmu\u015ftunuz. 2017\u2019de b\u00f6yle b\u00fcy\u00fck \u00f6l\u00e7ekli bir proje ger\u00e7ekle\u015ftirdiniz mi?<\/strong><\/p>\n<p>Nev\u015fehir Derinkuyu\u2019da ayn\u0131 alanda 18,7MW\u2019l\u0131k tesis kurmu\u015ftuk, o zaman bahsetti\u011finiz gibi T\u00fcrkiye\u2019nin en b\u00fcy\u00fck tesisiydi, \u015fimdi de yine b\u00fcy\u00fck tesisler aras\u0131nda yer al\u0131yor ve 2 ya\u015f\u0131n\u0131 doldurdu. Hem biz hem de yat\u0131r\u0131mc\u0131m\u0131z tesisleri izliyoruz, sonu\u00e7lar yat\u0131r\u0131mc\u0131m\u0131z\u0131n y\u00fcz\u00fcn\u00fc g\u00fcld\u00fcr\u00fcyor. Bu da bizim i\u00e7in en b\u00fcy\u00fck gurur kayna\u011f\u0131. 2017\u2019de de Diyarbak\u0131r\u2019da yine ayn\u0131 alanda 14 MW ve \u0130zmir\u2019de 14 MW kurduk. Onun d\u0131\u015f\u0131nda yine buna yak\u0131n b\u00fcy\u00fckl\u00fckte kurulumlar yapt\u0131k. \u00d6rne\u011fin Ad\u0131yaman\u2019da 12 MW kurulumumuz oldu.<\/p>\n<p><strong>Yurtd\u0131\u015f\u0131nda end\u00fcstriyel \u00e7at\u0131 kurulumlar\u0131nda aktif oldu\u011funuzu s\u00f6ylediniz. T\u00fcrkiye\u2019de de \u00e7at\u0131 pazar\u0131n\u0131n a\u00e7\u0131lmas\u0131yla birlikte end\u00fcstriyel \u00e7at\u0131lara m\u0131 y\u00f6neleceksiniz?<\/strong><\/p>\n<p>End\u00fcstriyel \u00e7at\u0131 kurumlar\u0131, i\u015f yapmaya a\u00e7\u0131k oldu\u011fumuz bir alan. Umar\u0131m lisanss\u0131z segment end\u00fcstriyel \u00e7at\u0131larda devam eder. Bu senaryoda ilerlerse biz T\u00fcrkiye\u2019de lisanss\u0131z segmente end\u00fcstriyel \u00e7at\u0131 kurulumlar\u0131yla da devam etmek isteriz. Di\u011fer yandan, 10 kW\u2019a kadar olan \u00e7at\u0131 kurulumlar\u0131 Sunel\u2019in hedef \u00e7izgisinin biraz uza\u011f\u0131nda kal\u0131yor; ama takip ediyoruz. Geli\u015fmeler sevindirici fakat maalesef yeterli g\u00f6r\u00fcnm\u00fcyor. Her ne kadar k\u00fc\u00e7\u00fck \u00e7at\u0131 kurulumlar\u0131 i\u00e7in ilk ba\u015fvuru s\u00fcrecinde proses sadele\u015fmi\u015f olsa da, bu pazar\u0131 ger\u00e7ekten i\u015flevsel hale getirebilmek i\u00e7in sadece \u00e7a\u011fr\u0131 mektubu al\u0131nmas\u0131na kadar olan s\u00fcre\u00e7 de\u011fil proje onay k\u0131sm\u0131nda ve sonras\u0131nda ge\u00e7ici kabul s\u00fcrecinde de sadele\u015ftirmeye gidilmesi gerekti\u011fi a\u015fikar. Onay ve kabul s\u00fcrecindeki maliyetleri de d\u00fc\u015f\u00fcrmek laz\u0131m yoksa \u00e7at\u0131 pazar\u0131nda d\u00fc\u015f\u00fcnd\u00fc\u011f\u00fcm\u00fcz ve olmas\u0131n\u0131 istedi\u011fimiz b\u00fcy\u00fckl\u00fck yakalanamayabilir.<\/p>\n<p><strong>Sekt\u00f6r\u00fcn geli\u015fimi a\u00e7\u0131s\u0131ndan yeni y\u00f6netmelikleri nas\u0131l de\u011ferlendiriyorsunuz?<\/strong><\/p>\n<p>Muhakkak ki ilgili y\u00f6netmeli\u011fi haz\u0131rlayanlar, sekt\u00f6r\u00fc daha yukar\u0131 ta\u015f\u0131mak ad\u0131na iyi niyetle ellerinden geleni yapmaktad\u0131rlar. Ancak, gri noktalar oldu\u011funu da s\u00f6ylemek gerekir. \u00d6ncelikle \u015funu iyi anlamak laz\u0131m ki fotovoltaik sekt\u00f6r\u00fc global bir sekt\u00f6r. \u00dclkemizde uygulanan te\u015fvikin birimi de bunu g\u00f6steriyor zaten. T\u00fcrkiye\u2019de sekt\u00f6r yap\u0131land\u0131r\u0131l\u0131rken daha \u00f6nce bu konuda belli olgunlu\u011fa ula\u015fm\u0131\u015f \u00fclkelerdeki yap\u0131 daha iyi incelenebilir ve daha iyi \u00e7\u0131kar\u0131mlar yap\u0131labilirdi.<\/p>\n<p><strong>Bu noktada siyasi politikalar\u0131 nas\u0131l de\u011ferlendiriyorsunuz? Karar s\u00fcreci d\u0131\u015fa ba\u011f\u0131ml\u0131l\u0131k kaynakl\u0131 belli anla\u015fmalar sebebiyle gecikiyor olabilir mi?<\/strong><\/p>\n<p>Tam olarak \u00f6yle oldu\u011funu d\u00fc\u015f\u00fcnm\u00fcyorum. \u00c7\u00fcnk\u00fc enerjide \u00e7e\u015fitlilik var. Yenilenebilir enerji santrallerinin yan\u0131 s\u0131ra \u00f6rne\u011fin termal santraller, do\u011falgaz \u00e7evrim santralleri de var ve sadece elektrik i\u00e7in de\u011fil ama ciddi seviyede do\u011falgaz ithal eden bir \u00fclkeyiz. Ancak d\u0131\u015fa ba\u011f\u0131ml\u0131l\u0131\u011f\u0131 tamamen yenilenebilir enerjiyle kapatmak da m\u00fcmk\u00fcn de\u011fil. Enerji arz\u0131 ve g\u00fcvenli\u011fini de g\u00f6z \u00f6n\u00fcnde bulundurmak gerekiyor. Burada ba\u015fka bir nokta daha var ki o da enerjinin ekonomiye ciddi bir etkisi oldu\u011fu. Dolay\u0131s\u0131yla yenilenebilir kaynaklar ile enerji \u00fcretim oran\u0131n\u0131 y\u00fckseltmenin d\u0131\u015fa ba\u011f\u0131ml\u0131l\u0131\u011f\u0131 sonland\u0131rmada de\u011fil ama azaltmada ve ekonomiye etkisinde faydalar\u0131 var. Bu noktada da devletin g\u00fcndemine ald\u0131\u011f\u0131 ba\u015fka konular olu\u015fuyor, \u00f6rne\u011fin fotovoltaik sekt\u00f6r i\u00e7in konu\u015fursak enerji santralleri i\u00e7in bir te\u015fvik mekanizmas\u0131 var; ancak yat\u0131r\u0131m maliyetinde en b\u00fcy\u00fck orana sahip g\u00fcne\u015f panelleri \u00e7o\u011funlukla ithal ediliyordu. Bu konuda yerli \u00fcreticiyi desteklemek yerine ithal edilen \u00fcr\u00fcne \u00f6nlemler almak yolu se\u00e7ildi. Ama g\u00fcn\u00fcn sonunda fatura yat\u0131r\u0131mc\u0131ya kesilmi\u015f gibi oldu. \u00c7\u00fcnk\u00fc yat\u0131r\u0131m maliyeti y\u00fckseldi, \u00f6zellikle 2017\u2019de art\u0131 olarak daha \u00f6nce de\u011findi\u011fimiz da\u011f\u0131t\u0131m sistemi kullan\u0131m bedelinin artmas\u0131 durumu sebebiyle \u00fcr\u00fcn tedarikinde zorluklar ya\u015fand\u0131, bunun baz\u0131 kalemlerde maliyetlere de negatif y\u00f6nde fazladan yans\u0131malar\u0131 oldu. Bunun yan\u0131nda olumlu olaca\u011f\u0131na inand\u0131\u011f\u0131m geli\u015fmeler de oldu; fotovoltaik ve r\u00fczgarda YEKA ile tan\u0131\u015ft\u0131k. Hem yenilenebilir enerji kaynakl\u0131 \u00fcretim artacak hem de a\u00e7\u0131k eksiltme usul\u00fc ile yap\u0131lmas\u0131 ve fotovoltaik sekt\u00f6r\u00fc i\u00e7in 13.3 dolar cent yerine 6.9 dolar cent al\u0131m garantisi ile sonu\u00e7lanmas\u0131n\u0131n ekonomiye katk\u0131s\u0131 olacak. Devlet, ihalenin ekonomi ve enerjiye sa\u011flayaca\u011f\u0131 katk\u0131lar d\u0131\u015f\u0131nda, ihaleyi alan ortakl\u0131\u011f\u0131n T\u00fcrkiye\u2019de \u00fcretim yapacak olmas\u0131, Ar-Ge faaliyetlerinin olacak olmas\u0131 ve \u00e7al\u0131\u015fanlar\u0131n belli bir b\u00f6l\u00fcm\u00fc T\u00fcrk olmas\u0131 gibi \u015fartlar\u0131n teknoloji ve istihdama y\u00f6nelik sa\u011flayaca\u011f\u0131 avantajlar\u0131 \u00f6ng\u00f6r\u00fcyor.<\/p>\n<p><strong>Sekt\u00f6r okuyucular\u0131na vermek istedi\u011finiz bir mesaj var m\u0131?<\/strong><\/p>\n<p>\u015euan i\u00e7inde bulundu\u011fumuz durumda iyile\u015ftirmelere ihtiyac\u0131m\u0131z oldu\u011fu a\u015fikar olsa da bu sekt\u00f6r\u00fcn b\u00fcy\u00fcmeye devam edece\u011fini de g\u00f6rebiliyoruz. Yat\u0131r\u0131m yapman\u0131n kolay oldu\u011funu, risksiz oldu\u011funu s\u00f6ylemek m\u00fcmk\u00fcn de\u011fil ve ald\u0131\u011f\u0131n\u0131z riske g\u00f6re kazanc\u0131n\u0131z art\u0131yor ya da azalabiliyor. Ancak, fotovoltaik sekt\u00f6r\u00fcne yat\u0131r\u0131m yapmak riski d\u00fc\u015f\u00fck ve g\u00fcvenli bir yat\u0131r\u0131m&#8230;<\/p>\n<p><a href=\"http:\/\/solarexmagazine.com\/tag\/sunelenerji\/\">#sunelenerji<\/a>,\u00a0<a href=\"http:\/\/solarexmagazine.com\/tag\/gokhandilek\/\">#gokhandilek<\/a>,\u00a0<a href=\"http:\/\/solarexmagazine.com\/tag\/gunesenerjisi\/\">#gunesenerjisi<\/a>,\u00a0<a href=\"http:\/\/solarexmagazine.com\/tag\/guncel\/\">#guncel<\/a><\/p>","protected":false},"excerpt":{"rendered":"<p>Sorry, this entry is only available in Turkish. For the sake of viewer convenience, the content is shown below in the alternative language. You may click the link to switch the active language.Sunel 400\u2019\u00fc a\u015fk\u0131n operasyonel projenin getirdi\u011fi tecr\u00fcbeyle optimum \u00e7\u00f6z\u00fcm\u00fc sunarak yat\u0131r\u0131mc\u0131n\u0131n y\u00fcz\u00fcn\u00fc g\u00fcld\u00fcr\u00fcyor. Sunel sekt\u00f6rdeki uzun y\u0131llara dayanan m\u00fchendislik deneyimini b\u00fcy\u00fck \u00f6l\u00e7ekli projelerle [&hellip;]<\/p>\n","protected":false},"author":1,"featured_media":77437,"comment_status":"open","ping_status":"open","sticky":false,"template":"","format":"standard","meta":[],"categories":[53,49],"tags":[38791,38790,67,1009,2326,23416,2569,1876,23133,23131,38792],"views":1028,"_links":{"self":[{"href":"https:\/\/www.enerjigazetesi.ist\/en\/wp-json\/wp\/v2\/posts\/77435"}],"collection":[{"href":"https:\/\/www.enerjigazetesi.ist\/en\/wp-json\/wp\/v2\/posts"}],"about":[{"href":"https:\/\/www.enerjigazetesi.ist\/en\/wp-json\/wp\/v2\/types\/post"}],"author":[{"embeddable":true,"href":"https:\/\/www.enerjigazetesi.ist\/en\/wp-json\/wp\/v2\/users\/1"}],"replies":[{"embeddable":true,"href":"https:\/\/www.enerjigazetesi.ist\/en\/wp-json\/wp\/v2\/comments?post=77435"}],"version-history":[{"count":1,"href":"https:\/\/www.enerjigazetesi.ist\/en\/wp-json\/wp\/v2\/posts\/77435\/revisions"}],"predecessor-version":[{"id":77438,"href":"https:\/\/www.enerjigazetesi.ist\/en\/wp-json\/wp\/v2\/posts\/77435\/revisions\/77438"}],"wp:featuredmedia":[{"embeddable":true,"href":"https:\/\/www.enerjigazetesi.ist\/en\/wp-json\/wp\/v2\/media\/77437"}],"wp:attachment":[{"href":"https:\/\/www.enerjigazetesi.ist\/en\/wp-json\/wp\/v2\/media?parent=77435"}],"wp:term":[{"taxonomy":"category","embeddable":true,"href":"https:\/\/www.enerjigazetesi.ist\/en\/wp-json\/wp\/v2\/categories?post=77435"},{"taxonomy":"post_tag","embeddable":true,"href":"https:\/\/www.enerjigazetesi.ist\/en\/wp-json\/wp\/v2\/tags?post=77435"}],"curies":[{"name":"wp","href":"https:\/\/api.w.org\/{rel}","templated":true}]}}