{"id":77429,"date":"2018-08-12T14:53:01","date_gmt":"2018-08-12T11:53:01","guid":{"rendered":"https:\/\/www.enerjigazetesi.ist\/?p=77429"},"modified":"2018-08-12T14:53:01","modified_gmt":"2018-08-12T11:53:01","slug":"gunes-sektoru-2019-yilinda-yine-ve-sadece-solarex-istanbulda-bulusuyor","status":"publish","type":"post","link":"https:\/\/www.enerjigazetesi.ist\/en\/gunes-sektoru-2019-yilinda-yine-ve-sadece-solarex-istanbulda-bulusuyor\/","title":{"rendered":"(Turkish) G\u00fcne\u015f Sekt\u00f6r\u00fc 2019 Y\u0131l\u0131nda Yine ve Sadece Solarex \u0130stanbul\u2019da Bulu\u015fuyor!"},"content":{"rendered":"<p class=\"qtranxs-available-languages-message qtranxs-available-languages-message-en\">Sorry, this entry is only available in <a href=\"https:\/\/www.enerjigazetesi.ist\/tr\/wp-json\/wp\/v2\/posts\/77429\" class=\"qtranxs-available-language-link qtranxs-available-language-link-tr\" title=\"Turkish\">Turkish<\/a>. For the sake of viewer convenience, the content is shown below in the alternative language. You may click the link to switch the active language.<\/p><p><strong>12. Uluslararas\u0131 G\u00fcne\u015f Enerjisi ve Teknolojileri Fuar\u0131 \u201cSolarex \u0130stanbul\u201d,\u00a0 Her \u015fey \u0130\u00e7in\u00a0G\u00fcne\u015f,\u00a0G\u00fcne\u015f\u00a0\u0130\u00e7in\u00a0Her \u015fey\u201d\u00a0slogan\u0131yla, d\u00fcnya devlerini a\u011f\u0131rlamaya haz\u0131rlan\u0131yor. 04 \u2013 06 Nisan 2019 tarihleri aras\u0131nda, \u0130stanbul Fuar Merkezi\u2019nde ger\u00e7ekle\u015ftirilecek olan fuara, \u00e7ok say\u0131da profesyonel ziyaret\u00e7inin yan\u0131 s\u0131ra, d\u00fcnya genelinden kat\u0131lacak al\u0131m heyetleri i\u015ftirak edecek. Haz\u0131rl\u0131klar\u0131 son h\u0131zla devam eden, 12. Solarex \u0130stanbul\u2019a i\u015ftirak edecek firmalar\u0131n, bir an \u00f6nce yerlerini ay\u0131rtmalar\u0131 gerekiyor. Fuar, d\u00fcnyada ve T\u00fcrkiye\u2019de g\u00fcne\u015f enerjisi \u00fcretimine ili\u015fkin \u00e7e\u015fitli konular\u0131n tart\u0131\u015f\u0131laca\u011f\u0131 arenaya ev sahipli\u011fi yapacak.<\/strong><\/p>\n<p class=\"p1\">Voli Fuar taraf\u0131ndan ger\u00e7ekle\u015fecek olan fuar\u0131n amac\u0131, gu\u0308ne\u015f enerjisi kaynaklar\u0131n\u0131n ve gu\u0308ne\u015f enerjisi piyasalar\u0131n\u0131n tu\u0308m boyutlar\u0131 ile de\u011ferlendirilmesi ve en son geli\u015fmeler ile uygulamalar\u0131n\u0131n pek \u00e7ok a\u00e7\u0131dan tart\u0131\u015f\u0131l\u0131p ele al\u0131nabilece\u011fi, yeni u\u0308ru\u0308nlerin profesyonel ziyaret\u00e7isine sergilenece\u011fi bir ortam olu\u015fturmak. <img loading=\"lazy\" class=\"alignright size-medium wp-image-77430\" src=\"https:\/\/www.enerjigazetesi.ist\/wp-content\/uploads\/2018\/08\/gunes-sektoru-2019-yilinda-yine-ve-sadece-solarex-istanbulda-bulusuyor1-300x160.jpg\" alt=\"\" width=\"300\" height=\"160\" srcset=\"https:\/\/www.enerjigazetesi.ist\/wp-content\/uploads\/2018\/08\/gunes-sektoru-2019-yilinda-yine-ve-sadece-solarex-istanbulda-bulusuyor1-300x160.jpg 300w, https:\/\/www.enerjigazetesi.ist\/wp-content\/uploads\/2018\/08\/gunes-sektoru-2019-yilinda-yine-ve-sadece-solarex-istanbulda-bulusuyor1-500x266.jpg 500w, https:\/\/www.enerjigazetesi.ist\/wp-content\/uploads\/2018\/08\/gunes-sektoru-2019-yilinda-yine-ve-sadece-solarex-istanbulda-bulusuyor1-80x43.jpg 80w, https:\/\/www.enerjigazetesi.ist\/wp-content\/uploads\/2018\/08\/gunes-sektoru-2019-yilinda-yine-ve-sadece-solarex-istanbulda-bulusuyor1.jpg 620w\" sizes=\"(max-width: 300px) 100vw, 300px\" \/>Tu\u0308rkiye ba\u015fta olmak u\u0308zere \u0130ngiltere, Almanya, \u0130talya, Avusturya gibi Avrupa u\u0308lkeleri ile Rusya, Tu\u0308rki Cumhuriyetler, Orta Do\u011fu, Uzak Do\u011fu ve Kuzey Afrika u\u0308lkelerinden ziyaret\u00e7ilerin geldi\u011fi Solarex \u0130stanbul\u2019u bu y\u0131l da du\u0308nya genelinden \u00e7ok say\u0131da profesyonelin ziyaret etmesi bekleniyor. Solarex 2019\u2019a bu\u0308yu\u0308k medya deste\u011fi! Sekt\u00f6ru\u0308n \u00f6nemli portal, medya, fuar ve dernekleri ile medya i\u015f birli\u011fi yap\u0131ld\u0131. Bunlardan baz\u0131lar\u0131, Solar Novus Today, ENF Solar, Guangzhou Int\u2019l Solar PV Exhibition, Inter Solar Avrupa, Inter Solar Kuzey Amerika ve PV Magazine say\u0131labilir. Bunlar\u0131n d\u0131\u015f\u0131nda, du\u0308nya genelinde sekt\u00f6ru\u0308n \u00f6nemli fuarlar\u0131na da Solarex olarak kat\u0131l\u0131m sa\u011flanmaktad\u0131r.<\/p>\n<p class=\"p1\">Gu\u0308ne\u015f enerjisi du\u0308nyas\u0131n\u0131n en \u00f6nemli bulu\u015fmas\u0131na bu\u0308tu\u0308n sekt\u00f6ru\u0308 davet ediyoruz\u2026 Tu\u0308rkiye\u2019de yayg\u0131nl\u0131\u011f\u0131 artmaya devam eden gu\u0308ne\u015f enerjisi teknolojileri ilk spesifik fuar\u0131na Voli Fuar ile kavu\u015ftu. \u0130lk olarak 2008 y\u0131l\u0131n\u0131n Mart ay\u0131nda du\u0308zenlenen fuar, Tu\u0308rkiye\u2019nin gu\u0308ne\u015f enerjisi sistemlerinin geldi\u011fi son noktay\u0131 g\u00f6zler \u00f6nu\u0308ne seren, bilgi ak\u0131\u015f\u0131n\u0131 sa\u011flayan ilk ve tek etkinlik\u2026 Enerji sekt\u00f6ru\u0308ne yepyeni a\u00e7\u0131l\u0131mlar sunmay\u0131 hedefleyen Gu\u0308ne\u015f Enerjisi Fuar\u0131, organizasyonlar\u0131yla sekt\u00f6ru\u0308 canland\u0131rmak ve Tu\u0308rkiye\u2019nin zengin gu\u0308ne\u015f enerjisinden faydalanmak u\u0308zere sekt\u00f6ru\u0308n liderlerini \u0130stanbul\u2019da bulu\u015fturuyor. \u00d6zellikle yaz aylar\u0131nda hem gu\u0308ne\u015f enerjisinin, hem de so\u011futma ihtiyac\u0131n\u0131n en yu\u0308ksek oldu\u011fu d\u00f6nemde, yenilenebilir enerji, gu\u0308nu\u0308mu\u0308zu\u0308n konusu olarak global krizden etkilenmeden yol alan sekt\u00f6rdu\u0308r. Her y\u00f6nu\u0308yle yeni yat\u0131r\u0131mlara haz\u0131r olan Tu\u0308rkiye, yeni enerji projeleri ile \u00e7ok h\u0131zl\u0131 yol al\u0131yor ve sekt\u00f6ru\u0308n \u00f6nemi her ge\u00e7en gu\u0308n artmaya devam ediyor. Tu\u0308rkiye\u2019de h\u0131zla geli\u015fen bir kat\u0131l\u0131mc\u0131 kitlesine do\u011fru giden Gu\u0308ne\u015f Enerjisi ve Teknolojileri Fuar\u0131 \u201cSolarex \u0130stanbul\u201d, her ge\u00e7en gu\u0308n bu\u0308yu\u0308yen bir organizasyon olup bundan sonraki su\u0308re\u00e7te de gerek yurt i\u00e7i gerekse yurt d\u0131\u015f\u0131 firmalar\u0131n\u00a0yo\u011fun ilgisi ve kat\u0131l\u0131m\u0131yla yoluna devam ediyor. Avrupa\u2019daki ve du\u0308nyadaki geli\u015fmeleri yak\u0131ndan takip ettiklerini s\u00f6yleyen Gu\u0308ne\u015f Enerjisi ve Teknolojileri Fuar\u0131 kat\u0131l\u0131mc\u0131s\u0131 pek \u00e7ok firma, fuar sayesinde bir araya geldiklerini, \u201cSolarex \u0130stanbul\u201d\u2019da yeni yat\u0131r\u0131mlar konusunda ikili g\u00f6ru\u0308\u015fmeler yapabildiklerini ve bu g\u00f6ru\u0308\u015fmeler sonras\u0131nda da gelecek y\u0131llarda sekt\u00f6r i\u00e7in olumlu bir tak\u0131m geli\u015fmeler ya\u015fanaca\u011f\u0131n\u0131 belirtiyorlar.<\/p>\n<p class=\"p1\"><em>12th International Solar Energy and Technologies Fair \u201cSolarex Istanbul\u201d is getting ready to host the world giants with the slogan of \u201cSun For All, All For Sun\u201d.\u00a0<span class=\"s1\">A\u00a0<\/span>large number of professional visitors, as well as the participation delegations coming from around the world will participate in the fair to be held at the Istanbul Expo Center between the dates of 04th and 06th April 2019.\u00a0The companies that will participate in 12th Solarex Istanbul Fair, the preparations of which continue at full speed, have to book their places as soon as possible. The Fair will host the arena, in which various matters related to solar energy production in Turkey and in the world will be discussed. The purpose of the fair to be executed by the Voli Fuar is to evaluate the solar energy resources and solar energy markets with their all dimensions, to create an environment in which the latest developments and applications can be discussed and talked over in a lot of ways, and new products will be exhibited by the professional visitors. Solarex Istanbul, to which visitors come from particularly Turkey, and European countries such as England (UK), Germany, Italy, Austria, as well as Russia, Turkic Republics, the Middle East, the Far East and North African countries, is expected to be visited by a large number of proffesionals from worldwide also this year. Great media support for Solarex 2019! Media collaborations were made with important portal, media, fairs and associations of the sector. Solar Novus Today, ENF Solar, Guangzhou Int\u2019l Solar PV Exhibition, Inter Solar Europe, Inter Solar North America and PV Magazine can be counted as some of them. Apart from these, participations are also made in important fairs of the sector all over the world as Solarex.<\/em><\/p>\n<p class=\"p2\"><em>We invite the entire sector to the most important meeting of the solar energy world\u2026 Solar energy Technologies, the prevalence of which continues to increase in Turkey, has its first specific fair with the Voli Fuar. The fair, which was held in March of 2008 the first time, held in First trade fair\u00a0held, is the first and only event that reveals the the last point that the solar energy systems of Turkey has come and allows the flow of information,\u2026 Solar Energy Fair, which targets to offer the quite new expansions to Energy sector, brings together the leaders of the sector in Istanbul to revive the sector with its organizations and to take advantage of rich solar energy sector of Turkey. Especially in the summer months, in the period, when both solar energy and the need for cooling are at the highest level, the renewable energy is the sector that moves forward without being affected by the global crisis, the issue of today. Turkey, which is ready for new investments in every aspect, moves forward too fast with new energy projects, and continues to increase the importance of the sector each passing day. Solar Energy and Technologies Fair \u201cSolarex Istanbul\u201d going toward a fast growing audience mass in Turkey,\u00a0is an organization growing each passing day and it proceeds its own way also in the next period with intense interest and participation of both domestic and foreign companies. Many companies, which are the participants of Solar Energy and Technologies Fair, stated that they are closely following up the developments in Europe and\u00a0in the world, said that they came together thanks to this\u00a0fair and that they could make bilateral negotiations in \u201cSolarex Istanbul\u201d on new investments and a number\u00a0of positive developments will occur related to the sector\u00a0for the forthcoming years after these negotiations.<\/em><\/p>\n<p><a href=\"http:\/\/solarexmagazine.com\/tag\/solarex\/\">#Solarex<\/a>\u00a0<a href=\"http:\/\/solarexmagazine.com\/tag\/magazine\/\">#Magazine<\/a>\u00a0<a href=\"http:\/\/solarexmagazine.com\/tag\/solar\/\">#Solar<\/a>\u00a0<a href=\"http:\/\/solarexmagazine.com\/tag\/fair\/\">#fair<\/a>\u00a0<a href=\"http:\/\/solarexmagazine.com\/tag\/energy\/\">#energy<\/a>\u00a0<a href=\"http:\/\/solarexmagazine.com\/tag\/ifm\/\">#\u0130FM<\/a>\u00a0<a href=\"http:\/\/solarexmagazine.com\/tag\/sunforall\/\">#sunforall<\/a>\u00a0<a href=\"http:\/\/solarexmagazine.com\/tag\/allforsun\/\">#allforsun<\/a><\/p>\n<p>&nbsp;<\/p>","protected":false},"excerpt":{"rendered":"<p>Sorry, this entry is only available in Turkish. For the sake of viewer convenience, the content is shown below in the alternative language. You may click the link to switch the active language.12. Uluslararas\u0131 G\u00fcne\u015f Enerjisi ve Teknolojileri Fuar\u0131 \u201cSolarex \u0130stanbul\u201d,\u00a0 Her \u015fey \u0130\u00e7in\u00a0G\u00fcne\u015f,\u00a0G\u00fcne\u015f\u00a0\u0130\u00e7in\u00a0Her \u015fey\u201d\u00a0slogan\u0131yla, d\u00fcnya devlerini a\u011f\u0131rlamaya haz\u0131rlan\u0131yor. 04 \u2013 06 Nisan 2019 tarihleri [&hellip;]<\/p>\n","protected":false},"author":1,"featured_media":77430,"comment_status":"open","ping_status":"open","sticky":false,"template":"","format":"standard","meta":[],"categories":[53,49],"tags":[67,1009,38789,2326,9921,23416,2569,1876,23133,23131,38788,38787,14189],"views":1078,"_links":{"self":[{"href":"https:\/\/www.enerjigazetesi.ist\/en\/wp-json\/wp\/v2\/posts\/77429"}],"collection":[{"href":"https:\/\/www.enerjigazetesi.ist\/en\/wp-json\/wp\/v2\/posts"}],"about":[{"href":"https:\/\/www.enerjigazetesi.ist\/en\/wp-json\/wp\/v2\/types\/post"}],"author":[{"embeddable":true,"href":"https:\/\/www.enerjigazetesi.ist\/en\/wp-json\/wp\/v2\/users\/1"}],"replies":[{"embeddable":true,"href":"https:\/\/www.enerjigazetesi.ist\/en\/wp-json\/wp\/v2\/comments?post=77429"}],"version-history":[{"count":1,"href":"https:\/\/www.enerjigazetesi.ist\/en\/wp-json\/wp\/v2\/posts\/77429\/revisions"}],"predecessor-version":[{"id":77431,"href":"https:\/\/www.enerjigazetesi.ist\/en\/wp-json\/wp\/v2\/posts\/77429\/revisions\/77431"}],"wp:featuredmedia":[{"embeddable":true,"href":"https:\/\/www.enerjigazetesi.ist\/en\/wp-json\/wp\/v2\/media\/77430"}],"wp:attachment":[{"href":"https:\/\/www.enerjigazetesi.ist\/en\/wp-json\/wp\/v2\/media?parent=77429"}],"wp:term":[{"taxonomy":"category","embeddable":true,"href":"https:\/\/www.enerjigazetesi.ist\/en\/wp-json\/wp\/v2\/categories?post=77429"},{"taxonomy":"post_tag","embeddable":true,"href":"https:\/\/www.enerjigazetesi.ist\/en\/wp-json\/wp\/v2\/tags?post=77429"}],"curies":[{"name":"wp","href":"https:\/\/api.w.org\/{rel}","templated":true}]}}