{"id":77419,"date":"2018-08-11T22:24:37","date_gmt":"2018-08-11T19:24:37","guid":{"rendered":"https:\/\/www.enerjigazetesi.ist\/?p=77419"},"modified":"2018-08-11T22:27:10","modified_gmt":"2018-08-11T19:27:10","slug":"global-gunes-pazarinin-yukunu-5-buyukler-alacak","status":"publish","type":"post","link":"https:\/\/www.enerjigazetesi.ist\/en\/global-gunes-pazarinin-yukunu-5-buyukler-alacak\/","title":{"rendered":"(Turkish) Global G\u00fcne\u015f Pazar\u0131n\u0131n Y\u00fck\u00fcn\u00fc &#8216;5 B\u00fcy\u00fckler&#8217; Alacak"},"content":{"rendered":"<p class=\"qtranxs-available-languages-message qtranxs-available-languages-message-en\">Sorry, this entry is only available in <a href=\"https:\/\/www.enerjigazetesi.ist\/tr\/wp-json\/wp\/v2\/posts\/77419\" class=\"qtranxs-available-language-link qtranxs-available-language-link-tr\" title=\"Turkish\">Turkish<\/a>. For the sake of viewer convenience, the content is shown below in the alternative language. You may click the link to switch the active language.<\/p><p><strong>Yay\u0131mlanan K\u00fcresel G\u00fcne\u015f Enerjisi Pazar G\u00f6r\u00fcn\u00fcm\u00fc 2018 \u2013 2022 raporu verilerine g\u00f6re, ilk 20 k\u00fcresel g\u00fcne\u015f enerjisi pazar\u0131na y\u00f6nelik gelecek 5 y\u0131l zarf\u0131nda iyimser bir g\u00f6r\u00fcn\u00fcm yer almaktad\u0131r. Sekt\u00f6r\u00fcn b\u00fcyemesi ile birlikte bu d\u00f6nemde kurulacak kapasitenin b\u00fcy\u00fck \u00e7o\u011funlu\u011fu ise birka\u00e7 \u00fclke taraf\u0131ndan sa\u011flanacak.<img loading=\"lazy\" class=\"alignright size-medium wp-image-77420\" src=\"https:\/\/www.enerjigazetesi.ist\/wp-content\/uploads\/2018\/08\/fotovoltaik-pazarinda-neler-oluyor-300x200.jpg\" alt=\"\" width=\"300\" height=\"200\" srcset=\"https:\/\/www.enerjigazetesi.ist\/wp-content\/uploads\/2018\/08\/fotovoltaik-pazarinda-neler-oluyor-300x200.jpg 300w, https:\/\/www.enerjigazetesi.ist\/wp-content\/uploads\/2018\/08\/fotovoltaik-pazarinda-neler-oluyor-500x333.jpg 500w, https:\/\/www.enerjigazetesi.ist\/wp-content\/uploads\/2018\/08\/fotovoltaik-pazarinda-neler-oluyor-75x50.jpg 75w, https:\/\/www.enerjigazetesi.ist\/wp-content\/uploads\/2018\/08\/fotovoltaik-pazarinda-neler-oluyor.jpg 600w\" sizes=\"(max-width: 300px) 100vw, 300px\" \/><\/strong><\/p>\n<p>\u00c7in ve Hindistan\u2019\u0131n gelecek 5 y\u0131lda 100\u2019er gw&#8217;tan fazla kurulum ger\u00e7ekle\u015ftirmesi beklenirken ba\u015f\u0131n\u0131 \u00c7in ve Hindistan\u2019\u0131n yer ald\u0131\u011f\u0131 ilk 8\u2019de bulunan ABD, Japonya, \u0130spanya, Almanya, Avustralya ve Meksika\u2019n\u0131n da en az 20\u2019\u015fer gw&#8217;l\u0131k kurulum yapmas\u0131 \u00f6ng\u00f6r\u00fclmektedir.<\/p>\n<p>\u0130yi seneryoya g\u00f6re ise ilk 5 pazar 2022&#8217;ye kadar kurulu kapasiteye 532,9 gw, d\u00fc\u015f\u00fck senaryoda ise 267,8 gw eklemi\u015f olacakt\u0131r. Bununla birlikte ilk 20\u2019nin y\u00fcksek senaryosunda 2022 y\u0131l\u0131na kadar 729,2 gigavat, d\u00fc\u015f\u00fck senaryoda ise 350,6 gw kurulmas\u0131 \u00f6ng\u00f6r\u00fclmektedir.<\/p>","protected":false},"excerpt":{"rendered":"<p>Sorry, this entry is only available in Turkish. For the sake of viewer convenience, the content is shown below in the alternative language. You may click the link to switch the active language.Yay\u0131mlanan K\u00fcresel G\u00fcne\u015f Enerjisi Pazar G\u00f6r\u00fcn\u00fcm\u00fc 2018 \u2013 2022 raporu verilerine g\u00f6re, ilk 20 k\u00fcresel g\u00fcne\u015f enerjisi pazar\u0131na y\u00f6nelik gelecek 5 y\u0131l zarf\u0131nda [&hellip;]<\/p>\n","protected":false},"author":1,"featured_media":77420,"comment_status":"open","ping_status":"open","sticky":false,"template":"","format":"standard","meta":[],"categories":[51,53,49],"tags":[67,1009,502,23416,1876,23131,37538,38779,275],"views":726,"_links":{"self":[{"href":"https:\/\/www.enerjigazetesi.ist\/en\/wp-json\/wp\/v2\/posts\/77419"}],"collection":[{"href":"https:\/\/www.enerjigazetesi.ist\/en\/wp-json\/wp\/v2\/posts"}],"about":[{"href":"https:\/\/www.enerjigazetesi.ist\/en\/wp-json\/wp\/v2\/types\/post"}],"author":[{"embeddable":true,"href":"https:\/\/www.enerjigazetesi.ist\/en\/wp-json\/wp\/v2\/users\/1"}],"replies":[{"embeddable":true,"href":"https:\/\/www.enerjigazetesi.ist\/en\/wp-json\/wp\/v2\/comments?post=77419"}],"version-history":[{"count":4,"href":"https:\/\/www.enerjigazetesi.ist\/en\/wp-json\/wp\/v2\/posts\/77419\/revisions"}],"predecessor-version":[{"id":77424,"href":"https:\/\/www.enerjigazetesi.ist\/en\/wp-json\/wp\/v2\/posts\/77419\/revisions\/77424"}],"wp:featuredmedia":[{"embeddable":true,"href":"https:\/\/www.enerjigazetesi.ist\/en\/wp-json\/wp\/v2\/media\/77420"}],"wp:attachment":[{"href":"https:\/\/www.enerjigazetesi.ist\/en\/wp-json\/wp\/v2\/media?parent=77419"}],"wp:term":[{"taxonomy":"category","embeddable":true,"href":"https:\/\/www.enerjigazetesi.ist\/en\/wp-json\/wp\/v2\/categories?post=77419"},{"taxonomy":"post_tag","embeddable":true,"href":"https:\/\/www.enerjigazetesi.ist\/en\/wp-json\/wp\/v2\/tags?post=77419"}],"curies":[{"name":"wp","href":"https:\/\/api.w.org\/{rel}","templated":true}]}}