{"id":77416,"date":"2018-08-11T22:13:05","date_gmt":"2018-08-11T19:13:05","guid":{"rendered":"https:\/\/www.enerjigazetesi.ist\/?p=77416"},"modified":"2018-08-11T22:13:40","modified_gmt":"2018-08-11T19:13:40","slug":"muglanin-otogari-enerjisini-gunesten-alacak","status":"publish","type":"post","link":"https:\/\/www.enerjigazetesi.ist\/en\/muglanin-otogari-enerjisini-gunesten-alacak\/","title":{"rendered":"(Turkish) Mu\u011fla\u2019n\u0131n Otogar\u0131 Enerjisini G\u00fcne\u015ften Alacak!"},"content":{"rendered":"<p class=\"qtranxs-available-languages-message qtranxs-available-languages-message-en\">Sorry, this entry is only available in <a href=\"https:\/\/www.enerjigazetesi.ist\/tr\/wp-json\/wp\/v2\/posts\/77416\" class=\"qtranxs-available-language-link qtranxs-available-language-link-tr\" title=\"Turkish\">Turkish<\/a>. For the sake of viewer convenience, the content is shown below in the alternative language. You may click the link to switch the active language.<\/p><p><strong>Mu\u011fla B\u00fcy\u00fck\u015fehir Belediyesi taraf\u0131ndan Mente\u015fe il\u00e7esinde yap\u0131m\u0131na sona yakla\u015f\u0131lan \u015fehirleraras\u0131 otogar\u0131n \u00e7at\u0131s\u0131na kurulu g\u00fcc\u00fc 281.6 kWhp olan yerli g\u00fcne\u015f enerjisi panelleri yerle\u015ftirildi. B\u00f6ylece otogar\u0131n enerji ihtiyac\u0131n\u0131n y\u00fczde 80\u2019i buradan sa\u011flanm\u0131\u015f olunacak.<\/strong><\/p>\n<p>Mente\u015fe Otogar\u0131 \u00e7at\u0131s\u0131nda uygulanan g\u00fcne\u015f enerjisi santralinin T\u00fcrkiye\u2019de ilk olma \u00f6zelli\u011fine sahip oldu\u011fu belirtilirken \u00fcretilen enerjinin yakla\u015f\u0131k 320 hanenin y\u0131ll\u0131k elektrik t\u00fcketimine denk geldi\u011fi de <img loading=\"lazy\" class=\"alignleft size-medium wp-image-77417\" src=\"https:\/\/www.enerjigazetesi.ist\/wp-content\/uploads\/2018\/08\/muglanin-otogari-enerjisini-gunesten-alacak-300x130.jpg\" alt=\"\" width=\"300\" height=\"130\" srcset=\"https:\/\/www.enerjigazetesi.ist\/wp-content\/uploads\/2018\/08\/muglanin-otogari-enerjisini-gunesten-alacak-300x130.jpg 300w, https:\/\/www.enerjigazetesi.ist\/wp-content\/uploads\/2018\/08\/muglanin-otogari-enerjisini-gunesten-alacak-500x216.jpg 500w, https:\/\/www.enerjigazetesi.ist\/wp-content\/uploads\/2018\/08\/muglanin-otogari-enerjisini-gunesten-alacak-80x35.jpg 80w, https:\/\/www.enerjigazetesi.ist\/wp-content\/uploads\/2018\/08\/muglanin-otogari-enerjisini-gunesten-alacak.jpg 696w\" sizes=\"(max-width: 300px) 100vw, 300px\" \/>ifade edildi. T\u00fcrkiye&#8217;deki yerli \u00fcretimi yap\u0131lan panellerin kullan\u0131larak \u00fclkemizin geli\u015fen g\u00fcne\u015f enerjisi panel \u00fcretim teknolojileri de desteklenmi\u015ftir. Yerli \u00fcretim olan g\u00fcne\u015f panellerinin g\u00fcc\u00fc 160W olup 1.760 adet g\u00fcne\u015f paneli \u00e7at\u0131da yer almaktad\u0131r. Toplam kurulu g\u00fcc\u00fc 281.6 kWhp olan santral 96 metre boy 40 metre en \u00f6l\u00e7\u00fcs\u00fcne sahip olarak 3840 metrekare \u00e7at\u0131 alan\u0131na yerle\u015ftirilmi\u015ftir.<\/p>\n<p>B\u00fcy\u00fck\u015fehir Belediye Ba\u015fkan\u0131 Osman G\u00fcr\u00fcn ise yapt\u0131\u011f\u0131 a\u00e7\u0131klamada &#8220;Kentimiz g\u00fcne\u015flenme s\u00fcresi dikkate al\u0131nd\u0131\u011f\u0131nda otogar\u0131m\u0131z\u0131n \u00e7at\u0131s\u0131 tamamen g\u00fcne\u015f panelleri ile d\u00f6\u015fendi. Otogar\u0131m\u0131z elektrik t\u00fcketiminin y\u00fczde 80\u2019ini \u00e7at\u0131s\u0131ndan sa\u011flad\u0131\u011f\u0131 enerjiden kar\u015f\u0131layacakt\u0131r. Otogarlar\u0131 \u015fehir d\u0131\u015f\u0131na \u00e7\u0131kararak \u015fehir i\u00e7i trafi\u011fi ve ula\u015f\u0131m\u0131 rahatlatmay\u0131 da ama\u00e7lamaktay\u0131z.&#8221; dedi.<\/p>","protected":false},"excerpt":{"rendered":"<p>Sorry, this entry is only available in Turkish. For the sake of viewer convenience, the content is shown below in the alternative language. You may click the link to switch the active language.Mu\u011fla B\u00fcy\u00fck\u015fehir Belediyesi taraf\u0131ndan Mente\u015fe il\u00e7esinde yap\u0131m\u0131na sona yakla\u015f\u0131lan \u015fehirleraras\u0131 otogar\u0131n \u00e7at\u0131s\u0131na kurulu g\u00fcc\u00fc 281.6 kWhp olan yerli g\u00fcne\u015f enerjisi panelleri yerle\u015ftirildi. B\u00f6ylece [&hellip;]<\/p>\n","protected":false},"author":1,"featured_media":77417,"comment_status":"open","ping_status":"open","sticky":false,"template":"","format":"standard","meta":[],"categories":[53,49],"tags":[37412,31079,67,1009,2326,23416,2569,1876,12474,23133,142,23131,38776,3089,38777,38778],"views":704,"_links":{"self":[{"href":"https:\/\/www.enerjigazetesi.ist\/en\/wp-json\/wp\/v2\/posts\/77416"}],"collection":[{"href":"https:\/\/www.enerjigazetesi.ist\/en\/wp-json\/wp\/v2\/posts"}],"about":[{"href":"https:\/\/www.enerjigazetesi.ist\/en\/wp-json\/wp\/v2\/types\/post"}],"author":[{"embeddable":true,"href":"https:\/\/www.enerjigazetesi.ist\/en\/wp-json\/wp\/v2\/users\/1"}],"replies":[{"embeddable":true,"href":"https:\/\/www.enerjigazetesi.ist\/en\/wp-json\/wp\/v2\/comments?post=77416"}],"version-history":[{"count":1,"href":"https:\/\/www.enerjigazetesi.ist\/en\/wp-json\/wp\/v2\/posts\/77416\/revisions"}],"predecessor-version":[{"id":77418,"href":"https:\/\/www.enerjigazetesi.ist\/en\/wp-json\/wp\/v2\/posts\/77416\/revisions\/77418"}],"wp:featuredmedia":[{"embeddable":true,"href":"https:\/\/www.enerjigazetesi.ist\/en\/wp-json\/wp\/v2\/media\/77417"}],"wp:attachment":[{"href":"https:\/\/www.enerjigazetesi.ist\/en\/wp-json\/wp\/v2\/media?parent=77416"}],"wp:term":[{"taxonomy":"category","embeddable":true,"href":"https:\/\/www.enerjigazetesi.ist\/en\/wp-json\/wp\/v2\/categories?post=77416"},{"taxonomy":"post_tag","embeddable":true,"href":"https:\/\/www.enerjigazetesi.ist\/en\/wp-json\/wp\/v2\/tags?post=77416"}],"curies":[{"name":"wp","href":"https:\/\/api.w.org\/{rel}","templated":true}]}}