{"id":77398,"date":"2018-08-11T16:52:49","date_gmt":"2018-08-11T13:52:49","guid":{"rendered":"https:\/\/www.enerjigazetesi.ist\/?p=77398"},"modified":"2018-08-11T16:52:49","modified_gmt":"2018-08-11T13:52:49","slug":"dar-gelirlinin-elektrik-zammindan-etkilenmemesi-icin-calismalara-baslandi","status":"publish","type":"post","link":"https:\/\/www.enerjigazetesi.ist\/en\/dar-gelirlinin-elektrik-zammindan-etkilenmemesi-icin-calismalara-baslandi\/","title":{"rendered":"(Turkish) Dar Gelirlinin Elektrik Zamm\u0131ndan Etkilenmemesi \u0130\u00e7in \u00c7al\u0131\u015fmalara Ba\u015fland\u0131"},"content":{"rendered":"<p class=\"qtranxs-available-languages-message qtranxs-available-languages-message-en\">Sorry, this entry is only available in <a href=\"https:\/\/www.enerjigazetesi.ist\/tr\/wp-json\/wp\/v2\/posts\/77398\" class=\"qtranxs-available-language-link qtranxs-available-language-link-tr\" title=\"Turkish\">Turkish<\/a>. For the sake of viewer convenience, the content is shown below in the alternative language. You may click the link to switch the active language.<\/p><p><strong>Enerji y\u00f6netimi taraf\u0131ndan dar gelirli vatanda\u015flar\u0131 korumaya y\u00f6nelik ayl\u0131k 150 kilovatsaata kadar elektrik t\u00fcketimi olan ki\u015filerin olas\u0131 zamlardan daha az etkilenece\u011fi bir model \u00fczerine \u00e7al\u0131\u015fmalar y\u00fcr\u00fct\u00fclmektedir.<\/strong><\/p>\n<p><span id=\"more-101409\"><\/span>D\u00f6viz kuru ve petrol fiyatlar\u0131 \u00e7\u0131karken do\u011falgazda ve elektrikte de maliyet bask\u0131s\u0131n\u0131 da artt\u0131rmaktad\u0131r. Enerji y\u00f6netimi ise olas\u0131 zamlardan dar gelirliyi korumaya y\u00f6nelik baz\u0131 modeller \u00fczerinde \u00e7al\u0131\u015fmalar <img loading=\"lazy\" class=\"alignleft size-medium wp-image-77399\" src=\"https:\/\/www.enerjigazetesi.ist\/wp-content\/uploads\/2018\/08\/dar-gelirlinin-elektrik-zammindan-etkilenmemesi-icin-calismalara-baslandi-300x169.jpg\" alt=\"\" width=\"300\" height=\"169\" srcset=\"https:\/\/www.enerjigazetesi.ist\/wp-content\/uploads\/2018\/08\/dar-gelirlinin-elektrik-zammindan-etkilenmemesi-icin-calismalara-baslandi-300x169.jpg 300w, https:\/\/www.enerjigazetesi.ist\/wp-content\/uploads\/2018\/08\/dar-gelirlinin-elektrik-zammindan-etkilenmemesi-icin-calismalara-baslandi-768x432.jpg 768w, https:\/\/www.enerjigazetesi.ist\/wp-content\/uploads\/2018\/08\/dar-gelirlinin-elektrik-zammindan-etkilenmemesi-icin-calismalara-baslandi-500x281.jpg 500w, https:\/\/www.enerjigazetesi.ist\/wp-content\/uploads\/2018\/08\/dar-gelirlinin-elektrik-zammindan-etkilenmemesi-icin-calismalara-baslandi-80x45.jpg 80w, https:\/\/www.enerjigazetesi.ist\/wp-content\/uploads\/2018\/08\/dar-gelirlinin-elektrik-zammindan-etkilenmemesi-icin-calismalara-baslandi.jpg 864w\" sizes=\"(max-width: 300px) 100vw, 300px\" \/>y\u00fcr\u00fctmektedir. Kulislerde, konutlarda elektrikte kademeli fiyatland\u0131rmaya ge\u00e7ilebilece\u011fi konu\u015fulurken ayl\u0131k 150 kilovatsaata kadar elektrik t\u00fcketimi olanlar olas\u0131 zamlardan daha az etkilenmi\u015f olacakt\u0131r. Bu miktar\u0131 a\u015fanlar, daha y\u00fcksek bir fiyattan elektrik t\u00fcketecektir. Bu yolla hem tasarruf sa\u011flanacak, hem dar gelirli korunmu\u015f olunacakt\u0131r.<\/p>\n<p>D\u00f6viz kurundaki ya\u015fanan art\u0131\u015fla ABD\u2019nin \u0130ran\u2019a y\u00f6nelik yapt\u0131r\u0131m karar\u0131, ticaret sava\u015flar\u0131, enerji fiyatlar\u0131n\u0131 do\u011frudan etkilemektedir. Do\u011falgaz ve petrolde net ithalat\u00e7\u0131 konumundaki T\u00fcrkiye, enerjide ciddi bir maliyet bask\u0131s\u0131 ya\u015famaktad\u0131r. Bu maliyetin bir b\u00f6l\u00fcm\u00fc, 1 A\u011fustos\u2019ta t\u00fcketiciye yans\u0131t\u0131l\u0131rken \u015fu s\u0131ralar olas\u0131 zamlardan dar gelirliyi korumak \u00fczere baz\u0131 modeller \u00fczerinde \u00e7al\u0131\u015f\u0131lmaktad\u0131r.<\/p>","protected":false},"excerpt":{"rendered":"<p>Sorry, this entry is only available in Turkish. For the sake of viewer convenience, the content is shown below in the alternative language. You may click the link to switch the active language.Enerji y\u00f6netimi taraf\u0131ndan dar gelirli vatanda\u015flar\u0131 korumaya y\u00f6nelik ayl\u0131k 150 kilovatsaata kadar elektrik t\u00fcketimi olan ki\u015filerin olas\u0131 zamlardan daha az etkilenece\u011fi bir model [&hellip;]<\/p>\n","protected":false},"author":1,"featured_media":77399,"comment_status":"open","ping_status":"open","sticky":false,"template":"","format":"standard","meta":[],"categories":[51,53],"tags":[68,34979,1229,343,19638,26353,130,657,63,67,1009],"views":753,"_links":{"self":[{"href":"https:\/\/www.enerjigazetesi.ist\/en\/wp-json\/wp\/v2\/posts\/77398"}],"collection":[{"href":"https:\/\/www.enerjigazetesi.ist\/en\/wp-json\/wp\/v2\/posts"}],"about":[{"href":"https:\/\/www.enerjigazetesi.ist\/en\/wp-json\/wp\/v2\/types\/post"}],"author":[{"embeddable":true,"href":"https:\/\/www.enerjigazetesi.ist\/en\/wp-json\/wp\/v2\/users\/1"}],"replies":[{"embeddable":true,"href":"https:\/\/www.enerjigazetesi.ist\/en\/wp-json\/wp\/v2\/comments?post=77398"}],"version-history":[{"count":1,"href":"https:\/\/www.enerjigazetesi.ist\/en\/wp-json\/wp\/v2\/posts\/77398\/revisions"}],"predecessor-version":[{"id":77400,"href":"https:\/\/www.enerjigazetesi.ist\/en\/wp-json\/wp\/v2\/posts\/77398\/revisions\/77400"}],"wp:featuredmedia":[{"embeddable":true,"href":"https:\/\/www.enerjigazetesi.ist\/en\/wp-json\/wp\/v2\/media\/77399"}],"wp:attachment":[{"href":"https:\/\/www.enerjigazetesi.ist\/en\/wp-json\/wp\/v2\/media?parent=77398"}],"wp:term":[{"taxonomy":"category","embeddable":true,"href":"https:\/\/www.enerjigazetesi.ist\/en\/wp-json\/wp\/v2\/categories?post=77398"},{"taxonomy":"post_tag","embeddable":true,"href":"https:\/\/www.enerjigazetesi.ist\/en\/wp-json\/wp\/v2\/tags?post=77398"}],"curies":[{"name":"wp","href":"https:\/\/api.w.org\/{rel}","templated":true}]}}