{"id":77392,"date":"2018-08-11T16:22:40","date_gmt":"2018-08-11T13:22:40","guid":{"rendered":"https:\/\/www.enerjigazetesi.ist\/?p=77392"},"modified":"2018-08-11T16:22:40","modified_gmt":"2018-08-11T13:22:40","slug":"elektrikli-araclar-ile-cevremiz-zararli-hale-donusmesin","status":"publish","type":"post","link":"https:\/\/www.enerjigazetesi.ist\/en\/elektrikli-araclar-ile-cevremiz-zararli-hale-donusmesin\/","title":{"rendered":"(Turkish) Elektrikli Ara\u00e7lar \u0130le \u00c7evremiz Zararl\u0131 Hale D\u00f6n\u00fc\u015fmesin!"},"content":{"rendered":"<p class=\"qtranxs-available-languages-message qtranxs-available-languages-message-en\">Sorry, this entry is only available in <a href=\"https:\/\/www.enerjigazetesi.ist\/tr\/wp-json\/wp\/v2\/posts\/77392\" class=\"qtranxs-available-language-link qtranxs-available-language-link-tr\" title=\"Turkish\">Turkish<\/a>. For the sake of viewer convenience, the content is shown below in the alternative language. You may click the link to switch the active language.<\/p><p><strong>Enerji Ekonomisi Derne\u011fi Ba\u015fkan\u0131 Prof. Dr. Kumbaro\u011flu\u2019nun ortaya koydu\u011fu \u00e7arp\u0131c\u0131 tablo ile elektrik \u00fcretiminden kaynakl\u0131 karbondioksit emisyonunun 741 g\/kWh \u00fcst\u00fcne \u00e7\u0131kmas\u0131 elektrikli ara\u00e7lar\u0131 \u00e7evreye zararl\u0131 bir hale d\u00f6n\u00fc\u015ft\u00fcrebilir.<\/strong><\/p>\n<p>T\u00fcrkiye Enerji Ekonomisi Derne\u011fi Ba\u015fkan\u0131 Prof. Dr. G\u00fcrkan Kumbaro\u011flu da \u00e7ok zaman g\u00f6zden ka\u00e7an bu <img loading=\"lazy\" class=\"alignleft size-medium wp-image-77393\" src=\"https:\/\/www.enerjigazetesi.ist\/wp-content\/uploads\/2018\/08\/elektrikli-araclar-ile-cevremiz-zararli-hale-donusmesin-300x225.jpg\" alt=\"\" width=\"300\" height=\"225\" srcset=\"https:\/\/www.enerjigazetesi.ist\/wp-content\/uploads\/2018\/08\/elektrikli-araclar-ile-cevremiz-zararli-hale-donusmesin-300x225.jpg 300w, https:\/\/www.enerjigazetesi.ist\/wp-content\/uploads\/2018\/08\/elektrikli-araclar-ile-cevremiz-zararli-hale-donusmesin.jpg 500w, https:\/\/www.enerjigazetesi.ist\/wp-content\/uploads\/2018\/08\/elektrikli-araclar-ile-cevremiz-zararli-hale-donusmesin-67x50.jpg 67w\" sizes=\"(max-width: 300px) 100vw, 300px\" \/>noktaya dikkat \u00e7ekerken e\u011fer enerji \u00fcretiminde k\u00f6m\u00fcr\u00fcn pay\u0131 y\u00fcksek olur ve giderek art\u0131\u015f g\u00f6sterirse, 2021 y\u0131l\u0131nda yollara \u00e7\u0131kmas\u0131 \u00f6ng\u00f6r\u00fclen \u2018yerli oto\u2019yu yol a\u00e7\u0131lan karbon emisyonu sal\u0131n\u0131m\u0131 bak\u0131m\u0131ndan bir \u2018dizel\u2019e d\u00f6n\u00fc\u015febilir.<\/p>\n<p>Prof. Dr. Kumbaro\u011flu, konuyla ilgili, \u201cElektrik \u00fcretimindeki karbon sal\u0131m\u0131 emisyonunun as\u0131l kayna\u011f\u0131 k\u00f6m\u00fcrd\u00fcr. T\u00fcrkiye\u2019de elektrik \u00fcretiminin bug\u00fcn yakla\u015f\u0131k \u00fc\u00e7te biri k\u00f6m\u00fcre dayal\u0131 ve bunun b\u00fcy\u00fck k\u0131sm\u0131 da ithal k\u00f6m\u00fcr olmaktad\u0131r. Gelecekte elektrik \u00fcretiminde k\u00f6m\u00fcr\u00fcn pay\u0131n\u0131n ve dolay\u0131s\u0131yla karbon yo\u011funlu\u011funun artmas\u0131 elektrikli ara\u00e7lar\u0131n \u00e7evreye olumlu etkisini azaltacakt\u0131r. Elektrik \u00fcretiminden kaynakl\u0131 karbon sal\u0131m\u0131 emisyonunun 741 g\/kWh \u00fcst\u00fcne \u00e7\u0131kmas\u0131, elektrikli ara\u00e7lar\u0131 \u00e7evreye yarardan \u00e7ok zararl\u0131 hale getirebilir\u201d ifadelerini kullan\u0131ld\u0131.<\/p>\n<p>T\u00fcrkiye&#8217;de halen elektrik \u00fcretiminin y\u00fczde 37,23\u2019\u00fc do\u011falgaz santrallerinden, y\u00fczde 18.73\u2019\u00fcn\u00fcn ithal k\u00f6m\u00fcr ve y\u00fczde 15.13\u2019\u00fcn\u00fcn yerli k\u00f6m\u00fcr santrallerinden kar\u015f\u0131lan\u0131yor. T\u00fcrkiye\u2019de 2017 rakamlar\u0131na g\u00f6re, 10\u2019u ithal k\u00f6m\u00fcre dayal\u0131 \u00fcretim yapan 26 k\u00f6m\u00fcr yak\u0131tl\u0131 termik santral var. \u0130zin s\u00fcre\u00e7leri ba\u015flat\u0131lm\u0131\u015f, 60 da yeni k\u00f6m\u00fcr yak\u0131tl\u0131 termik santral projesi yer almaktad\u0131r.<\/p>","protected":false},"excerpt":{"rendered":"<p>Sorry, this entry is only available in Turkish. For the sake of viewer convenience, the content is shown below in the alternative language. You may click the link to switch the active language.Enerji Ekonomisi Derne\u011fi Ba\u015fkan\u0131 Prof. Dr. Kumbaro\u011flu\u2019nun ortaya koydu\u011fu \u00e7arp\u0131c\u0131 tablo ile elektrik \u00fcretiminden kaynakl\u0131 karbondioksit emisyonunun 741 g\/kWh \u00fcst\u00fcne \u00e7\u0131kmas\u0131 elektrikli ara\u00e7lar\u0131 [&hellip;]<\/p>\n","protected":false},"author":1,"featured_media":77393,"comment_status":"open","ping_status":"open","sticky":false,"template":"","format":"standard","meta":[],"categories":[51,53,157],"tags":[38764,19,1311,1270,11854,33879,67,1009,1775,33580],"views":918,"_links":{"self":[{"href":"https:\/\/www.enerjigazetesi.ist\/en\/wp-json\/wp\/v2\/posts\/77392"}],"collection":[{"href":"https:\/\/www.enerjigazetesi.ist\/en\/wp-json\/wp\/v2\/posts"}],"about":[{"href":"https:\/\/www.enerjigazetesi.ist\/en\/wp-json\/wp\/v2\/types\/post"}],"author":[{"embeddable":true,"href":"https:\/\/www.enerjigazetesi.ist\/en\/wp-json\/wp\/v2\/users\/1"}],"replies":[{"embeddable":true,"href":"https:\/\/www.enerjigazetesi.ist\/en\/wp-json\/wp\/v2\/comments?post=77392"}],"version-history":[{"count":1,"href":"https:\/\/www.enerjigazetesi.ist\/en\/wp-json\/wp\/v2\/posts\/77392\/revisions"}],"predecessor-version":[{"id":77394,"href":"https:\/\/www.enerjigazetesi.ist\/en\/wp-json\/wp\/v2\/posts\/77392\/revisions\/77394"}],"wp:featuredmedia":[{"embeddable":true,"href":"https:\/\/www.enerjigazetesi.ist\/en\/wp-json\/wp\/v2\/media\/77393"}],"wp:attachment":[{"href":"https:\/\/www.enerjigazetesi.ist\/en\/wp-json\/wp\/v2\/media?parent=77392"}],"wp:term":[{"taxonomy":"category","embeddable":true,"href":"https:\/\/www.enerjigazetesi.ist\/en\/wp-json\/wp\/v2\/categories?post=77392"},{"taxonomy":"post_tag","embeddable":true,"href":"https:\/\/www.enerjigazetesi.ist\/en\/wp-json\/wp\/v2\/tags?post=77392"}],"curies":[{"name":"wp","href":"https:\/\/api.w.org\/{rel}","templated":true}]}}