{"id":7737,"date":"2013-03-05T10:12:38","date_gmt":"2013-03-05T07:12:38","guid":{"rendered":"https:\/\/www.enerjigazetesi.ist\/?p=7737"},"modified":"2013-03-05T10:18:29","modified_gmt":"2013-03-05T07:18:29","slug":"omvden-enerji-verimliligi-ve-enerjinin-etkin-kullanimi-semineri","status":"publish","type":"post","link":"https:\/\/www.enerjigazetesi.ist\/en\/omvden-enerji-verimliligi-ve-enerjinin-etkin-kullanimi-semineri\/","title":{"rendered":"(Turkish) OMV&#8217;den &#8216;Enerji Verimlili\u011fi ve Enerjinin Etkin Kullan\u0131m\u0131&#8217; Semineri"},"content":{"rendered":"<p class=\"qtranxs-available-languages-message qtranxs-available-languages-message-en\">Sorry, this entry is only available in <a href=\"https:\/\/www.enerjigazetesi.ist\/tr\/wp-json\/wp\/v2\/posts\/7737\" class=\"qtranxs-available-language-link qtranxs-available-language-link-tr\" title=\"Turkish\">Turkish<\/a>. For the sake of viewer convenience, the content is shown below in the alternative language. You may click the link to switch the active language.<\/p><p><\/p>\n<h2>OMV Strateji M\u00fcd\u00fcr\u00fc Christian Conrad, enerjinin insan ya\u015fam\u0131 a\u00e7\u0131s\u0131ndan &#8216;olmazsa olmaz&#8217; niteli\u011finde oldu\u011funu belirterek, \u00f6\u011frencilere, &#8220;Enerjiyi tasarruflu ve verimli kullanal\u0131m&#8221; diye uyard\u0131<\/h2>\n<div>\n<p>Samsun&#8217;un Terme \u0130l\u00e7esi&#8217;ne ba\u011fl\u0131 Kozluk Beldesi&#8217;nde kurulu bulunan OMV Elektrik, &#8216;sosyal sorumluluk&#8217; \u00e7al\u0131\u015fmalar\u0131 kapsam\u0131nda \u00f6\u011frencilere y\u00f6nelik &#8216;enerji, enerji tasarrufu, verimli kullan\u0131m&#8217; seminerleri d\u00fczenliyor. Seminerlerin sonuncusunda OMV Strateji M\u00fcd\u00fcr\u00fc Christian Conrad, enerjinin insan ya\u015fam\u0131 a\u00e7\u0131s\u0131ndan &#8216;olmazsa olmaz&#8217; niteli\u011finde oldu\u011funu belirterek, \u00f6\u011frencilere, &#8220;Enerjiyi tasarruflu ve verimli kullanal\u0131m&#8221; diye uyard\u0131.<\/p>\n<div><img loading=\"lazy\" class=\"alignright size-medium wp-image-7742\" title=\"100_3288rev_\" src=\"https:\/\/www.enerjigazetesi.ist\/wp-content\/uploads\/2013\/03\/100_3288rev_-300x197.jpg\" alt=\"\" width=\"300\" height=\"197\" srcset=\"https:\/\/www.enerjigazetesi.ist\/wp-content\/uploads\/2013\/03\/100_3288rev_-300x197.jpg 300w, https:\/\/www.enerjigazetesi.ist\/wp-content\/uploads\/2013\/03\/100_3288rev_-500x329.jpg 500w, https:\/\/www.enerjigazetesi.ist\/wp-content\/uploads\/2013\/03\/100_3288rev_-75x50.jpg 75w, https:\/\/www.enerjigazetesi.ist\/wp-content\/uploads\/2013\/03\/100_3288rev_.jpg 761w\" sizes=\"(max-width: 300px) 100vw, 300px\" \/>Kozluk Belediyesi ve Kozluk Geli\u015fim Birli\u011fi(KOGEB) organizasyonuyla ger\u00e7ekle\u015ftirilen &#8220;Enerji Verimlili\u011fi ve Enerjinin Etkin Kullan\u0131m\u0131&#8221; konulu seminer Kozluk \u0130lk\u00f6\u011fretim Okulu&#8217;nda\u00a0 d\u00fczenlendi. Belediye Ba\u015fkan\u0131 \u015eenol Kul, KOGEB Ba\u015fkan\u0131 Esin Maya\u00f6z Ahretliko\u011flu, OMV yetkilileri ve \u00e7ok say\u0131da \u00f6\u011frencinin kat\u0131ld\u0131\u011f\u0131 seminerde OMV Strateji M\u00fcd\u00fcr\u00fc Christian Conrad bir sunum ger\u00e7ekle\u015ftirdi.<\/div>\n<div><strong><\/strong><\/div>\n<div><strong>&#8216;\u00c7OCUKLARIMIZA ANLATMALIYIZ&#8217;<\/strong><\/div>\n<div><strong><\/strong><\/div>\n<div>Enerji tasarrufu bilincinin \u00e7ocukluk \u00e7a\u011f\u0131nda geli\u015ftirilmesi gerekti\u011fini belirten Conrad, &#8220;OMV&#8217;nin sosyal sorumluluk \u00e7al\u0131\u015fmalar\u0131 kapsam\u0131nda toplumlar\u0131n gelece\u011fini olu\u015fturan en k\u00fc\u00e7\u00fck yap\u0131 ta\u015f\u0131 \u00e7ocuklar\u0131n bilin\u00e7lendirilmesi \u00e7al\u0131\u015fmalar\u0131na \u00e7ok \u00f6nem verkiyoruz. Enerji, insan ya\u015fam\u0131 a\u00e7\u0131s\u0131ndan olmazsa olmaz niteli\u011findedir. Bu nedenle gelece\u011fimiz olan \u00e7ocuklar\u0131m\u0131za enerji konusunu \u00e7ok daha iyi anlatmal\u0131, \u00f6zellikle &#8216;enerji kullan\u0131m\u0131, verimlili\u011fi ve tasurrufu&#8217; ile ilgili bilgilendirmeliyiz&#8221; dedi.<\/div>\n<div><strong><\/strong><\/div>\n<div><strong>&#8216;K\u00dc\u00c7\u00dcK \u00d6NLEMLER \u0130\u015eE YARAR&#8217;<\/strong><\/div>\n<div><strong><\/strong><\/div>\n<div>Chirsitan Conrad, &#8220;Enerji tasarrufu nedir, enerji verimlili\u011fi nedir?&#8221; ba\u015fl\u0131\u011f\u0131 alt\u0131nda ise \u00f6\u011frencilere tasarruf konusunda neler yapmalar\u0131 gerekti\u011fini anlatt\u0131. Conrad, &#8220;Enerji i\u00e7in y\u00fcksek miktarda para \u00f6denmemesi i\u00e7in enerjiyi tasarruflu ve verimli kullanmak gerekir. Buzdolab\u0131, klima, \u00e7ama\u015f\u0131r ve bula\u015f\u0131k makineleri, elektrikli s\u00fcp\u00fcrgeler, televizyon gibi aletler al\u0131nacak k\u00fc\u00e7\u00fck \u00f6nlemlerle daha az enerji harcanacak \u015fekilde kullan\u0131labilir. Binalar\u0131n yal\u0131t\u0131m\u0131 ile de y\u00fczde 50&#8217;ye varan yak\u0131t tasarrufu sa\u011flanabilir&#8221; diye konu\u015ftu.<\/div>\n<div><strong><\/strong><\/div>\n<div><strong>BA\u015eKAN KUL&#8217;DAN TE\u015eEKK\u00dcR<\/strong><\/div>\n<div><strong><\/strong><\/div>\n<div>Enerjinin g\u00fcnl\u00fck insan ya\u015fam\u0131n\u0131n vazge\u00e7ilmez bir par\u00e7as\u0131 oldu\u011funa dikkati \u00e7eken Belediye Ba\u015fkan\u0131 \u015eenol Kul da, &#8220;Bu derece \u00f6nemli bir ihtiyac\u0131m\u0131z\u0131n bilin\u00e7sizce t\u00fcketilmesi belki de gelecekte bizlere \u00e7ok b\u00fcy\u00fck s\u0131k\u0131nt\u0131lar ya\u015fatacakt\u0131r. Bu y\u00fczden bu t\u00fcr kaynaklar\u0131n kullan\u0131m\u0131nda son derece dikkatli olmal\u0131y\u0131z. OMV yetkililerine bu y\u00f6nde d\u00fczenledikleri seminerler i\u00e7in te\u015fekk\u00fcr ediyorum&#8221; dedi.<\/div>\n<div><\/div>\n<div>Kaynak: <a href=\"http:\/\/www.habergazetesi.com.tr\/sondakika\/9583\/omv-den-enerji-tasarrufu-semineri\/\" target=\"_blank\">Haber Gazetesi<\/a><\/div>\n<\/div>\n<p><\/p>","protected":false},"excerpt":{"rendered":"<p>Sorry, this entry is only available in Turkish. For the sake of viewer convenience, the content is shown below in the alternative language. You may click the link to switch the active language. OMV Strateji M\u00fcd\u00fcr\u00fc Christian Conrad, enerjinin insan ya\u015fam\u0131 a\u00e7\u0131s\u0131ndan &#8216;olmazsa olmaz&#8217; niteli\u011finde oldu\u011funu belirterek, \u00f6\u011frencilere, &#8220;Enerjiyi tasarruflu ve verimli kullanal\u0131m&#8221; diye uyard\u0131 [&hellip;]<\/p>\n","protected":false},"author":1,"featured_media":7742,"comment_status":"open","ping_status":"open","sticky":false,"template":"","format":"standard","meta":[],"categories":[53,52],"tags":[3128,67,103,12,3130,3129,3127,1998,1884,793],"views":895,"_links":{"self":[{"href":"https:\/\/www.enerjigazetesi.ist\/en\/wp-json\/wp\/v2\/posts\/7737"}],"collection":[{"href":"https:\/\/www.enerjigazetesi.ist\/en\/wp-json\/wp\/v2\/posts"}],"about":[{"href":"https:\/\/www.enerjigazetesi.ist\/en\/wp-json\/wp\/v2\/types\/post"}],"author":[{"embeddable":true,"href":"https:\/\/www.enerjigazetesi.ist\/en\/wp-json\/wp\/v2\/users\/1"}],"replies":[{"embeddable":true,"href":"https:\/\/www.enerjigazetesi.ist\/en\/wp-json\/wp\/v2\/comments?post=7737"}],"version-history":[{"count":4,"href":"https:\/\/www.enerjigazetesi.ist\/en\/wp-json\/wp\/v2\/posts\/7737\/revisions"}],"predecessor-version":[{"id":7741,"href":"https:\/\/www.enerjigazetesi.ist\/en\/wp-json\/wp\/v2\/posts\/7737\/revisions\/7741"}],"wp:featuredmedia":[{"embeddable":true,"href":"https:\/\/www.enerjigazetesi.ist\/en\/wp-json\/wp\/v2\/media\/7742"}],"wp:attachment":[{"href":"https:\/\/www.enerjigazetesi.ist\/en\/wp-json\/wp\/v2\/media?parent=7737"}],"wp:term":[{"taxonomy":"category","embeddable":true,"href":"https:\/\/www.enerjigazetesi.ist\/en\/wp-json\/wp\/v2\/categories?post=7737"},{"taxonomy":"post_tag","embeddable":true,"href":"https:\/\/www.enerjigazetesi.ist\/en\/wp-json\/wp\/v2\/tags?post=7737"}],"curies":[{"name":"wp","href":"https:\/\/api.w.org\/{rel}","templated":true}]}}