{"id":77348,"date":"2018-08-10T11:22:53","date_gmt":"2018-08-10T08:22:53","guid":{"rendered":"https:\/\/www.enerjigazetesi.ist\/?p=77348"},"modified":"2018-08-10T11:22:53","modified_gmt":"2018-08-10T08:22:53","slug":"izmirin-kiraz-ilcesinde-117-mwlik-sakura-gunes-santrali-kurulumu-basladi","status":"publish","type":"post","link":"https:\/\/www.enerjigazetesi.ist\/en\/izmirin-kiraz-ilcesinde-117-mwlik-sakura-gunes-santrali-kurulumu-basladi\/","title":{"rendered":"(Turkish) \u0130zmir\u2019in Kiraz \u0130l\u00e7esinde 11,7 MW\u2019l\u0131k Sakura G\u00fcne\u015f Santrali Kurulumu Ba\u015flad\u0131"},"content":{"rendered":"<p class=\"qtranxs-available-languages-message qtranxs-available-languages-message-en\">Sorry, this entry is only available in <a href=\"https:\/\/www.enerjigazetesi.ist\/tr\/wp-json\/wp\/v2\/posts\/77348\" class=\"qtranxs-available-language-link qtranxs-available-language-link-tr\" title=\"Turkish\">Turkish<\/a>. For the sake of viewer convenience, the content is shown below in the alternative language. You may click the link to switch the active language.<\/p><p><strong>T\u00fcrkiye\u2019nin g\u00fcne\u015f enerjisindeki y\u00fcksek potansiyelini de\u011ferlendirmeye y\u00f6nelik Panasonic ile Y\u0131lsan Yat\u0131r\u0131m Holding \u0130zmir\u2019in Kiraz il\u00e7esinde \u2018Sakura GES Projesi\u2019ne ba\u015flad\u0131.<\/strong><span id=\"more-101383\"><\/span><\/p>\n<p>Finansman\u0131 T\u00fcrkiye S\u0131nai Kalk\u0131nma Bankas\u0131&#8217;nca (TSKB) sa\u011flanan 15 milyon euroluk bir yat\u0131r\u0131m ile 211 hektarl\u0131k bir alanda yap\u0131lan proje, 11.7 megavat enerji kapasite ile T\u00fcrkiye\u2019nin enerji ihtiyac\u0131na b\u00fcy\u00fck <img loading=\"lazy\" class=\"alignleft size-medium wp-image-77349\" src=\"https:\/\/www.enerjigazetesi.ist\/wp-content\/uploads\/2018\/08\/izmirin-kiraz-ilcesinde-117-mwlik-sakura-gunes-santrali-kurulumu-basladi-300x162.jpg\" alt=\"\" width=\"300\" height=\"162\" srcset=\"https:\/\/www.enerjigazetesi.ist\/wp-content\/uploads\/2018\/08\/izmirin-kiraz-ilcesinde-117-mwlik-sakura-gunes-santrali-kurulumu-basladi-300x162.jpg 300w, https:\/\/www.enerjigazetesi.ist\/wp-content\/uploads\/2018\/08\/izmirin-kiraz-ilcesinde-117-mwlik-sakura-gunes-santrali-kurulumu-basladi-500x269.jpg 500w, https:\/\/www.enerjigazetesi.ist\/wp-content\/uploads\/2018\/08\/izmirin-kiraz-ilcesinde-117-mwlik-sakura-gunes-santrali-kurulumu-basladi-80x43.jpg 80w, https:\/\/www.enerjigazetesi.ist\/wp-content\/uploads\/2018\/08\/izmirin-kiraz-ilcesinde-117-mwlik-sakura-gunes-santrali-kurulumu-basladi.jpg 650w\" sizes=\"(max-width: 300px) 100vw, 300px\" \/>oranda katk\u0131 sa\u011flayacak.<\/p>\n<p>Y\u0131lsan Yat\u0131r\u0131m Holding Genel M\u00fcd\u00fcr\u00fc Volkan \u00d6zt\u00fcrk, \u201cT\u00fcrkiye\u2019nin g\u00fcne\u015f enerjisi alan\u0131nda potansiyeli \u00e7ok y\u00fcksektir. Dev Japon \u015firketi Panasonic, bu teknolojide lider ve \u00f6nc\u00fc konumda yer almaktad\u0131r. Biz de \u015firket olarak her yenilenebilir enerji yat\u0131r\u0131m\u0131m\u0131zda sekt\u00f6r\u00fcn liderleriyle i\u015fbirli\u011fi geli\u015ftirmekteyiz. Santrallerimizi do\u011fa dostu bir \u015firket olarak gold standartlar\u0131nda, hem b\u00f6lge halk\u0131n\u0131 hem de \u00e7evreyi de dikkate alarak tasarl\u0131yoruz. Yenilenebilir enerji alan\u0131nda yat\u0131r\u0131mlar\u0131m\u0131z devam edecek\u201d ifadelerini kulland\u0131. Panasonic Eco Solutions T\u00fcrkiye Y\u00f6netim Kurulu \u00fcyesi Tatsuya Kumazawa ise \u201cBenzersiz panel teknolojimiz HIT, ayn\u0131 birim alan\u0131 referans olarak al\u0131narak geleneksel panel teknolojileriyle k\u0131yasland\u0131\u011f\u0131nda y\u00fczde 27-32 oran\u0131nda daha fazla enerji \u00fcretimi ger\u00e7ekle\u015ftiriyoruz\u201d dedi.<\/p>","protected":false},"excerpt":{"rendered":"<p>Sorry, this entry is only available in Turkish. For the sake of viewer convenience, the content is shown below in the alternative language. You may click the link to switch the active language.T\u00fcrkiye\u2019nin g\u00fcne\u015f enerjisindeki y\u00fcksek potansiyelini de\u011ferlendirmeye y\u00f6nelik Panasonic ile Y\u0131lsan Yat\u0131r\u0131m Holding \u0130zmir\u2019in Kiraz il\u00e7esinde \u2018Sakura GES Projesi\u2019ne ba\u015flad\u0131. Finansman\u0131 T\u00fcrkiye S\u0131nai Kalk\u0131nma [&hellip;]<\/p>\n","protected":false},"author":1,"featured_media":77349,"comment_status":"open","ping_status":"open","sticky":false,"template":"","format":"standard","meta":[],"categories":[53,49],"tags":[67,1009,2326,13,23416,2569,23133,23131,2689,38745,38746,4099,38747,38748,38750,38749,29375],"views":1561,"_links":{"self":[{"href":"https:\/\/www.enerjigazetesi.ist\/en\/wp-json\/wp\/v2\/posts\/77348"}],"collection":[{"href":"https:\/\/www.enerjigazetesi.ist\/en\/wp-json\/wp\/v2\/posts"}],"about":[{"href":"https:\/\/www.enerjigazetesi.ist\/en\/wp-json\/wp\/v2\/types\/post"}],"author":[{"embeddable":true,"href":"https:\/\/www.enerjigazetesi.ist\/en\/wp-json\/wp\/v2\/users\/1"}],"replies":[{"embeddable":true,"href":"https:\/\/www.enerjigazetesi.ist\/en\/wp-json\/wp\/v2\/comments?post=77348"}],"version-history":[{"count":1,"href":"https:\/\/www.enerjigazetesi.ist\/en\/wp-json\/wp\/v2\/posts\/77348\/revisions"}],"predecessor-version":[{"id":77350,"href":"https:\/\/www.enerjigazetesi.ist\/en\/wp-json\/wp\/v2\/posts\/77348\/revisions\/77350"}],"wp:featuredmedia":[{"embeddable":true,"href":"https:\/\/www.enerjigazetesi.ist\/en\/wp-json\/wp\/v2\/media\/77349"}],"wp:attachment":[{"href":"https:\/\/www.enerjigazetesi.ist\/en\/wp-json\/wp\/v2\/media?parent=77348"}],"wp:term":[{"taxonomy":"category","embeddable":true,"href":"https:\/\/www.enerjigazetesi.ist\/en\/wp-json\/wp\/v2\/categories?post=77348"},{"taxonomy":"post_tag","embeddable":true,"href":"https:\/\/www.enerjigazetesi.ist\/en\/wp-json\/wp\/v2\/tags?post=77348"}],"curies":[{"name":"wp","href":"https:\/\/api.w.org\/{rel}","templated":true}]}}