{"id":77334,"date":"2018-08-09T14:17:41","date_gmt":"2018-08-09T11:17:41","guid":{"rendered":"https:\/\/www.enerjigazetesi.ist\/?p=77334"},"modified":"2018-08-09T14:17:41","modified_gmt":"2018-08-09T11:17:41","slug":"sur-enerjiden-315-milyon-tllik-res-projesi","status":"publish","type":"post","link":"https:\/\/www.enerjigazetesi.ist\/en\/sur-enerjiden-315-milyon-tllik-res-projesi\/","title":{"rendered":"(Turkish) Sur Enerji\u2019den 315 Milyon TL\u2019lik RES Projesi"},"content":{"rendered":"<p class=\"qtranxs-available-languages-message qtranxs-available-languages-message-en\">Sorry, this entry is only available in <a href=\"https:\/\/www.enerjigazetesi.ist\/tr\/wp-json\/wp\/v2\/posts\/77334\" class=\"qtranxs-available-language-link qtranxs-available-language-link-tr\" title=\"Turkish\">Turkish<\/a>. For the sake of viewer convenience, the content is shown below in the alternative language. You may click the link to switch the active language.<\/p><p><strong>Sur \u015eirketler Grubu b\u00fcnyesinde yer alan Sur Enerji\u2019nin Kurtini RES Projesi, yakla\u015f\u0131k 315 milyon TL yat\u0131r\u0131m de\u011feriyle faaliyete ba\u015flad\u0131. Sur \u015eirketler Grubu Y\u00f6netim Kurulu Ba\u015fkan\u0131 Z. Altan Elmas, \u201cT\u00fcrkiye\u2019nin 2023 hedeflerine ula\u015fmas\u0131 i\u00e7in enerjide de yat\u0131r\u0131mlar\u0131m\u0131za devam ediyoruz. Yenilenebilir enerjide her y\u0131l bir yat\u0131r\u0131m\u0131 aktif hale getirme gayretimiz do\u011frultusunda Kurtini RES Projemizi devreye alman\u0131n mutlulu\u011funu ya\u015f\u0131yoruz. Bu santralimizle birlikte Sur Enerji olarak yenilenebilir enerji gelirimiz y\u0131ll\u0131k 42 milyon TL\u2019ye ula\u015fm\u0131\u015f oldu\u201d dedi.<\/strong><\/p>\n<p>Sur \u015eirketler Grubu b\u00fcnyesinde bulunan Sur Enerji\u2019nin hayata ge\u00e7irdi\u011fi Kurtini RES Projesi, yenilenebilir r\u00fczgar enerjisi \u00fcretimine ba\u015flad\u0131. Mersin ili G\u00fclnar il\u00e7esinde yer alan Kurtini RES Projesi, <img loading=\"lazy\" class=\"alignleft size-medium wp-image-77335\" src=\"https:\/\/www.enerjigazetesi.ist\/wp-content\/uploads\/2018\/08\/sur-enerjiden-315-milyon-tllik-res-projesi-300x200.jpg\" alt=\"\" width=\"300\" height=\"200\" srcset=\"https:\/\/www.enerjigazetesi.ist\/wp-content\/uploads\/2018\/08\/sur-enerjiden-315-milyon-tllik-res-projesi-300x200.jpg 300w, https:\/\/www.enerjigazetesi.ist\/wp-content\/uploads\/2018\/08\/sur-enerjiden-315-milyon-tllik-res-projesi-500x333.jpg 500w, https:\/\/www.enerjigazetesi.ist\/wp-content\/uploads\/2018\/08\/sur-enerjiden-315-milyon-tllik-res-projesi-75x50.jpg 75w, https:\/\/www.enerjigazetesi.ist\/wp-content\/uploads\/2018\/08\/sur-enerjiden-315-milyon-tllik-res-projesi.jpg 732w\" sizes=\"(max-width: 300px) 100vw, 300px\" \/>toplam 14 MW kurulu g\u00fcce sahip ve y\u0131ll\u0131k 46 GWh enerji \u00fcretimi kapasiteli.<\/p>\n<p><strong>Yeni santral 15 bin hanenin elektri\u011fini kar\u015f\u0131l\u0131yor <\/strong><\/p>\n<p>Devreye al\u0131nan yeni r\u00fczgar enerji santrali y\u0131ll\u0131k yakla\u015f\u0131k 15 bin hanenin enerji t\u00fcketimini kar\u015f\u0131layabilecek kapasiteye sahip.<\/p>\n<p><strong>Y\u0131ll\u0131k yakla\u015f\u0131k 1200 a\u011fa\u00e7 kadar karbondioksit sal\u0131n\u0131m\u0131 engellemektedir<\/strong><\/p>\n<p>Yeni r\u00fczgar enerjisi santraliyle y\u0131ll\u0131k yakla\u015f\u0131k 1200 a\u011fac\u0131n azaltt\u0131\u011f\u0131 karbondioksit miktar\u0131 kadar emisyon sa\u011flanacak.<\/p>\n<p><strong>Sur Enerji grubunun t\u00fcm projelerinin ihtiyac\u0131na denk elektrik \u00fcretiyor <\/strong><\/p>\n<p>Sur Enerji\u2019nin yenilenebilir enerji kaynakl\u0131 t\u00fcm yat\u0131r\u0131mlar\u0131 devreye al\u0131nd\u0131\u011f\u0131nda \u00fcretti\u011fi elektrik miktar\u0131, Sur Yap\u0131\u2019n\u0131n t\u00fcm projelerinin ihtiyac\u0131 olan enerjiyi kar\u015f\u0131layabilecek.<\/p>\n<p><strong>2023 hedefleri i\u00e7in enerjide de yat\u0131r\u0131m yap\u0131yoruz<\/strong><\/p>\n<p>Yeni r\u00fczgar enerji santralinin devreye al\u0131nmas\u0131yla ilgili a\u00e7\u0131klama yapan Sur \u015eirketler Grubu Y\u00f6netim Kurulu Ba\u015fkan\u0131 Z. Altan Elmas, \u201cT\u00fcrkiye\u2019nin 2023 hedeflerine ula\u015fmas\u0131 i\u00e7in enerjide de yat\u0131r\u0131mlar\u0131m\u0131za devam ediyoruz. Enerji yat\u0131r\u0131mlar\u0131ndaki \u00f6ncelikli hedefimiz memleketin enerji a\u00e7\u0131\u011f\u0131n\u0131n giderilmesine fayda sa\u011flamak ve cari a\u00e7\u0131\u011f\u0131 kapatmak i\u00e7in destek olmak\u201d dedi.<\/p>\n<p><strong>Her y\u0131l bir santral hedefi ger\u00e7ekle\u015fiyor <\/strong><\/p>\n<p>Do\u011fay\u0131 korumak ve gelecek nesillere s\u00fcrd\u00fcr\u00fclebilir bir \u00e7evre b\u0131rakabilmek amac\u0131yla yenilenebilir enerjiyi tercih ettiklerini belirten Elmas, her y\u0131l bir enerji santralini devreye alma hedeflerini ger\u00e7ekle\u015ftirdiklerini s\u00f6yledi. Elmas, \u201c2017 y\u0131l\u0131nda Mersin\u2019de Elmal\u0131 r\u00fczg\u00e2r enerji santralini devreye alm\u0131\u015ft\u0131k. Yeni devreye ald\u0131\u011f\u0131m\u0131z Kurtini r\u00fczg\u00e2r enerji santraliyle 2018 y\u0131l\u0131ndaki hedefimiz de ger\u00e7ekle\u015fmi\u015f oldu. Yenilenebilir enerji yat\u0131r\u0131mlar\u0131m\u0131z 2019 ve 2020 hedeflerimiz \u015feklinde devam edecek. Her y\u0131l bir santrali devreye almaya gayret ediyoruz\u201d \u015feklinde konu\u015ftu.<\/p>","protected":false},"excerpt":{"rendered":"<p>Sorry, this entry is only available in Turkish. For the sake of viewer convenience, the content is shown below in the alternative language. You may click the link to switch the active language.Sur \u015eirketler Grubu b\u00fcnyesinde yer alan Sur Enerji\u2019nin Kurtini RES Projesi, yakla\u015f\u0131k 315 milyon TL yat\u0131r\u0131m de\u011feriyle faaliyete ba\u015flad\u0131. Sur \u015eirketler Grubu Y\u00f6netim [&hellip;]<\/p>\n","protected":false},"author":1,"featured_media":77335,"comment_status":"open","ping_status":"open","sticky":false,"template":"","format":"standard","meta":[],"categories":[53,50],"tags":[67,1009,38738,35002,24949,23318,34960,38737,38736,34977,26829,38739],"views":753,"_links":{"self":[{"href":"https:\/\/www.enerjigazetesi.ist\/en\/wp-json\/wp\/v2\/posts\/77334"}],"collection":[{"href":"https:\/\/www.enerjigazetesi.ist\/en\/wp-json\/wp\/v2\/posts"}],"about":[{"href":"https:\/\/www.enerjigazetesi.ist\/en\/wp-json\/wp\/v2\/types\/post"}],"author":[{"embeddable":true,"href":"https:\/\/www.enerjigazetesi.ist\/en\/wp-json\/wp\/v2\/users\/1"}],"replies":[{"embeddable":true,"href":"https:\/\/www.enerjigazetesi.ist\/en\/wp-json\/wp\/v2\/comments?post=77334"}],"version-history":[{"count":1,"href":"https:\/\/www.enerjigazetesi.ist\/en\/wp-json\/wp\/v2\/posts\/77334\/revisions"}],"predecessor-version":[{"id":77336,"href":"https:\/\/www.enerjigazetesi.ist\/en\/wp-json\/wp\/v2\/posts\/77334\/revisions\/77336"}],"wp:featuredmedia":[{"embeddable":true,"href":"https:\/\/www.enerjigazetesi.ist\/en\/wp-json\/wp\/v2\/media\/77335"}],"wp:attachment":[{"href":"https:\/\/www.enerjigazetesi.ist\/en\/wp-json\/wp\/v2\/media?parent=77334"}],"wp:term":[{"taxonomy":"category","embeddable":true,"href":"https:\/\/www.enerjigazetesi.ist\/en\/wp-json\/wp\/v2\/categories?post=77334"},{"taxonomy":"post_tag","embeddable":true,"href":"https:\/\/www.enerjigazetesi.ist\/en\/wp-json\/wp\/v2\/tags?post=77334"}],"curies":[{"name":"wp","href":"https:\/\/api.w.org\/{rel}","templated":true}]}}