{"id":77328,"date":"2018-08-09T12:42:40","date_gmt":"2018-08-09T09:42:40","guid":{"rendered":"https:\/\/www.enerjigazetesi.ist\/?p=77328"},"modified":"2018-08-09T12:42:40","modified_gmt":"2018-08-09T09:42:40","slug":"cinden-abd-petrolu-ve-otomobillerine-yuzde-25-ek-gumruk-vergisi","status":"publish","type":"post","link":"https:\/\/www.enerjigazetesi.ist\/en\/cinden-abd-petrolu-ve-otomobillerine-yuzde-25-ek-gumruk-vergisi\/","title":{"rendered":"(Turkish) \u00c7in&#8217;den ABD Petrol\u00fc ve Otomobillerine Y\u00fczde 25 Ek G\u00fcmr\u00fck Vergisi&#8230;"},"content":{"rendered":"<p class=\"qtranxs-available-languages-message qtranxs-available-languages-message-en\">Sorry, this entry is only available in <a href=\"https:\/\/www.enerjigazetesi.ist\/tr\/wp-json\/wp\/v2\/posts\/77328\" class=\"qtranxs-available-language-link qtranxs-available-language-link-tr\" title=\"Turkish\">Turkish<\/a>. For the sake of viewer convenience, the content is shown below in the alternative language. You may click the link to switch the active language.<\/p><p><strong>\u00c7in Ticaret Bakanl\u0131\u011f\u0131\u2019n\u0131n yapt\u0131\u011f\u0131 a\u00e7\u0131klamada, y\u0131ll\u0131k toplam ithalat de\u011feri 16 milyar dolar olan ABD \u00fcr\u00fcn\u00fcne y\u00fczde 25 ek g\u00fcmr\u00fck vergisi getirildi\u011fi a\u00e7\u0131kland\u0131.<\/strong><\/p>\n<p><img loading=\"lazy\" class=\"alignleft size-medium wp-image-77329\" src=\"https:\/\/www.enerjigazetesi.ist\/wp-content\/uploads\/2018\/08\/cinden-abd-petrolu-ve-otomobillerine-yuzde-25-ek-gumruk-vergisi-300x163.jpg\" alt=\"\" width=\"300\" height=\"163\" srcset=\"https:\/\/www.enerjigazetesi.ist\/wp-content\/uploads\/2018\/08\/cinden-abd-petrolu-ve-otomobillerine-yuzde-25-ek-gumruk-vergisi-300x163.jpg 300w, https:\/\/www.enerjigazetesi.ist\/wp-content\/uploads\/2018\/08\/cinden-abd-petrolu-ve-otomobillerine-yuzde-25-ek-gumruk-vergisi-500x272.jpg 500w, https:\/\/www.enerjigazetesi.ist\/wp-content\/uploads\/2018\/08\/cinden-abd-petrolu-ve-otomobillerine-yuzde-25-ek-gumruk-vergisi-80x44.jpg 80w, https:\/\/www.enerjigazetesi.ist\/wp-content\/uploads\/2018\/08\/cinden-abd-petrolu-ve-otomobillerine-yuzde-25-ek-gumruk-vergisi.jpg 725w\" sizes=\"(max-width: 300px) 100vw, 300px\" \/>A\u00e7\u0131klamada ABD petrol\u00fc ve ABD\u2019de \u00fcretilen otomobillerin de bu g\u00fcmr\u00fck vergilerine tabi olaca\u011f\u0131 belirtilirken\u00a0ABD petrol\u00fc ve ABD\u2019de \u00fcretilen otomobiller de ek g\u00fcmr\u00fck vergisi uygulanacak \u00fcr\u00fcnler aras\u0131nda bulunuyor.<\/p>\n<p>Ticaret bakanl\u0131\u011f\u0131&#8217;n\u0131n yapt\u0131\u011f\u0131 a\u00e7\u0131klamaya g\u00f6re ise, ABD\u2019nin 23 A\u011fustos\u2019ta 16 milyar dolarl\u0131k \u00c7in mal\u0131na y\u00fczde 25\u2019lik ek g\u00fcmr\u00fck vergisi karar\u0131na tepki g\u00f6sterilerek \u201cBu \u00e7ok mant\u0131ks\u0131z bir uygulamad\u0131r\u201d denildi.<\/p>","protected":false},"excerpt":{"rendered":"<p>Sorry, this entry is only available in Turkish. For the sake of viewer convenience, the content is shown below in the alternative language. You may click the link to switch the active language.\u00c7in Ticaret Bakanl\u0131\u011f\u0131\u2019n\u0131n yapt\u0131\u011f\u0131 a\u00e7\u0131klamada, y\u0131ll\u0131k toplam ithalat de\u011feri 16 milyar dolar olan ABD \u00fcr\u00fcn\u00fcne y\u00fczde 25 ek g\u00fcmr\u00fck vergisi getirildi\u011fi a\u00e7\u0131kland\u0131. A\u00e7\u0131klamada [&hellip;]<\/p>\n","protected":false},"author":1,"featured_media":77329,"comment_status":"open","ping_status":"open","sticky":false,"template":"","format":"standard","meta":[],"categories":[51,53,44],"tags":[1198,38733,6859,886,38734,67,1009,5176,34935,2388,34936],"views":590,"_links":{"self":[{"href":"https:\/\/www.enerjigazetesi.ist\/en\/wp-json\/wp\/v2\/posts\/77328"}],"collection":[{"href":"https:\/\/www.enerjigazetesi.ist\/en\/wp-json\/wp\/v2\/posts"}],"about":[{"href":"https:\/\/www.enerjigazetesi.ist\/en\/wp-json\/wp\/v2\/types\/post"}],"author":[{"embeddable":true,"href":"https:\/\/www.enerjigazetesi.ist\/en\/wp-json\/wp\/v2\/users\/1"}],"replies":[{"embeddable":true,"href":"https:\/\/www.enerjigazetesi.ist\/en\/wp-json\/wp\/v2\/comments?post=77328"}],"version-history":[{"count":1,"href":"https:\/\/www.enerjigazetesi.ist\/en\/wp-json\/wp\/v2\/posts\/77328\/revisions"}],"predecessor-version":[{"id":77330,"href":"https:\/\/www.enerjigazetesi.ist\/en\/wp-json\/wp\/v2\/posts\/77328\/revisions\/77330"}],"wp:featuredmedia":[{"embeddable":true,"href":"https:\/\/www.enerjigazetesi.ist\/en\/wp-json\/wp\/v2\/media\/77329"}],"wp:attachment":[{"href":"https:\/\/www.enerjigazetesi.ist\/en\/wp-json\/wp\/v2\/media?parent=77328"}],"wp:term":[{"taxonomy":"category","embeddable":true,"href":"https:\/\/www.enerjigazetesi.ist\/en\/wp-json\/wp\/v2\/categories?post=77328"},{"taxonomy":"post_tag","embeddable":true,"href":"https:\/\/www.enerjigazetesi.ist\/en\/wp-json\/wp\/v2\/tags?post=77328"}],"curies":[{"name":"wp","href":"https:\/\/api.w.org\/{rel}","templated":true}]}}