{"id":77270,"date":"2018-08-08T11:29:53","date_gmt":"2018-08-08T08:29:53","guid":{"rendered":"https:\/\/www.enerjigazetesi.ist\/?p=77270"},"modified":"2018-08-08T11:29:53","modified_gmt":"2018-08-08T08:29:53","slug":"buyuk-capli-gunes-enerjisi-santrali-ges-konyada-kuruluyor","status":"publish","type":"post","link":"https:\/\/www.enerjigazetesi.ist\/en\/buyuk-capli-gunes-enerjisi-santrali-ges-konyada-kuruluyor\/","title":{"rendered":"(Turkish) B\u00fcy\u00fck \u00c7apl\u0131 G\u00fcne\u015f Enerjisi Santrali (GES) Konya\u2019da Kuruluyor"},"content":{"rendered":"<p class=\"qtranxs-available-languages-message qtranxs-available-languages-message-en\">Sorry, this entry is only available in <a href=\"https:\/\/www.enerjigazetesi.ist\/tr\/wp-json\/wp\/v2\/posts\/77270\" class=\"qtranxs-available-language-link qtranxs-available-language-link-tr\" title=\"Turkish\">Turkish<\/a>. For the sake of viewer convenience, the content is shown below in the alternative language. You may click the link to switch the active language.<\/p><p><strong>Konya\u2019n\u0131n Karap\u0131nar il\u00e7esinde kurulmas\u0131na y\u00f6nelik \u00e7al\u0131\u015fmalar\u0131na ba\u015flanan g\u00fcne\u015f santrali ile y\u0131lda 1.7 milyar kWh elektrik enerjisi \u00fcretimi yap\u0131larak 600 bin evin ihtiyac\u0131n\u0131n kar\u015f\u0131lanmas\u0131 \u00f6ng\u00f6r\u00fclmektedir.<\/strong><span id=\"more-101346\"><\/span><\/p>\n<p><img loading=\"lazy\" class=\"alignleft size-medium wp-image-77271\" src=\"https:\/\/www.enerjigazetesi.ist\/wp-content\/uploads\/2018\/08\/buyuk-capli-gunes-enerji-santrali-ges-konyaya-kurulacak-300x176.jpg\" alt=\"\" width=\"300\" height=\"176\" srcset=\"https:\/\/www.enerjigazetesi.ist\/wp-content\/uploads\/2018\/08\/buyuk-capli-gunes-enerji-santrali-ges-konyaya-kurulacak-300x176.jpg 300w, https:\/\/www.enerjigazetesi.ist\/wp-content\/uploads\/2018\/08\/buyuk-capli-gunes-enerji-santrali-ges-konyaya-kurulacak-500x294.jpg 500w, https:\/\/www.enerjigazetesi.ist\/wp-content\/uploads\/2018\/08\/buyuk-capli-gunes-enerji-santrali-ges-konyaya-kurulacak-80x47.jpg 80w, https:\/\/www.enerjigazetesi.ist\/wp-content\/uploads\/2018\/08\/buyuk-capli-gunes-enerji-santrali-ges-konyaya-kurulacak.jpg 613w\" sizes=\"(max-width: 300px) 100vw, 300px\" \/>Y\u0131l i\u00e7inde 200 g\u00fcn\u00fc g\u00fcne\u015fli ge\u00e7en T\u00fcrkiye\u2019nin d\u00fcnyan\u0131n en \u015fansl\u0131 \u00fclkelerinden oldu\u011funu s\u00f6yleyen Uluslararas\u0131 G\u00fcne\u015f Enerjisi Toplulu\u011fu T\u00fcrkiye Ba\u015fkan Yard\u0131mc\u0131s\u0131 Halil Da\u011f, 7 b\u00f6lgeden enerji \u00fcretmenin m\u00fcmk\u00fcn oldu\u011funu da dile getirdi.<\/p>\n<p>Co\u011frafi konumu nedeni ile g\u00fcne\u015f \u0131\u015f\u0131n\u0131m\u0131 a\u00e7\u0131s\u0131ndan \u00fclkemizin avantajl\u0131 oldu\u011funu belirten Da\u011f, \u201cAvrupa \u0131\u015f\u0131n\u0131m haritas\u0131nda, T\u00fcrkiye\u2019nin y\u0131ll\u0131k elektrik \u00fcretim kapasitesi ayn\u0131 b\u00f6lgedeki \u00fclkelerin ortalamas\u0131ndan daha y\u00fcksektir. Tar\u0131ma elveri\u015fsiz arazilerin kullan\u0131m\u0131n\u0131n da eklendi\u011finde g\u00fcne\u015f enerjisi piyasas\u0131 4 y\u0131ld\u0131r aktif olarak \u00e7al\u0131\u015fmalar\u0131n\u0131 s\u00fcrd\u00fcrmektedir ve May\u0131s 2018 tarihinden itibaren kurulu g\u00fcc\u00fcm\u00fcz 4.590 MW&#8217;a ula\u015fm\u0131\u015ft\u0131r. Sadece 2017&#8217;de 2.500 MW g\u00fcc\u00fcnde kurulum ger\u00e7ekle\u015fti. Yani, yeterli destek sa\u011fland\u0131\u011f\u0131nda yat\u0131r\u0131mc\u0131 ilgi g\u00f6steriyor\u201d ifadelerini kulland\u0131.<\/p>","protected":false},"excerpt":{"rendered":"<p>Sorry, this entry is only available in Turkish. For the sake of viewer convenience, the content is shown below in the alternative language. You may click the link to switch the active language.Konya\u2019n\u0131n Karap\u0131nar il\u00e7esinde kurulmas\u0131na y\u00f6nelik \u00e7al\u0131\u015fmalar\u0131na ba\u015flanan g\u00fcne\u015f santrali ile y\u0131lda 1.7 milyar kWh elektrik enerjisi \u00fcretimi yap\u0131larak 600 bin evin ihtiyac\u0131n\u0131n kar\u015f\u0131lanmas\u0131 [&hellip;]<\/p>\n","protected":false},"author":1,"featured_media":77271,"comment_status":"open","ping_status":"open","sticky":false,"template":"","format":"standard","meta":[],"categories":[53,49],"tags":[67,1009,2326,6014,13,23416,2569,23133,2401,23131,3059,2441,1383],"views":831,"_links":{"self":[{"href":"https:\/\/www.enerjigazetesi.ist\/en\/wp-json\/wp\/v2\/posts\/77270"}],"collection":[{"href":"https:\/\/www.enerjigazetesi.ist\/en\/wp-json\/wp\/v2\/posts"}],"about":[{"href":"https:\/\/www.enerjigazetesi.ist\/en\/wp-json\/wp\/v2\/types\/post"}],"author":[{"embeddable":true,"href":"https:\/\/www.enerjigazetesi.ist\/en\/wp-json\/wp\/v2\/users\/1"}],"replies":[{"embeddable":true,"href":"https:\/\/www.enerjigazetesi.ist\/en\/wp-json\/wp\/v2\/comments?post=77270"}],"version-history":[{"count":1,"href":"https:\/\/www.enerjigazetesi.ist\/en\/wp-json\/wp\/v2\/posts\/77270\/revisions"}],"predecessor-version":[{"id":77272,"href":"https:\/\/www.enerjigazetesi.ist\/en\/wp-json\/wp\/v2\/posts\/77270\/revisions\/77272"}],"wp:featuredmedia":[{"embeddable":true,"href":"https:\/\/www.enerjigazetesi.ist\/en\/wp-json\/wp\/v2\/media\/77271"}],"wp:attachment":[{"href":"https:\/\/www.enerjigazetesi.ist\/en\/wp-json\/wp\/v2\/media?parent=77270"}],"wp:term":[{"taxonomy":"category","embeddable":true,"href":"https:\/\/www.enerjigazetesi.ist\/en\/wp-json\/wp\/v2\/categories?post=77270"},{"taxonomy":"post_tag","embeddable":true,"href":"https:\/\/www.enerjigazetesi.ist\/en\/wp-json\/wp\/v2\/tags?post=77270"}],"curies":[{"name":"wp","href":"https:\/\/api.w.org\/{rel}","templated":true}]}}