{"id":7726,"date":"2013-03-04T17:55:08","date_gmt":"2013-03-04T14:55:08","guid":{"rendered":"https:\/\/www.enerjigazetesi.ist\/?p=7726"},"modified":"2013-03-04T17:57:33","modified_gmt":"2013-03-04T14:57:33","slug":"enerjinin-75i-isinma-amacli-kullaniliyor-cozum-verimli-enerji-kullanimi","status":"publish","type":"post","link":"https:\/\/www.enerjigazetesi.ist\/en\/enerjinin-75i-isinma-amacli-kullaniliyor-cozum-verimli-enerji-kullanimi\/","title":{"rendered":"(Turkish) Enerjinin % 75&#8217;i Is\u0131nma Ama\u00e7l\u0131 Kullan\u0131l\u0131yor!"},"content":{"rendered":"<p class=\"qtranxs-available-languages-message qtranxs-available-languages-message-en\">Sorry, this entry is only available in <a href=\"https:\/\/www.enerjigazetesi.ist\/tr\/wp-json\/wp\/v2\/posts\/7726\" class=\"qtranxs-available-language-link qtranxs-available-language-link-tr\" title=\"Turkish\">Turkish<\/a>. For the sake of viewer convenience, the content is shown below in the alternative language. You may click the link to switch the active language.<\/p><p><strong>Kompen Genel M\u00fcd\u00fcr\u00fc Erdal K\u00fc\u00e7\u00fck\u015fehir, T\u00fcrkiye&#8217;nin enerji konusunda yeni stratejiler belirlemesinin yan\u0131nda <em>enerjinin verimli kullan\u0131lmas\u0131<\/em> i\u00e7in ciddi ad\u0131mlar at\u0131lmas\u0131n\u0131n \u00fclke ekonomisine kazan\u0131mlar sa\u011flayaca\u011f\u0131n\u0131 s\u00f6yledi.<\/strong><\/p>\n<p>Kombassan \u015firketlerinden Kompen A.\u015e&#8217;nin Genel M\u00fcd\u00fcr\u00fc Erdal K\u00fc\u00e7\u00fck\u015fehir, \u0131s\u0131 yal\u0131t\u0131m\u0131 olmayan binalar i\u00e7in mantolama konusunda ilgili bakanl\u0131\u011f\u0131n \u00e7al\u0131\u015fmalar s\u00fcrd\u00fcrd\u00fc\u011f\u00fcn\u00fc, kendilerinin de alanlar\u0131nda vatanda\u015f\u0131 bilin\u00e7lendirme ad\u0131na s\u00fcrekli bayilerine e\u011fitim verdiklerini ifade ederek, &#8220;Is\u0131nmada kullan\u0131lan enerjinin y\u00fczde 32&#8217;si bacadan, y\u00fczde 28&#8217;i pencerelerden, y\u00fczde 18&#8217;i d\u0131\u015f duvarlardan, y\u00fczde 16&#8217;s\u0131 \u00e7at\u0131dan, y\u00fczde 6&#8217;s\u0131 da zeminden ka\u00e7maktad\u0131r. Demek oluyor ki, bacadan sonra gelen k\u0131s\u0131m pencereler&#8230;<\/p>\n<p><img loading=\"lazy\" class=\"alignleft size-medium wp-image-7727\" title=\"verimli-enerji-kullanimi\" src=\"https:\/\/www.enerjigazetesi.ist\/wp-content\/uploads\/2013\/03\/verimli-enerji-kullanimi-300x227.png\" alt=\"\" width=\"300\" height=\"227\" srcset=\"https:\/\/www.enerjigazetesi.ist\/wp-content\/uploads\/2013\/03\/verimli-enerji-kullanimi-300x227.png 300w, https:\/\/www.enerjigazetesi.ist\/wp-content\/uploads\/2013\/03\/verimli-enerji-kullanimi-66x50.png 66w, https:\/\/www.enerjigazetesi.ist\/wp-content\/uploads\/2013\/03\/verimli-enerji-kullanimi.png 350w\" sizes=\"(max-width: 300px) 100vw, 300px\" \/>\u00c7\u00fcnk\u00fc, d\u00fcne kadar yap\u0131lan ah\u015fap pencereler belli bir s\u00fcreden sonra a\u015f\u0131nmaya ba\u015fl\u0131yor ve g\u00f6revini yapamaz hale geliyor. Maalesef \u00fclkemizde pencereler bo\u015flu\u011fu kapatma olarak alg\u0131lan\u0131yor. Bu alg\u0131n\u0131n de\u011fi\u015fmesi gerekiyor. Pencere kadar binalar\u0131n mantolanmas\u0131 da \u00e7ok \u00f6nemli ancak pencerelerin de sa\u011flad\u0131\u011f\u0131 tasarruflar\u0131 g\u00f6z ard\u0131 etmemek gerekiyor. Is\u0131nmada harcanan her 100 TL&#8217;nin 28 TL&#8217;si pencerelerden ka\u00e7\u0131yor&#8221; dedi.<\/p>\n<p>Sekt\u00f6r i\u00e7erisinde birlik ve beraberli\u011fin sa\u011flanamad\u0131\u011f\u0131n\u0131, sadece belli ba\u015fl\u0131 birka\u00e7 firma olarak bilin\u00e7lendirme ad\u0131na kendi b\u00fcnyelerinde \u00e7al\u0131\u015fmalar yapt\u0131klar\u0131n\u0131 belirten K\u00fc\u00e7\u00fck\u015fehir, &#8220;Enerjinin y\u00fczde 75&#8217;i \u0131s\u0131nma ama\u00e7l\u0131 kullan\u0131l\u0131yor. \u00dclkemiz maalesef enerji \u00fcretimi konusunda olduk\u00e7a fakir bir durumda. Bu konuda da yetkililerin yapt\u0131klar\u0131 \u00e7al\u0131\u015fmalar olumlu olsa da yeterli olmuyor. T\u00fcrkiye olarak her y\u0131l 50 milyar dolar enerji i\u00e7in harcan\u0131rken, \u00fclkemizde sadece y\u00fczde 20 hammadde kar\u015f\u0131lan\u0131yor, y\u00fczde 80&#8217;i ithal ediliyor. T\u00fcrkiye&#8217;nin yeni petrokimya tesislerine acilen ihtiyac\u0131 var&#8221; \u015feklinde konu\u015ftu.<\/p>\n<p>Sekt\u00f6rleri hakk\u0131nda da bilgi veren K\u00fc\u00e7\u00fck\u015fehir, 2012 y\u0131l\u0131nda i\u00e7 piyasada \u00e7ok ciddi bir daralman\u0131n ya\u015fand\u0131\u011f\u0131n\u0131, bu daralmadan kaynakl\u0131 s\u0131k\u0131nt\u0131lar\u0131 ihracat rakamlar\u0131n\u0131 art\u0131rarak a\u015ft\u0131klar\u0131n\u0131, sekt\u00f6r\u00fc 2012 y\u0131l\u0131nda ihracat\u0131n kurtard\u0131\u011f\u0131n\u0131 ifade etti.<\/p>\n<p>Kompen a\u00e7\u0131s\u0131ndan piyasalardaki t\u00fcm olumsuzluklara ra\u011fmen b\u00fcy\u00fcmeye devam ettikleri i\u00e7in mutlu olduklar\u0131n\u0131 kaydeden K\u00fc\u00e7\u00fck\u015fehir, &#8220;Ar-Ge yat\u0131r\u0131mlar\u0131na b\u00fcy\u00fck \u00f6nem veriyoruz. \u00dcr\u00fcnlerimiz ve kalitemizle 2008 y\u0131l\u0131 dahil olmak \u00fczere 2012 y\u0131l\u0131na kadar y\u0131ll\u0131k ortalama y\u00fczde 15&#8217;e yak\u0131n b\u00fcy\u00fcme rakamlar\u0131na sahiptik. Ne yaz\u0131k ki 2012 y\u0131l\u0131nda bu b\u00fcy\u00fcme rakam\u0131n\u0131 yakalayamad\u0131k ancak, 2012 y\u0131l\u0131nda y\u00fczde 4&#8217;e yak\u0131n bir oranda b\u00fcy\u00fcme ger\u00e7ekle\u015ftirdi\u011fimizi s\u00f6yleyebiliriz. Bu b\u00fcy\u00fcmeyi ihracata a\u011f\u0131rl\u0131k vererek yakalad\u0131k. 2012 y\u0131l\u0131nda i\u00e7 piyasadaki daralmay\u0131 y\u0131lba\u015f\u0131ndan itibaren \u00f6ng\u00f6rerek d\u0131\u015f ticaret departman\u0131m\u0131za a\u011f\u0131rl\u0131k verdik. 2012 y\u0131l\u0131nda ihracat\u0131m\u0131z\u0131 y\u00fczde 30 gibi ciddi bir oranda art\u0131rmay\u0131 ba\u015fard\u0131k. Daralan i\u00e7 piyasa ve s\u0131k\u0131nt\u0131 ya\u015fayan ekonomimize ra\u011fmen 2012 y\u0131l\u0131n\u0131 da b\u00fcy\u00fcyerek kapatman\u0131n sevincini ya\u015f\u0131yoruz&#8221; dedi.<\/p>\n<p>Kaynak: <a href=\"http:\/\/www.energyworld.com.tr\/root.vol?title=-quotenerjinin-yuzde-75-39i-isinma-amacli-kullaniliyor-quot&amp;exec=page&amp;nid=511848\" target=\"_blank\">Enerji World<\/a><\/p>","protected":false},"excerpt":{"rendered":"<p>Sorry, this entry is only available in Turkish. For the sake of viewer convenience, the content is shown below in the alternative language. You may click the link to switch the active language.Kompen Genel M\u00fcd\u00fcr\u00fc Erdal K\u00fc\u00e7\u00fck\u015fehir, T\u00fcrkiye&#8217;nin enerji konusunda yeni stratejiler belirlemesinin yan\u0131nda enerjinin verimli kullan\u0131lmas\u0131 i\u00e7in ciddi ad\u0131mlar at\u0131lmas\u0131n\u0131n \u00fclke ekonomisine kazan\u0131mlar sa\u011flayaca\u011f\u0131n\u0131 [&hellip;]<\/p>\n","protected":false},"author":1,"featured_media":7727,"comment_status":"open","ping_status":"open","sticky":false,"template":"","format":"standard","meta":[],"categories":[53,52],"tags":[3126,3125,67,1789,103,148,18,12,3123,3122,3121,1439,3124,1420,793],"views":615,"_links":{"self":[{"href":"https:\/\/www.enerjigazetesi.ist\/en\/wp-json\/wp\/v2\/posts\/7726"}],"collection":[{"href":"https:\/\/www.enerjigazetesi.ist\/en\/wp-json\/wp\/v2\/posts"}],"about":[{"href":"https:\/\/www.enerjigazetesi.ist\/en\/wp-json\/wp\/v2\/types\/post"}],"author":[{"embeddable":true,"href":"https:\/\/www.enerjigazetesi.ist\/en\/wp-json\/wp\/v2\/users\/1"}],"replies":[{"embeddable":true,"href":"https:\/\/www.enerjigazetesi.ist\/en\/wp-json\/wp\/v2\/comments?post=7726"}],"version-history":[{"count":6,"href":"https:\/\/www.enerjigazetesi.ist\/en\/wp-json\/wp\/v2\/posts\/7726\/revisions"}],"predecessor-version":[{"id":7733,"href":"https:\/\/www.enerjigazetesi.ist\/en\/wp-json\/wp\/v2\/posts\/7726\/revisions\/7733"}],"wp:featuredmedia":[{"embeddable":true,"href":"https:\/\/www.enerjigazetesi.ist\/en\/wp-json\/wp\/v2\/media\/7727"}],"wp:attachment":[{"href":"https:\/\/www.enerjigazetesi.ist\/en\/wp-json\/wp\/v2\/media?parent=7726"}],"wp:term":[{"taxonomy":"category","embeddable":true,"href":"https:\/\/www.enerjigazetesi.ist\/en\/wp-json\/wp\/v2\/categories?post=7726"},{"taxonomy":"post_tag","embeddable":true,"href":"https:\/\/www.enerjigazetesi.ist\/en\/wp-json\/wp\/v2\/tags?post=7726"}],"curies":[{"name":"wp","href":"https:\/\/api.w.org\/{rel}","templated":true}]}}