{"id":77209,"date":"2018-08-06T16:36:54","date_gmt":"2018-08-06T13:36:54","guid":{"rendered":"https:\/\/www.enerjigazetesi.ist\/?p=77209"},"modified":"2018-08-06T17:09:34","modified_gmt":"2018-08-06T14:09:34","slug":"almanyadan-kendi-enerjisini-ureten-elektrik-kullanicilarina-tam-destek","status":"publish","type":"post","link":"https:\/\/www.enerjigazetesi.ist\/en\/almanyadan-kendi-enerjisini-ureten-elektrik-kullanicilarina-tam-destek\/","title":{"rendered":"(Turkish) Almanya&#8217;dan Kendi Enerjisini \u00dcreten Elektrik Kullan\u0131c\u0131lar\u0131na Tam Destek!"},"content":{"rendered":"<p class=\"qtranxs-available-languages-message qtranxs-available-languages-message-en\">Sorry, this entry is only available in <a href=\"https:\/\/www.enerjigazetesi.ist\/tr\/wp-json\/wp\/v2\/posts\/77209\" class=\"qtranxs-available-language-link qtranxs-available-language-link-tr\" title=\"Turkish\">Turkish<\/a>. For the sake of viewer convenience, the content is shown below in the alternative language. You may click the link to switch the active language.<\/p><p><strong>Yenilenebilir enerji sekt\u00f6r\u00fcnde ek \u00fccretleri azaltmaya y\u00f6nelik Almanya \u00e7ap\u0131nda yenilenebilir elektrik \u00fcretimini desteklemek i\u00e7in daha geni\u015f \u00e7apl\u0131 bir \u00e7abayla kojenerasyon tesislerinin kurulumuna da destek verilecek olan planlarla Avrupa Komisyonu devlet yard\u0131m\u0131 kurallar\u0131 uyar\u0131nca onayland\u0131.<\/strong><\/p>\n<p><img loading=\"lazy\" class=\"alignleft size-medium wp-image-77210\" src=\"https:\/\/www.enerjigazetesi.ist\/wp-content\/uploads\/2018\/08\/almanyadan-kendi-enerjisini-ureten-elektrik-kullanicilarina-tam-destek-300x166.jpg\" alt=\"\" width=\"300\" height=\"166\" srcset=\"https:\/\/www.enerjigazetesi.ist\/wp-content\/uploads\/2018\/08\/almanyadan-kendi-enerjisini-ureten-elektrik-kullanicilarina-tam-destek-300x166.jpg 300w, https:\/\/www.enerjigazetesi.ist\/wp-content\/uploads\/2018\/08\/almanyadan-kendi-enerjisini-ureten-elektrik-kullanicilarina-tam-destek-768x425.jpg 768w, https:\/\/www.enerjigazetesi.ist\/wp-content\/uploads\/2018\/08\/almanyadan-kendi-enerjisini-ureten-elektrik-kullanicilarina-tam-destek-500x277.jpg 500w, https:\/\/www.enerjigazetesi.ist\/wp-content\/uploads\/2018\/08\/almanyadan-kendi-enerjisini-ureten-elektrik-kullanicilarina-tam-destek-80x44.jpg 80w, https:\/\/www.enerjigazetesi.ist\/wp-content\/uploads\/2018\/08\/almanyadan-kendi-enerjisini-ureten-elektrik-kullanicilarina-tam-destek.jpg 880w\" sizes=\"(max-width: 300px) 100vw, 300px\" \/>Almanya, A\u011fustos 2014 tarihinden itibaren t\u00fcm elektrik kullan\u0131c\u0131lar\u0131nca \u00f6denen bir ek \u00fccret kar\u015f\u0131l\u0131\u011f\u0131nda yenilenebilir elektrik \u00fcretimini finanse etmektedir. Bu ek \u00fccret \u00e7er\u00e7evesinde kendi elektriklerini \u00fcreten kullan\u0131c\u0131lar taraf\u0131ndan da \u00f6deme sa\u011flan\u0131yor fakat yeni kurallar uyar\u0131nca, bu ek \u00fccretler, kojenerasyon veya kombine \u0131s\u0131 ve g\u00fc\u00e7 kullan\u0131m\u0131 ger\u00e7ekle\u015ftirecek kendi elektri\u011fini \u00fcretenler ise ikinci duruma d\u00fc\u015fm\u00fc\u015f olacak.<\/p>\n<p>Komisyon taraf\u0131ndan yeni plan ile yaln\u0131zca gerekli d\u0131\u015f yat\u0131r\u0131ma y\u00f6nelik deste\u011fin gereklili\u011fi ve elektrik jenerat\u00f6rlerinin a\u015f\u0131r\u0131 y\u00fcklenmesine yol a\u00e7mamas\u0131 ko\u015fuluyla y\u00fcksek verimli kojenerasyon tesislerinin kurulumunu destekleyece\u011fi a\u00e7\u0131kland\u0131.<\/p>","protected":false},"excerpt":{"rendered":"<p>Sorry, this entry is only available in Turkish. For the sake of viewer convenience, the content is shown below in the alternative language. You may click the link to switch the active language.Yenilenebilir enerji sekt\u00f6r\u00fcnde ek \u00fccretleri azaltmaya y\u00f6nelik Almanya \u00e7ap\u0131nda yenilenebilir elektrik \u00fcretimini desteklemek i\u00e7in daha geni\u015f \u00e7apl\u0131 bir \u00e7abayla kojenerasyon tesislerinin kurulumuna da [&hellip;]<\/p>\n","protected":false},"author":1,"featured_media":77210,"comment_status":"open","ping_status":"open","sticky":false,"template":"","format":"standard","meta":[],"categories":[51,53,49],"tags":[929,19,67,1009,2326,23416,2569,23133,23131,26829,3940],"views":771,"_links":{"self":[{"href":"https:\/\/www.enerjigazetesi.ist\/en\/wp-json\/wp\/v2\/posts\/77209"}],"collection":[{"href":"https:\/\/www.enerjigazetesi.ist\/en\/wp-json\/wp\/v2\/posts"}],"about":[{"href":"https:\/\/www.enerjigazetesi.ist\/en\/wp-json\/wp\/v2\/types\/post"}],"author":[{"embeddable":true,"href":"https:\/\/www.enerjigazetesi.ist\/en\/wp-json\/wp\/v2\/users\/1"}],"replies":[{"embeddable":true,"href":"https:\/\/www.enerjigazetesi.ist\/en\/wp-json\/wp\/v2\/comments?post=77209"}],"version-history":[{"count":3,"href":"https:\/\/www.enerjigazetesi.ist\/en\/wp-json\/wp\/v2\/posts\/77209\/revisions"}],"predecessor-version":[{"id":77216,"href":"https:\/\/www.enerjigazetesi.ist\/en\/wp-json\/wp\/v2\/posts\/77209\/revisions\/77216"}],"wp:featuredmedia":[{"embeddable":true,"href":"https:\/\/www.enerjigazetesi.ist\/en\/wp-json\/wp\/v2\/media\/77210"}],"wp:attachment":[{"href":"https:\/\/www.enerjigazetesi.ist\/en\/wp-json\/wp\/v2\/media?parent=77209"}],"wp:term":[{"taxonomy":"category","embeddable":true,"href":"https:\/\/www.enerjigazetesi.ist\/en\/wp-json\/wp\/v2\/categories?post=77209"},{"taxonomy":"post_tag","embeddable":true,"href":"https:\/\/www.enerjigazetesi.ist\/en\/wp-json\/wp\/v2\/tags?post=77209"}],"curies":[{"name":"wp","href":"https:\/\/api.w.org\/{rel}","templated":true}]}}