{"id":77131,"date":"2018-08-05T14:30:48","date_gmt":"2018-08-05T11:30:48","guid":{"rendered":"https:\/\/www.enerjigazetesi.ist\/?p=77131"},"modified":"2018-08-05T14:34:02","modified_gmt":"2018-08-05T11:34:02","slug":"kibrisin-tarimsal-atiklarindan-da-enerji-saglanacak","status":"publish","type":"post","link":"https:\/\/www.enerjigazetesi.ist\/en\/kibrisin-tarimsal-atiklarindan-da-enerji-saglanacak\/","title":{"rendered":"(Turkish) K\u0131br\u0131s\u2019\u0131n G\u00fcne\u015finden Sonra Tar\u0131msal At\u0131klar\u0131ndan da Enerji Sa\u011flanacak"},"content":{"rendered":"<p class=\"qtranxs-available-languages-message qtranxs-available-languages-message-en\">Sorry, this entry is only available in <a href=\"https:\/\/www.enerjigazetesi.ist\/tr\/wp-json\/wp\/v2\/posts\/77131\" class=\"qtranxs-available-language-link qtranxs-available-language-link-tr\" title=\"Turkish\">Turkish<\/a>. For the sake of viewer convenience, the content is shown below in the alternative language. You may click the link to switch the active language.<\/p><p><strong>Uluslararas\u0131 K\u0131br\u0131s \u00dcniversitesi (UK\u00dc) M\u00fchendislik Fak\u00fcltesi&#8217;nin akademisyen ve \u00f6\u011frencilerince \u0131s\u0131 ve enerji d\u00f6n\u00fc\u015f\u00fcm\u00fc i\u00e7in \u201cTar\u0131msal At\u0131klar\u0131n S\u00fcrd\u00fcr\u00fclebilir Enerjiye D\u00f6n\u00fc\u015f\u00fcm\u00fc ve \u00c7evreye Katk\u0131s\u0131\u201d projesi ile \u00fclkelerinin ba\u015fta arpa ve zeytin ba\u015fta olmak \u00fczere tar\u0131msal at\u0131klar\u0131ndan enerji elde edilecek.<img loading=\"lazy\" class=\"alignright size-medium wp-image-77132\" src=\"https:\/\/www.enerjigazetesi.ist\/wp-content\/uploads\/2018\/08\/kibrisin-tarimsal-atiklarindan-da-enerji-saglanacak-300x200.jpg\" alt=\"\" width=\"300\" height=\"200\" srcset=\"https:\/\/www.enerjigazetesi.ist\/wp-content\/uploads\/2018\/08\/kibrisin-tarimsal-atiklarindan-da-enerji-saglanacak-300x200.jpg 300w, https:\/\/www.enerjigazetesi.ist\/wp-content\/uploads\/2018\/08\/kibrisin-tarimsal-atiklarindan-da-enerji-saglanacak-768x511.jpg 768w, https:\/\/www.enerjigazetesi.ist\/wp-content\/uploads\/2018\/08\/kibrisin-tarimsal-atiklarindan-da-enerji-saglanacak-500x333.jpg 500w, https:\/\/www.enerjigazetesi.ist\/wp-content\/uploads\/2018\/08\/kibrisin-tarimsal-atiklarindan-da-enerji-saglanacak-75x50.jpg 75w, https:\/\/www.enerjigazetesi.ist\/wp-content\/uploads\/2018\/08\/kibrisin-tarimsal-atiklarindan-da-enerji-saglanacak.jpg 1000w\" sizes=\"(max-width: 300px) 100vw, 300px\" \/><\/strong><\/p>\n<p>UK\u00dc Rekt\u00f6rl\u00fck Koordinat\u00f6r\u00fc Yrd. Do\u00e7 Dr. Do\u011fa Kavaz a\u00e7\u0131klamas\u0131nda, \u00fcniversite b\u00fcnyesinde yer alan kendinden g\u00fc\u00e7 alan s\u00fcrd\u00fcr\u00fclebilir bir bina konumundaki yeni teknoloji binas\u0131n\u0131n, bina ile b\u00fct\u00fcnle\u015fik g\u00fcne\u015f enerjisi sistemiyle kendi g\u00fcne\u015f enerjisi kurulumunun yap\u0131ld\u0131\u011f\u0131n\u0131n ve bunun KKTC\u2019de ilk kez \u00fcniversitelerince uyguland\u0131\u011f\u0131n\u0131 dile getirdi.<\/p>\n<p>Kavaz ayr\u0131ca projenin, Uluslararas\u0131 Solar Energy dergisinde de yer ald\u0131\u011f\u0131na vurgu yaparak , \u201cBu t\u00fcr projeler vas\u0131tas\u0131yla i\u00e7inde ya\u015fad\u0131\u011f\u0131m\u0131z \u00fclkede hem k\u00fclt\u00fcrel miras\u0131m\u0131z\u0131 koruyacak hem de modern \u00e7a\u011f\u0131n getirdi\u011fi s\u00fcrd\u00fcr\u00fclebilir yeniliklerle bulu\u015facakt\u0131r.\u201d ifadelerini kulland\u0131.<\/p>","protected":false},"excerpt":{"rendered":"<p>Sorry, this entry is only available in Turkish. For the sake of viewer convenience, the content is shown below in the alternative language. You may click the link to switch the active language.Uluslararas\u0131 K\u0131br\u0131s \u00dcniversitesi (UK\u00dc) M\u00fchendislik Fak\u00fcltesi&#8217;nin akademisyen ve \u00f6\u011frencilerince \u0131s\u0131 ve enerji d\u00f6n\u00fc\u015f\u00fcm\u00fc i\u00e7in \u201cTar\u0131msal At\u0131klar\u0131n S\u00fcrd\u00fcr\u00fclebilir Enerjiye D\u00f6n\u00fc\u015f\u00fcm\u00fc ve \u00c7evreye Katk\u0131s\u0131\u201d projesi [&hellip;]<\/p>\n","protected":false},"author":1,"featured_media":77132,"comment_status":"open","ping_status":"open","sticky":false,"template":"","format":"standard","meta":[],"categories":[22893,51,53,49],"tags":[29816,67,1009,23416,23131,38665,38663,5865,5868,38664],"views":860,"_links":{"self":[{"href":"https:\/\/www.enerjigazetesi.ist\/en\/wp-json\/wp\/v2\/posts\/77131"}],"collection":[{"href":"https:\/\/www.enerjigazetesi.ist\/en\/wp-json\/wp\/v2\/posts"}],"about":[{"href":"https:\/\/www.enerjigazetesi.ist\/en\/wp-json\/wp\/v2\/types\/post"}],"author":[{"embeddable":true,"href":"https:\/\/www.enerjigazetesi.ist\/en\/wp-json\/wp\/v2\/users\/1"}],"replies":[{"embeddable":true,"href":"https:\/\/www.enerjigazetesi.ist\/en\/wp-json\/wp\/v2\/comments?post=77131"}],"version-history":[{"count":4,"href":"https:\/\/www.enerjigazetesi.ist\/en\/wp-json\/wp\/v2\/posts\/77131\/revisions"}],"predecessor-version":[{"id":77136,"href":"https:\/\/www.enerjigazetesi.ist\/en\/wp-json\/wp\/v2\/posts\/77131\/revisions\/77136"}],"wp:featuredmedia":[{"embeddable":true,"href":"https:\/\/www.enerjigazetesi.ist\/en\/wp-json\/wp\/v2\/media\/77132"}],"wp:attachment":[{"href":"https:\/\/www.enerjigazetesi.ist\/en\/wp-json\/wp\/v2\/media?parent=77131"}],"wp:term":[{"taxonomy":"category","embeddable":true,"href":"https:\/\/www.enerjigazetesi.ist\/en\/wp-json\/wp\/v2\/categories?post=77131"},{"taxonomy":"post_tag","embeddable":true,"href":"https:\/\/www.enerjigazetesi.ist\/en\/wp-json\/wp\/v2\/tags?post=77131"}],"curies":[{"name":"wp","href":"https:\/\/api.w.org\/{rel}","templated":true}]}}