{"id":7711,"date":"2013-03-04T17:12:42","date_gmt":"2013-03-04T14:12:42","guid":{"rendered":"https:\/\/www.enerjigazetesi.ist\/?p=7711"},"modified":"2013-03-04T17:12:42","modified_gmt":"2013-03-04T14:12:42","slug":"iran-ve-turkiyenin-yeni-gaz-anlasmasi-yapmasi-bekleniyor","status":"publish","type":"post","link":"https:\/\/www.enerjigazetesi.ist\/en\/iran-ve-turkiyenin-yeni-gaz-anlasmasi-yapmasi-bekleniyor\/","title":{"rendered":"(Turkish) \u0130ran ve T\u00fcrkiye\u2019nin Yeni Gaz Anla\u015fmas\u0131 Yapmas\u0131 Bekleniyor"},"content":{"rendered":"<p class=\"qtranxs-available-languages-message qtranxs-available-languages-message-en\">Sorry, this entry is only available in <a href=\"https:\/\/www.enerjigazetesi.ist\/tr\/wp-json\/wp\/v2\/posts\/7711\" class=\"qtranxs-available-language-link qtranxs-available-language-link-tr\" title=\"Turkish\">Turkish<\/a>. For the sake of viewer convenience, the content is shown below in the alternative language. You may click the link to switch the active language.<\/p><p><strong>\u0130ran ve T\u00fcrkiye\u2019nin enerji bakanlar\u0131n\u0131n bug\u00fcn yeni do\u011falgaz anla\u015fmas\u0131n\u0131 g\u00f6r\u00fc\u015ferek imzalamas\u0131 bekleniyor. 3. EKO enerji bakanlar\u0131 konferans\u0131 bug<img loading=\"lazy\" class=\"alignleft size-medium wp-image-7712\" title=\"Iranian worker works on phases 2-3 of South Pars gas field\" src=\"https:\/\/www.enerjigazetesi.ist\/wp-content\/uploads\/2013\/03\/iran-dogalgaz-akisi-yeniden-basladi-20121-300x211.jpg\" alt=\"\" width=\"300\" height=\"211\" srcset=\"https:\/\/www.enerjigazetesi.ist\/wp-content\/uploads\/2013\/03\/iran-dogalgaz-akisi-yeniden-basladi-20121-300x211.jpg 300w, https:\/\/www.enerjigazetesi.ist\/wp-content\/uploads\/2013\/03\/iran-dogalgaz-akisi-yeniden-basladi-20121-70x50.jpg 70w, https:\/\/www.enerjigazetesi.ist\/wp-content\/uploads\/2013\/03\/iran-dogalgaz-akisi-yeniden-basladi-20121.jpg 450w\" sizes=\"(max-width: 300px) 100vw, 300px\" \/>\u00fcn Tahran\u2019da, \u0130ran ve 9 \u00fclkenin enerji ve petrol bakanlar\u0131n\u0131n kat\u0131l\u0131m\u0131 ile ba\u015fl\u0131yor.<\/strong><\/p>\n<p>Fars Haber Ajans\u0131\u2019n\u0131n haberine g\u00f6re, konferans\u0131n kulisinde \u0130ran ve T\u00fcrkiye enerji yetkililerinin petrol ve do\u011falgaz al\u0131\u015f veri\u015fi konusunda m\u00fczakere edece\u011fi ve yeni bir anla\u015fma imzalayaca\u011f\u0131 belirtildi.<\/p>\n<p>Bundan \u00f6nce \u0130ran ve T\u00fcrkiye aras\u0131nda \u0130ran\u2019dan T\u00fcrkiye\u2019ye do\u011falgaz ihracat\u0131n\u0131n 5 milyon metrek\u00fcpe \u00e7\u0131kart\u0131lmas\u0131 ba\u011flam\u0131nda m\u00fczakereler ger\u00e7ekle\u015fmi\u015fti.<\/p>\n<p>EKO konferans\u0131 kulisinde yap\u0131lacak m\u00fczakerelerin ard\u0131ndan \u0130ran\u2019\u0131n T\u00fcrkiye\u2019ye do\u011falgaz ihracat\u0131n\u0131n 30 ila 35 milyon metrek\u00fcpe y\u00fckselmesi bekleniyor.<\/p>\n<p>Kaynak: <a href=\"http:\/\/enerjienstitusu.com\/2013\/03\/04\/iran-ve-turkiyenin-yeni-gaz-anlasmasi-yapmasi-bekleniyor\/\" target=\"_blank\">Enerji Enstit\u00fcs\u00fc<\/a><\/p>","protected":false},"excerpt":{"rendered":"<p>Sorry, this entry is only available in Turkish. For the sake of viewer convenience, the content is shown below in the alternative language. You may click the link to switch the active language.\u0130ran ve T\u00fcrkiye\u2019nin enerji bakanlar\u0131n\u0131n bug\u00fcn yeni do\u011falgaz anla\u015fmas\u0131n\u0131 g\u00f6r\u00fc\u015ferek imzalamas\u0131 bekleniyor. 3. EKO enerji bakanlar\u0131 konferans\u0131 bug\u00fcn Tahran\u2019da, \u0130ran ve 9 \u00fclkenin [&hellip;]<\/p>\n","protected":false},"author":1,"featured_media":7712,"comment_status":"open","ping_status":"open","sticky":false,"template":"","format":"standard","meta":[],"categories":[46,53],"tags":[1436,226,3108,67,1333,846],"views":467,"_links":{"self":[{"href":"https:\/\/www.enerjigazetesi.ist\/en\/wp-json\/wp\/v2\/posts\/7711"}],"collection":[{"href":"https:\/\/www.enerjigazetesi.ist\/en\/wp-json\/wp\/v2\/posts"}],"about":[{"href":"https:\/\/www.enerjigazetesi.ist\/en\/wp-json\/wp\/v2\/types\/post"}],"author":[{"embeddable":true,"href":"https:\/\/www.enerjigazetesi.ist\/en\/wp-json\/wp\/v2\/users\/1"}],"replies":[{"embeddable":true,"href":"https:\/\/www.enerjigazetesi.ist\/en\/wp-json\/wp\/v2\/comments?post=7711"}],"version-history":[{"count":2,"href":"https:\/\/www.enerjigazetesi.ist\/en\/wp-json\/wp\/v2\/posts\/7711\/revisions"}],"predecessor-version":[{"id":7714,"href":"https:\/\/www.enerjigazetesi.ist\/en\/wp-json\/wp\/v2\/posts\/7711\/revisions\/7714"}],"wp:featuredmedia":[{"embeddable":true,"href":"https:\/\/www.enerjigazetesi.ist\/en\/wp-json\/wp\/v2\/media\/7712"}],"wp:attachment":[{"href":"https:\/\/www.enerjigazetesi.ist\/en\/wp-json\/wp\/v2\/media?parent=7711"}],"wp:term":[{"taxonomy":"category","embeddable":true,"href":"https:\/\/www.enerjigazetesi.ist\/en\/wp-json\/wp\/v2\/categories?post=7711"},{"taxonomy":"post_tag","embeddable":true,"href":"https:\/\/www.enerjigazetesi.ist\/en\/wp-json\/wp\/v2\/tags?post=7711"}],"curies":[{"name":"wp","href":"https:\/\/api.w.org\/{rel}","templated":true}]}}