{"id":77099,"date":"2018-08-04T14:38:30","date_gmt":"2018-08-04T11:38:30","guid":{"rendered":"https:\/\/www.enerjigazetesi.ist\/?p=77099"},"modified":"2018-08-04T14:38:30","modified_gmt":"2018-08-04T11:38:30","slug":"global-fotovoltaik-endustrisi-istihdamini-asya-sirtliyor","status":"publish","type":"post","link":"https:\/\/www.enerjigazetesi.ist\/en\/global-fotovoltaik-endustrisi-istihdamini-asya-sirtliyor\/","title":{"rendered":"(Turkish) Global Fotovoltaik End\u00fcstrisi \u0130stihdam\u0131n\u0131 Asya S\u0131rtl\u0131yor"},"content":{"rendered":"<p class=\"qtranxs-available-languages-message qtranxs-available-languages-message-en\">Sorry, this entry is only available in <a href=\"https:\/\/www.enerjigazetesi.ist\/tr\/wp-json\/wp\/v2\/posts\/77099\" class=\"qtranxs-available-language-link qtranxs-available-language-link-tr\" title=\"Turkish\">Turkish<\/a>. For the sake of viewer convenience, the content is shown below in the alternative language. You may click the link to switch the active language.<\/p><p><strong>Uluslararas\u0131 Yenilenebilir Enerji Ajans\u0131&#8217;nca (IRENA) g\u00fcne\u015f enerjisi sekt\u00f6r\u00fc k\u00fcresel istihdam\u0131n\u0131n 2017 y\u0131l\u0131nda y\u00fczde 8,7 art\u0131\u015f g\u00f6stererek Asya\u2019n\u0131n ise toplam istihdam\u0131n \u00fc\u00e7te ikisine ev sahipli\u011fi yapt\u0131\u011f\u0131 a\u00e7\u0131kland\u0131.<\/strong><\/p>\n<p><img loading=\"lazy\" class=\"alignleft size-medium wp-image-77100\" src=\"https:\/\/www.enerjigazetesi.ist\/wp-content\/uploads\/2018\/08\/global-fotovoltaik-endustrisi-istihdamini-asya-sirtliyor-300x150.jpg\" alt=\"\" width=\"300\" height=\"150\" srcset=\"https:\/\/www.enerjigazetesi.ist\/wp-content\/uploads\/2018\/08\/global-fotovoltaik-endustrisi-istihdamini-asya-sirtliyor-300x150.jpg 300w, https:\/\/www.enerjigazetesi.ist\/wp-content\/uploads\/2018\/08\/global-fotovoltaik-endustrisi-istihdamini-asya-sirtliyor-500x250.jpg 500w, https:\/\/www.enerjigazetesi.ist\/wp-content\/uploads\/2018\/08\/global-fotovoltaik-endustrisi-istihdamini-asya-sirtliyor-80x40.jpg 80w, https:\/\/www.enerjigazetesi.ist\/wp-content\/uploads\/2018\/08\/global-fotovoltaik-endustrisi-istihdamini-asya-sirtliyor.jpg 640w\" sizes=\"(max-width: 300px) 100vw, 300px\" \/>IRENA 2018 Y\u0131l\u0131 \u0130stihdam Raporu verilerine g\u00f6re, g\u00fcne\u015f enerjisi sekt\u00f6r\u00fc d\u00fcnya \u00e7ap\u0131nda 94 gigavat g\u00fcc\u00fcnde rekor kurulum yap\u0131ld\u0131. \u00c7in, Hindistan, ABD ve Japonya y\u00fcksek istihdam yaratan pazarlar olurken, bu \u00fclkeleri T\u00fcrkiye, Almanya, Avustralya ve Kore takip etti.<\/p>\n<p>Sekt\u00f6rde en fazla istihdam sa\u011flayan 10 \u00fclkenin 8\u2019inin yer ald\u0131\u011f\u0131 Asya pazar\u0131 k\u00fcresel istihdam\u0131n y\u00fczde 88\u2019ini meydana getirmektedir. En \u015fa\u015f\u0131rt\u0131c\u0131s\u0131 ise ABD istihdam\u0131 ilk kez yakla\u015f\u0131k 233 bin ki\u015fiye gerilemesi olmu\u015ftur. G\u00fcne\u015f panelleri yayg\u0131nla\u015fma s\u00fcrecini s\u00fcrd\u00fcrd\u00fck\u00e7e \u00e7ok fazla say\u0131da \u00fclke, ba\u015fta kurulum, i\u015fletme ve bak\u0131m olmak \u00fczere tedarik zinciri \u00e7er\u00e7evesinde daha fazla istihdam olu\u015fturacakt\u0131r.<\/p>","protected":false},"excerpt":{"rendered":"<p>Sorry, this entry is only available in Turkish. For the sake of viewer convenience, the content is shown below in the alternative language. You may click the link to switch the active language.Uluslararas\u0131 Yenilenebilir Enerji Ajans\u0131&#8217;nca (IRENA) g\u00fcne\u015f enerjisi sekt\u00f6r\u00fc k\u00fcresel istihdam\u0131n\u0131n 2017 y\u0131l\u0131nda y\u00fczde 8,7 art\u0131\u015f g\u00f6stererek Asya\u2019n\u0131n ise toplam istihdam\u0131n \u00fc\u00e7te ikisine ev [&hellip;]<\/p>\n","protected":false},"author":1,"featured_media":77100,"comment_status":"open","ping_status":"open","sticky":false,"template":"","format":"standard","meta":[],"categories":[53,49],"tags":[67,1009,34923,23311,38654,3386,2833,3387,26829],"views":635,"_links":{"self":[{"href":"https:\/\/www.enerjigazetesi.ist\/en\/wp-json\/wp\/v2\/posts\/77099"}],"collection":[{"href":"https:\/\/www.enerjigazetesi.ist\/en\/wp-json\/wp\/v2\/posts"}],"about":[{"href":"https:\/\/www.enerjigazetesi.ist\/en\/wp-json\/wp\/v2\/types\/post"}],"author":[{"embeddable":true,"href":"https:\/\/www.enerjigazetesi.ist\/en\/wp-json\/wp\/v2\/users\/1"}],"replies":[{"embeddable":true,"href":"https:\/\/www.enerjigazetesi.ist\/en\/wp-json\/wp\/v2\/comments?post=77099"}],"version-history":[{"count":1,"href":"https:\/\/www.enerjigazetesi.ist\/en\/wp-json\/wp\/v2\/posts\/77099\/revisions"}],"predecessor-version":[{"id":77101,"href":"https:\/\/www.enerjigazetesi.ist\/en\/wp-json\/wp\/v2\/posts\/77099\/revisions\/77101"}],"wp:featuredmedia":[{"embeddable":true,"href":"https:\/\/www.enerjigazetesi.ist\/en\/wp-json\/wp\/v2\/media\/77100"}],"wp:attachment":[{"href":"https:\/\/www.enerjigazetesi.ist\/en\/wp-json\/wp\/v2\/media?parent=77099"}],"wp:term":[{"taxonomy":"category","embeddable":true,"href":"https:\/\/www.enerjigazetesi.ist\/en\/wp-json\/wp\/v2\/categories?post=77099"},{"taxonomy":"post_tag","embeddable":true,"href":"https:\/\/www.enerjigazetesi.ist\/en\/wp-json\/wp\/v2\/tags?post=77099"}],"curies":[{"name":"wp","href":"https:\/\/api.w.org\/{rel}","templated":true}]}}