{"id":77070,"date":"2018-08-03T14:54:53","date_gmt":"2018-08-03T11:54:53","guid":{"rendered":"https:\/\/www.enerjigazetesi.ist\/?p=77070"},"modified":"2018-08-03T14:54:53","modified_gmt":"2018-08-03T11:54:53","slug":"leed-gold-sertifikasina-sahip-ilk-klima-santrali-fabrikasi-eylulde-aciliyor-2","status":"publish","type":"post","link":"https:\/\/www.enerjigazetesi.ist\/en\/leed-gold-sertifikasina-sahip-ilk-klima-santrali-fabrikasi-eylulde-aciliyor-2\/","title":{"rendered":"(Turkish) LEED Gold Sertifikas\u0131&#8217;na Sahip \u0130lk Klima Santrali Fabrikas\u0131 Eyl\u00fcl\u2019de A\u00e7\u0131l\u0131yor"},"content":{"rendered":"<p class=\"qtranxs-available-languages-message qtranxs-available-languages-message-en\">Sorry, this entry is only available in <a href=\"https:\/\/www.enerjigazetesi.ist\/tr\/wp-json\/wp\/v2\/posts\/77070\" class=\"qtranxs-available-language-link qtranxs-available-language-link-tr\" title=\"Turkish\">Turkish<\/a>. For the sake of viewer convenience, the content is shown below in the alternative language. You may click the link to switch the active language.<\/p><p><\/p>\n<h4>Systemair\u00a0HSK taraf\u0131ndan T\u00fcrkiye Ortado\u011fu\u00a0ve Balkanlar i\u00e7in \u00fcretim \u00fcss\u00fc olarak belirlendi.<\/h4>\n<p>Fabrikalar, al\u0131\u015fveri\u015f merkezleri,\u00a0\u015fehir hastaneleri gibi dev projelerin\u00a0iklimlendirmesini sa\u011flayan klima santralleri sekt\u00f6r\u00fcnde T\u00fcrkiye pazar lideri olan\u00a0Systemair\u00a0HSK,\u00a0\u201cT\u00fcrkiye\u2019nin\u00a0\u2018Enerji ve \u00c7evre Dostu Tasar\u0131mda Liderlik\u2019\u00a0anlam\u0131na gelen\u00a0LEED Gold\u00a0Sertifikas\u0131\u2019na\u00a0sahip ilk\u00a0klima santrali\u00a0fabrikas\u0131\u201dn\u0131n\u00a0resmi <img loading=\"lazy\" class=\"alignleft size-medium wp-image-77071\" src=\"https:\/\/www.enerjigazetesi.ist\/wp-content\/uploads\/2018\/08\/leed-gold-sertifikasina-sahip-ilk-klima-santrali-fabrikasi-eylulde-aciliyor-2-300x169.jpg\" alt=\"\" width=\"300\" height=\"169\" srcset=\"https:\/\/www.enerjigazetesi.ist\/wp-content\/uploads\/2018\/08\/leed-gold-sertifikasina-sahip-ilk-klima-santrali-fabrikasi-eylulde-aciliyor-2-300x169.jpg 300w, https:\/\/www.enerjigazetesi.ist\/wp-content\/uploads\/2018\/08\/leed-gold-sertifikasina-sahip-ilk-klima-santrali-fabrikasi-eylulde-aciliyor-2-500x281.jpg 500w, https:\/\/www.enerjigazetesi.ist\/wp-content\/uploads\/2018\/08\/leed-gold-sertifikasina-sahip-ilk-klima-santrali-fabrikasi-eylulde-aciliyor-2-80x45.jpg 80w, https:\/\/www.enerjigazetesi.ist\/wp-content\/uploads\/2018\/08\/leed-gold-sertifikasina-sahip-ilk-klima-santrali-fabrikasi-eylulde-aciliyor-2.jpg 590w\" sizes=\"(max-width: 300px) 100vw, 300px\" \/>a\u00e7\u0131l\u0131\u015f\u0131n\u0131\u00a0Eyl\u00fcl ay\u0131nda\u00a0ger\u00e7ekle\u015ftirecek.\u00a0Dilovas\u0131 Makine \u0130htisas Organize Sanayi B\u00f6lgesi\u2019nde yakla\u015f\u0131k 28 bin\u00a0metrekare alana kurulu yeni fabrikan\u0131n,\u00a0\u00f6zellikle Ortado\u011fu ve Balkanlar i\u00e7in \u00fcretim \u00fcss\u00fc olmas\u0131 planlan\u0131yor.\u00a0Systemair\u00a0HSK\u2019n\u0131n\u00a0Had\u0131mk\u00f6y\u2019de konumlanan\u00a0bir \u00f6nceki\u00a0\u00fcretim\u00a0tesisinden yakla\u015f\u0131k iki kat daha b\u00fcy\u00fck olan yeni fabrika, hali haz\u0131rda tam kapasite olarak \u00fcretime ba\u015flam\u0131\u015f durumda.<\/p>\n<p>T\u00fcrkiye\u2019nin en b\u00fcy\u00fck iklimlendirme \u015firketlerinden\u00a0HSK\u2019n\u0131n\u00a0y\u00fczde 90 hissesini 2012 y\u0131l\u0131nda\u00a0sat\u0131n alan\u00a0d\u00fcnya iklimlendirme devi\u00a0Systemair,\u00a0son iki y\u0131l i\u00e7inde d\u00fcnya genelinde ger\u00e7ekle\u015ftirdi\u011fi en b\u00fcy\u00fck yat\u0131r\u0131m\u0131\u00a0olan\u00a0bu yeni fabrika\u00a0ile potansiyeline ve g\u00fcc\u00fcne inand\u0131\u011f\u0131 T\u00fcrkiye\u2019nin ekonomisi ve istihdam\u0131na\u00a0katk\u0131da bulunmaya kararl\u0131 oldu\u011funu ortaya koyuyor.<\/p>\n<p>\u00dclkemizde\u00a0fabrika yat\u0131r\u0131m\u0131n\u0131n y\u00fczde\u00a035\u2019i\u00a0i\u00e7in\u00a0Avrupa \u0130mar ve Kalk\u0131nma Bankas\u0131\u2019ndan (EBRD)\u00a0fon kullanan tek HVAC (\u0131s\u0131tma, so\u011futma ve iklimlendirme) markas\u0131 olan\u00a0Systemair\u00a0HSK, bu yat\u0131r\u0131m\u0131 ile i\u00e7 piyasaya \u00fcr\u00fcn\u00a0tedari\u011fi\u00a0ger\u00e7ekle\u015ftirecek olmakla birlikte daha \u00e7ok do\u011fu ile bat\u0131 aras\u0131nda k\u00f6pr\u00fc kurarak ihracata odaklanacak. B\u00f6lgesel bir g\u00fc\u00e7 olarak T\u00fcrki Cumhuriyetler ve Birle\u015fik Arap Emirlikleri\u2019ne ihracat\u0131n\u0131 art\u0131rmay\u0131\u00a0hedefleyen\u00a0Systemair\u00a0HSK, bu fabrika ile T\u00fcrkiye\u2019yi\u00a0\u00f6zellikle\u00a0Ortado\u011fu ve Balkanlar i\u00e7in \u00fcretim \u00fcss\u00fc olarak konumland\u0131r\u0131yor.\u00a0Son 6 y\u0131ld\u0131r klima santrali alan\u0131nda en fazla ihracat yapan 3. \u015firket olmay\u0131 ba\u015faran\u00a0Systemair\u00a0HSK, cirosu i\u00e7inde y\u00fczde 25\u00a0paya sahip olan ihracat oran\u0131n\u0131 h\u0131zla art\u0131rarak klima santrali pazar\u0131ndaki \u00fclke liderli\u011finin s\u0131n\u0131rlar\u0131n\u0131 geni\u015fletmeyi\u00a0 ama\u00e7l\u0131yor.\u00a0 End\u00fcstri\u00a04.0\u2019a\u00a0uyumlu altyap\u0131s\u0131\u00a0ile hedef pazarlar\u0131n ihtiya\u00e7lar\u0131na uygun \u00f6zelle\u015ftirilmi\u015f \u00fcr\u00fcnler \u00fcretme imkan\u0131 tan\u0131yan fabrika,\u00a0SystemairHSK\u2019n\u0131n\u00a0operasyonel\u00a0verimlili\u011fini\u00a0ve\u00a0uluslararas\u0131 standartlara uygun \u00fcr\u00fcnler \u00fcretme kapasitesini de\u00a0art\u0131racak.<\/p>\n<p><strong>Aile \u015firketinden\u00a0globalli\u011fe\u00a0uzanan ba\u015far\u0131 \u00f6yk\u00fcs\u00fc<\/strong><\/p>\n<p>\u0130klimlendirme sekt\u00f6r\u00fcn\u00fcn\u00a0duayen\u00a0isimlerinden Vural Ero\u011flu\u2019nun 1981 y\u0131l\u0131nda kurdu\u011fu ve 2010\u2019lu\u00a0 y\u0131llarda y\u00f6netim s\u00fcre\u00e7lerine\u00a0ikinci nesil olarak\u00a0Ay\u00e7a Ero\u011flu ve Ay\u015feg\u00fcl Ero\u011flu\u2019nun dahil oldu\u011fu\u00a0HSK, 2006\u00a0senesinden itibaren\u00a0her y\u0131l ortalama y\u00fczde 30 b\u00fcy\u00fcyen\u00a0ve 2008\u00a0y\u0131l\u0131ndan\u00a0itibaren\u00a0T\u00fcrkiye\u2019de klima santralleri\u00a0sekt\u00f6r\u00fcnde\u00a0pazar liderli\u011fine\u00a0yerle\u015fen bir firma konumundayd\u0131.\u00a0\u0130novatif\u00a0\u00fcr\u00fcnleri ve patentli teknolojilerinin yan\u0131 s\u0131ra m\u00fchendislik alan\u0131ndaki deneyimi, g\u00fc\u00e7l\u00fc\u00a0know-how\u2019\u0131\u00a0ve y\u00fcksek ihracat potansiyeli ile \u00f6ne \u00e7\u0131kan HSK, bu sayede T\u00fcrkiye\u2019de 2000 y\u0131l\u0131ndan beri sat\u0131\u015f ofisleri bulunan\u00a0d\u00fcnya iklimlendirme devi\u00a0Systemair\u2019\u0131n\u00a0ilgisini \u00e7ekti.\u00a01974 y\u0131l\u0131nda\u00a0\u0130sve\u00e7\u2019te kurulmu\u015f ve \u00f6zellikle klima\u00a0 fanlar\u0131\u00a0 alan\u0131nda\u00a0d\u00fcnya \u00e7ap\u0131nda\u00a0\u00fcretim ger\u00e7ekle\u015ftiren\u00a0Systemair;\u00a060 \u00fclkede faaliyet g\u00f6steren, 27\u00a0fabrikas\u0131 ile\u00a0toplam 330\u00a0bin metrekareyi a\u015fk\u0131n \u00fcretim alan\u0131\u00a0bulunan,\u00a06\u00a0bin<a name=\"_GoBack\"><\/a>\u00a0ki\u015fiye istihdam sa\u011flayan, 750 milyon Euro\u00a0ciroya ve finansal de\u011ferlendirmede en y\u00fcksek kredi notuna (AAA) sahip bir firma olarak dikkat \u00e7ekiyor. 2012 y\u0131l\u0131nda\u00a0HSK\u2019n\u0131n\u00a0y\u00fczde 90\u00a0hissesini sat\u0131n alan\u00a0Systemair, bu tarihten itibaren\u00a0 Systemair\u00a0 HSK olarak \u00e7ok daha g\u00fc\u00e7l\u00fc bir organizasyon yap\u0131s\u0131 ve y\u00fcksek hedeflerle yola devam ediyor.<\/p>","protected":false},"excerpt":{"rendered":"<p>Sorry, this entry is only available in Turkish. For the sake of viewer convenience, the content is shown below in the alternative language. You may click the link to switch the active language. Systemair\u00a0HSK taraf\u0131ndan T\u00fcrkiye Ortado\u011fu\u00a0ve Balkanlar i\u00e7in \u00fcretim \u00fcss\u00fc olarak belirlendi. Fabrikalar, al\u0131\u015fveri\u015f merkezleri,\u00a0\u015fehir hastaneleri gibi dev projelerin\u00a0iklimlendirmesini sa\u011flayan klima santralleri sekt\u00f6r\u00fcnde T\u00fcrkiye [&hellip;]<\/p>\n","protected":false},"author":1,"featured_media":77071,"comment_status":"open","ping_status":"open","sticky":false,"template":"","format":"standard","meta":[],"categories":[51,53,52],"tags":[1258,1259,67,1009,12,19044,38637,3413,38355,793],"views":755,"_links":{"self":[{"href":"https:\/\/www.enerjigazetesi.ist\/en\/wp-json\/wp\/v2\/posts\/77070"}],"collection":[{"href":"https:\/\/www.enerjigazetesi.ist\/en\/wp-json\/wp\/v2\/posts"}],"about":[{"href":"https:\/\/www.enerjigazetesi.ist\/en\/wp-json\/wp\/v2\/types\/post"}],"author":[{"embeddable":true,"href":"https:\/\/www.enerjigazetesi.ist\/en\/wp-json\/wp\/v2\/users\/1"}],"replies":[{"embeddable":true,"href":"https:\/\/www.enerjigazetesi.ist\/en\/wp-json\/wp\/v2\/comments?post=77070"}],"version-history":[{"count":1,"href":"https:\/\/www.enerjigazetesi.ist\/en\/wp-json\/wp\/v2\/posts\/77070\/revisions"}],"predecessor-version":[{"id":77072,"href":"https:\/\/www.enerjigazetesi.ist\/en\/wp-json\/wp\/v2\/posts\/77070\/revisions\/77072"}],"wp:featuredmedia":[{"embeddable":true,"href":"https:\/\/www.enerjigazetesi.ist\/en\/wp-json\/wp\/v2\/media\/77071"}],"wp:attachment":[{"href":"https:\/\/www.enerjigazetesi.ist\/en\/wp-json\/wp\/v2\/media?parent=77070"}],"wp:term":[{"taxonomy":"category","embeddable":true,"href":"https:\/\/www.enerjigazetesi.ist\/en\/wp-json\/wp\/v2\/categories?post=77070"},{"taxonomy":"post_tag","embeddable":true,"href":"https:\/\/www.enerjigazetesi.ist\/en\/wp-json\/wp\/v2\/tags?post=77070"}],"curies":[{"name":"wp","href":"https:\/\/api.w.org\/{rel}","templated":true}]}}