{"id":77067,"date":"2018-08-03T11:37:57","date_gmt":"2018-08-03T08:37:57","guid":{"rendered":"https:\/\/www.enerjigazetesi.ist\/?p=77067"},"modified":"2018-08-03T11:37:57","modified_gmt":"2018-08-03T08:37:57","slug":"yenilenebilir-enerji-yatirimlarinda-gerceklesen-dusus-alarm-veriyor","status":"publish","type":"post","link":"https:\/\/www.enerjigazetesi.ist\/en\/yenilenebilir-enerji-yatirimlarinda-gerceklesen-dusus-alarm-veriyor\/","title":{"rendered":"(Turkish) Yenilenebilir Enerji Yat\u0131r\u0131mlar\u0131nda Ger\u00e7ekle\u015fen D\u00fc\u015f\u00fc\u015f Alarm Veriyor"},"content":{"rendered":"<p class=\"qtranxs-available-languages-message qtranxs-available-languages-message-en\">Sorry, this entry is only available in <a href=\"https:\/\/www.enerjigazetesi.ist\/tr\/wp-json\/wp\/v2\/posts\/77067\" class=\"qtranxs-available-language-link qtranxs-available-language-link-tr\" title=\"Turkish\">Turkish<\/a>. For the sake of viewer convenience, the content is shown below in the alternative language. You may click the link to switch the active language.<\/p><p><\/p>\n<div id=\"wrapper\">\n<div id=\"main\">\n<section id=\"haber10\">\n<div class=\"container\">\n<p><strong>Uluslararas\u0131 Enerji Ajans\u0131\u2019n\u0131n (UEA) D\u00fcnya Enerji Yat\u0131r\u0131mlar\u0131 raporuna g\u00f6re d\u00fcnya genelinde yenilenebilir enerjiye olan yat\u0131r\u0131m 2017 y\u0131l\u0131nda %7 azalarak son 15 y\u0131ldaki en b\u00fcy\u00fck d\u00fc\u015f\u00fc\u015f\u00fcn\u00fc kaydetti. D\u00fc\u015f\u00fc\u015f\u00fcn bir k\u0131sm\u0131 g\u00fcne\u015f enerjisi gibi yenilenebilir kaynaklar\u0131n maliyetlerindeki azalmadan kaynaklan\u0131yor olmas\u0131na ra\u011fmen, yat\u0131r\u0131mdaki d\u00fc\u015f\u00fc\u015f yine de alarm veren niteliktedir.<\/strong><\/p>\n<p>Yenilenebilir kaynaklar s\u00fcrd\u00fcr\u00fclebilir enerji gelece\u011finin vazge\u00e7ilmez bir par\u00e7as\u0131, ve d\u00fcnyadaki iklim de\u011fi\u015fikli\u011fi, temiz hava ve enerji eri\u015fimi hedeflerine ula\u015fmak i\u00e7in h\u0131zla geli\u015fmek zorunda. UEA S\u00fcrd\u00fcr\u00fclebilir Kalk\u0131nma Senaryosu\u2019nda \u00f6ng\u00f6r\u00fcld\u00fc\u011f\u00fc \u00fczere, 2030\u2019a kadar y\u0131ll\u0131k yakla\u015f\u0131k 550 milyar dolar\u0131 bulan bu hedeflere ula\u015f\u0131lmas\u0131 i\u00e7in yeni yenilenebilir \u00fcretiminin h\u0131zl\u0131 bir \u015fekilde y\u00fckselmesi ve <img loading=\"lazy\" class=\"alignright size-medium wp-image-77068\" src=\"https:\/\/www.enerjigazetesi.ist\/wp-content\/uploads\/2018\/08\/yenilenebilir-enerji-yatirimlarinda-gerceklesen-dusus-alarm-veriyor-300x200.jpg\" alt=\"\" width=\"300\" height=\"200\" srcset=\"https:\/\/www.enerjigazetesi.ist\/wp-content\/uploads\/2018\/08\/yenilenebilir-enerji-yatirimlarinda-gerceklesen-dusus-alarm-veriyor-300x200.jpg 300w, https:\/\/www.enerjigazetesi.ist\/wp-content\/uploads\/2018\/08\/yenilenebilir-enerji-yatirimlarinda-gerceklesen-dusus-alarm-veriyor-768x512.jpg 768w, https:\/\/www.enerjigazetesi.ist\/wp-content\/uploads\/2018\/08\/yenilenebilir-enerji-yatirimlarinda-gerceklesen-dusus-alarm-veriyor-1024x683.jpg 1024w, https:\/\/www.enerjigazetesi.ist\/wp-content\/uploads\/2018\/08\/yenilenebilir-enerji-yatirimlarinda-gerceklesen-dusus-alarm-veriyor-500x333.jpg 500w, https:\/\/www.enerjigazetesi.ist\/wp-content\/uploads\/2018\/08\/yenilenebilir-enerji-yatirimlarinda-gerceklesen-dusus-alarm-veriyor-75x50.jpg 75w, https:\/\/www.enerjigazetesi.ist\/wp-content\/uploads\/2018\/08\/yenilenebilir-enerji-yatirimlarinda-gerceklesen-dusus-alarm-veriyor.jpg 1500w\" sizes=\"(max-width: 300px) 100vw, 300px\" \/>yenilenebilir elektri\u011fe olan k\u00fcresel yat\u0131r\u0131m\u0131n neredeyse iki kat\u0131na \u00e7\u0131kmas\u0131 gerekiyor.<\/p>\n<p>\u0130lk bak\u0131\u015fta, 2017, t\u00fcm elektrik \u00fcretim yat\u0131r\u0131mlar\u0131n\u0131 3\u2019te 2\u2019sini olu\u015fturan yenilenebilir kaynaklar i\u00e7in \u00e7ok g\u00fczel bir y\u0131ld\u0131. G\u00fcne\u015f santrali kurulumlar\u0131ndaki %25\u2019lik geli\u015fme ve a\u00e7\u0131k deniz r\u00fczgar\u0131ndaki rekor b\u00fcy\u00fcme ile desteklenen k\u00fcresel yenilenebilir g\u00fc\u00e7 kapasite eklemeleri en y\u00fcksek de\u011ferine ula\u015ft\u0131. Yenilenebilir g\u00fcc\u00fcn toplam kurulu baz\u0131ndan elde edilen \u00e7\u0131kt\u0131 %6 y\u00fckseldi.<\/p>\n<p>Semaye maliyetleri g\u00fcne\u015f i\u00e7in %15, k\u0131y\u0131 r\u00fczgar\u0131 i\u00e7in %5 olmak \u00fczere d\u00fc\u015fmeye devam etti. Fotovoltaik mod\u00fcller gibi kilit teknolojilerin daha iyi fiyatland\u0131rmas\u0131 ekonomileri desteklerken, kurulumlarda da daha d\u00fc\u015f\u00fck maliyetli b\u00f6lgelere do\u011fru kaymalar g\u00f6r\u00fcl\u00fcyor.<\/p>\n<p>T\u00fcm bu fakt\u00f6rler \u00fcretimde maliyet azalt\u0131m\u0131n\u0131 destekliyor ve geli\u015fmekte olan ekonomilerde yenilebilir ihalelerinde projeler i\u00e7in y\u00fcksek \u00f6l\u00e7ek \u00f6d\u00fcllendiriliyor. Daha ucuz bor\u00e7 ve daha b\u00fcy\u00fck t\u00fcrbinler Avrupa\u2019da a\u00e7\u0131k deniz r\u00fczgar\u0131ndan elektrik \u00fcretim maliyetlerini d\u00fc\u015f\u00fcr\u00fcyor.<\/p>\n<p>Yenilenebilirlerin alg\u0131sal olgunlu\u011fu ve daha iyi risk y\u00f6netimi daha fazla say\u0131da bilan\u00e7o d\u0131\u015f\u0131 finansman yap\u0131s\u0131n\u0131 kolayla\u015ft\u0131yor, finansal kaynak \u00e7e\u015fitlili\u011fi sa\u011fl\u0131yor. Bu trendler k\u00fcresel anlamda daha fazla f\u0131rsat yarat\u0131yor.<\/p>\n<p>Ancak 2017 verileri kapasite, yeni \u00fcretim ve gelecek yat\u0131r\u0131m trendleriyle ilgili alarm veren i\u015faretler de ortaya koyuyor, bunun bir k\u0131sm\u0131 yenilenebilir enerji yay\u0131l\u0131m\u0131n\u0131n \u00c7in gibi politika belirsizli\u011fi olan \u00fclkelerde yo\u011funla\u015fmas\u0131ndan kaynaklan\u0131yor.<\/p>\n<p>2017\u2019de, toplam yenilenebilir kapasite eklemeleri temelde sadece %2 b\u00fcy\u00fcme g\u00f6sterdi. Bunun aksine, kapasite eklemeleri 2014 \u2013 2016 aras\u0131nda %13 ortalama y\u0131ll\u0131k b\u00fcy\u00fcme kaydetmi\u015fti. B\u00fcy\u00fcmedeki d\u00fc\u015f\u00fc\u015f\u00fcn sebebi ise g\u00fcne\u015fe g\u00f6re kapasite ba\u015f\u0131na daha fazla enerji \u00fcretmesine ra\u011fmen daha az s\u00fcrede k\u0131y\u0131 r\u00fczgar\u0131 ve hidroelektrik santralin hizmete a\u00e7\u0131lmas\u0131.<\/p>\n<p>Sonu\u00e7 olarak, 2017 y\u0131l\u0131nda yenilenebilir yat\u0131r\u0131mlardan gelen ek elektrik \u00fcretimi, kapasite eklemelerindeki b\u00fcy\u00fcmenin aksine bir \u00f6nceki y\u0131la g\u00f6re y\u0131ll\u0131k %7\u2019lik bir d\u00fc\u015f\u00fc\u015f\u00fc i\u015faret ediyor.<\/p>\n<p><strong>Kaynak: <\/strong><a href=\"https:\/\/www.iea.org\/newsroom\/news\/2018\/july\/commentary-despite-falling-costs-the-decline-in-renewables-investment-is-a-warn.html?utm_content=buffer6bdc6&amp;utm_medium=social&amp;utm_source=twitter.com&amp;utm_campaign=buffer\" target=\"_blank\" rel=\"noopener\"><strong><em>IEA<\/em><\/strong><\/a><\/p>\n<\/div>\n<\/section>\n<\/div>\n<\/div>\n<p><\/p>","protected":false},"excerpt":{"rendered":"<p>Sorry, this entry is only available in Turkish. For the sake of viewer convenience, the content is shown below in the alternative language. You may click the link to switch the active language. Uluslararas\u0131 Enerji Ajans\u0131\u2019n\u0131n (UEA) D\u00fcnya Enerji Yat\u0131r\u0131mlar\u0131 raporuna g\u00f6re d\u00fcnya genelinde yenilenebilir enerjiye olan yat\u0131r\u0131m 2017 y\u0131l\u0131nda %7 azalarak son 15 y\u0131ldaki [&hellip;]<\/p>\n","protected":false},"author":1,"featured_media":77068,"comment_status":"open","ping_status":"open","sticky":false,"template":"","format":"standard","meta":[],"categories":[51,53,49,50],"tags":[67,1009,35038,23416,35002,24949,5873,1022,26829],"views":813,"_links":{"self":[{"href":"https:\/\/www.enerjigazetesi.ist\/en\/wp-json\/wp\/v2\/posts\/77067"}],"collection":[{"href":"https:\/\/www.enerjigazetesi.ist\/en\/wp-json\/wp\/v2\/posts"}],"about":[{"href":"https:\/\/www.enerjigazetesi.ist\/en\/wp-json\/wp\/v2\/types\/post"}],"author":[{"embeddable":true,"href":"https:\/\/www.enerjigazetesi.ist\/en\/wp-json\/wp\/v2\/users\/1"}],"replies":[{"embeddable":true,"href":"https:\/\/www.enerjigazetesi.ist\/en\/wp-json\/wp\/v2\/comments?post=77067"}],"version-history":[{"count":1,"href":"https:\/\/www.enerjigazetesi.ist\/en\/wp-json\/wp\/v2\/posts\/77067\/revisions"}],"predecessor-version":[{"id":77069,"href":"https:\/\/www.enerjigazetesi.ist\/en\/wp-json\/wp\/v2\/posts\/77067\/revisions\/77069"}],"wp:featuredmedia":[{"embeddable":true,"href":"https:\/\/www.enerjigazetesi.ist\/en\/wp-json\/wp\/v2\/media\/77068"}],"wp:attachment":[{"href":"https:\/\/www.enerjigazetesi.ist\/en\/wp-json\/wp\/v2\/media?parent=77067"}],"wp:term":[{"taxonomy":"category","embeddable":true,"href":"https:\/\/www.enerjigazetesi.ist\/en\/wp-json\/wp\/v2\/categories?post=77067"},{"taxonomy":"post_tag","embeddable":true,"href":"https:\/\/www.enerjigazetesi.ist\/en\/wp-json\/wp\/v2\/tags?post=77067"}],"curies":[{"name":"wp","href":"https:\/\/api.w.org\/{rel}","templated":true}]}}