{"id":77056,"date":"2018-08-03T11:03:36","date_gmt":"2018-08-03T08:03:36","guid":{"rendered":"https:\/\/www.enerjigazetesi.ist\/?p=77056"},"modified":"2018-08-03T11:04:36","modified_gmt":"2018-08-03T08:04:36","slug":"pelesen-izoder-olarak-amacimiz-yalitim-bilincinin-artmasini-saglamak","status":"publish","type":"post","link":"https:\/\/www.enerjigazetesi.ist\/en\/pelesen-izoder-olarak-amacimiz-yalitim-bilincinin-artmasini-saglamak\/","title":{"rendered":"(Turkish) Pelesen: &#8220;\u0130ZODER Olarak Amac\u0131m\u0131z Yal\u0131t\u0131m Bilincinin Artmas\u0131n\u0131 Sa\u011flamak&#8221;"},"content":{"rendered":"<p class=\"qtranxs-available-languages-message qtranxs-available-languages-message-en\">Sorry, this entry is only available in <a href=\"https:\/\/www.enerjigazetesi.ist\/tr\/wp-json\/wp\/v2\/posts\/77056\" class=\"qtranxs-available-language-link qtranxs-available-language-link-tr\" title=\"Turkish\">Turkish<\/a>. For the sake of viewer convenience, the content is shown below in the alternative language. You may click the link to switch the active language.<\/p><p><strong>\u0130ZODER\u2019in \u00fclke genelinde yal\u0131t\u0131m bilincini art\u0131rmak, kamu ile sekt\u00f6r temsilcilerini bulu\u015fturmak, vatanda\u015flara \u00e7\u00f6z\u00fcm \u00f6nerileri sunmak amac\u0131yla ger\u00e7ekle\u015ftirdi\u011fi T\u00fcm Y\u00f6nleriyle Yal\u0131t\u0131m Seminerleri devam ediyor. Yal\u0131t\u0131m sekt\u00f6r\u00fcn\u00fcn \u00e7at\u0131 \u00f6rg\u00fct\u00fc olarak Anadolu\u2019ya y\u00f6neldiklerini belirten \u0130ZODER Ba\u015fkan\u0131 Levent Pelesen, \u201cAmac\u0131m\u0131z, yurt genelinde yal\u0131t\u0131m bilincini art\u0131rmak ve \u00fclkemiz i\u00e7in stratejik \u00f6neme sahip bir konuda fark\u0131ndal\u0131k yaratmakt\u0131r\u201d dedi.<\/strong><\/p>\n<p><strong><img loading=\"lazy\" class=\"alignleft size-medium wp-image-77057\" src=\"https:\/\/www.enerjigazetesi.ist\/wp-content\/uploads\/2018\/08\/pelesen-izoder-olarak-amacimiz-yalitim-bilincinin-artmasini-saglamak-300x200.jpg\" alt=\"\" width=\"300\" height=\"200\" srcset=\"https:\/\/www.enerjigazetesi.ist\/wp-content\/uploads\/2018\/08\/pelesen-izoder-olarak-amacimiz-yalitim-bilincinin-artmasini-saglamak-300x200.jpg 300w, https:\/\/www.enerjigazetesi.ist\/wp-content\/uploads\/2018\/08\/pelesen-izoder-olarak-amacimiz-yalitim-bilincinin-artmasini-saglamak-500x334.jpg 500w, https:\/\/www.enerjigazetesi.ist\/wp-content\/uploads\/2018\/08\/pelesen-izoder-olarak-amacimiz-yalitim-bilincinin-artmasini-saglamak-75x50.jpg 75w, https:\/\/www.enerjigazetesi.ist\/wp-content\/uploads\/2018\/08\/pelesen-izoder-olarak-amacimiz-yalitim-bilincinin-artmasini-saglamak.jpg 731w\" sizes=\"(max-width: 300px) 100vw, 300px\" \/><\/strong>&#8216;T\u00fcm Y\u00f6nleriyle Yal\u0131t\u0131m Seminerleri\u2019nin be\u015fincisi Megaboard partnerli\u011finde, Bonus, Mardav, Ode, Ravaber, Terrawool ve Saint-Gobain Weber sponsorlu\u011funda Windy Hill Hotel Elaz\u0131\u011f\u2019da d\u00fczenlendi.<\/p>\n<p><strong>&#8216;<\/strong><strong>T\u00fcm Y\u00f6nleriyle Yal\u0131t\u0131m Semineri-Elaz\u0131\u011f<\/strong><strong>&#8216;,\u00a0<\/strong>Elaz\u0131\u011f \u00c7evre ve \u015eehircilik \u0130l M\u00fcd\u00fcr\u00fc\u00a0<strong>Mustafa Pirin\u00e7\u00e7i<\/strong>, Elaz\u0131\u011f Ticaret ve Sanayi Odas\u0131 Ba\u015fkan\u0131\u00a0<strong>Asilhan Arslan<\/strong>, \u0130ZODER Ba\u015fkan\u0131\u00a0<strong>Levent Pelesen<\/strong>, \u00f6\u011fretim \u00fcyeleri, mimar ve m\u00fchendislerin yan\u0131 s\u0131ra, kamu, STK ve sekt\u00f6r temsilcilerinin kat\u0131l\u0131m\u0131yla ger\u00e7ekle\u015fti.<\/p>\n<p><strong>Elaz\u0131\u011f \u00c7evre ve \u015eehircilik \u0130l M\u00fcd\u00fcr\u00fc Mustafa Pirin\u00e7\u00e7i<\/strong>\u00a0yapt\u0131\u011f\u0131 a\u00e7\u0131l\u0131\u015f konu\u015fmas\u0131nda, yal\u0131t\u0131m\u0131n insan sa\u011fl\u0131\u011f\u0131 ve konforu i\u00e7in vazge\u00e7ilmez bir unsur oldu\u011funu vurgulayarak, bu konuda yap\u0131lan yasal d\u00fczenlemelerin takip\u00e7isi olduklar\u0131n\u0131 belirtti.\u00a0<strong>Elaz\u0131\u011f Ticaret ve Sanayi Odas\u0131 Ba\u015fkan\u0131 Asilhan Arslan<\/strong>\u00a0ise yal\u0131t\u0131m\u0131n \u00f6nemine de\u011finerek, T\u00fcrkiye&#8217;de yal\u0131t\u0131m\u0131n yayg\u0131nla\u015fmas\u0131 ve yal\u0131t\u0131m bilincinin art\u0131r\u0131lmas\u0131 i\u00e7in ger\u00e7ekle\u015fen \u00e7al\u0131\u015fmalar\u0131n destek\u00e7isi olmaya devam edeceklerini ifade etti.<\/p>\n<p>\u00dclke genelinde yal\u0131t\u0131m bilincini art\u0131rmak, kamu ile sekt\u00f6r temsilcilerini bulu\u015fturmak, vatanda\u015flara \u00e7\u00f6z\u00fcm \u00f6nerileri sunmak amac\u0131yla Anadolu\u2019ya y\u00f6neldiklerini belirten\u00a0<strong>\u0130ZODER Ba\u015fkan\u0131 Levent Pelesen<\/strong>, &#8221; Son yasal d\u00fczenlemelerle birlikte yal\u0131t\u0131m sekt\u00f6r\u00fcn\u00fcn geli\u015fimi ivme kazand\u0131. Sekt\u00f6r\u00fcm\u00fcz\u00fcn y\u0131llard\u0131r bekledi\u011fi &#8216;Binalarda Su Yal\u0131t\u0131m\u0131 Y\u00f6netmeli\u011fi ve Binalar\u0131n G\u00fcr\u00fclt\u00fcye Kar\u015f\u0131 Korunmas\u0131 Hakk\u0131nda Y\u00f6netmelik&#8217; \u0130ZODER \u00e7al\u0131\u015fanlar\u0131n\u0131n y\u0131llar s\u00fcren emek ve katk\u0131lar\u0131 ile \u00fclkemize kazand\u0131r\u0131ld\u0131. Is\u0131, su, ses ve yang\u0131n yal\u0131t\u0131m\u0131, her \u015feyden \u00f6nce T\u00fcrkiye\u2019nin gelece\u011fi i\u00e7in stratejik \u00f6neme sahip bir konu. Vatanda\u015flar\u0131n yal\u0131t\u0131m konusunda do\u011fru bilgilere sahip olmas\u0131 \u00e7ok \u00f6nemli \u00e7\u00fcnk\u00fc t\u00fcm yal\u0131t\u0131m uygulamalar\u0131yla, g\u00fcvenli, sa\u011fl\u0131kl\u0131 ve konforlu ya\u015fam alanlar\u0131na sahip oluyoruz. Elbette eksiklikler, d\u00fczeltmeler olacakt\u0131r ancak \u00f6nemli olan, sekt\u00f6r\u00fcn bir nirengi noktas\u0131 kazanmas\u0131d\u0131r. Ayr\u0131ca Bakanl\u0131\u011f\u0131m\u0131z\u0131n bize verdi\u011fi g\u00f6rev ve yetkiyle Su ve Ses Yal\u0131t\u0131m\u0131 Y\u00f6netmelik K\u0131lavuzlar\u0131n\u0131n yaz\u0131lmas\u0131 i\u00e7in de \u00e7al\u0131\u015fmalar\u0131 ba\u015flatt\u0131k. K\u0131lavuzlar\u0131n da do\u011fru yal\u0131t\u0131m uygulamalar\u0131 i\u00e7in sekt\u00f6re katk\u0131s\u0131 b\u00fcy\u00fck olacakt\u0131r&#8221; diye konu\u015ftu.<\/p>\n<p><strong>Bir sonraki durak Antalya<\/strong><\/p>\n<p><strong>Levent Pelesen<\/strong>\u00a0konu\u015fmas\u0131n\u0131 \u015f\u00f6yle tamamlad\u0131: \u201c\u0130ZODER olarak, \u00c7evre ve \u015eehircilik Bakanl\u0131\u011f\u0131 i\u015fbirli\u011fi ile Ekim 2017\u2019de \u0130zmir\u2019de y\u00fcksek bir kat\u0131l\u0131mla ba\u015flayan seminer dizimize, Ocak 2018\u2019de Ankara\u2019da, Mart 2018&#8217;de Adana&#8217;da, 19 Nisan\u2019da Kayseri\u2019de devam ettik. Bug\u00fcn, y\u00fczy\u0131llard\u0131r bir\u00e7ok uygarl\u0131\u011fa ev sahipli\u011fi yapan Elaz\u0131\u011f\u2019day\u0131z. Elaz\u0131\u011f\u2019\u0131, Antalya ve Trabzon illerimiz takip edecek. Finali ise \u0130stanbul\u2019da yapaca\u011f\u0131z. Bug\u00fcne kadar ger\u00e7ekle\u015ftirdi\u011fimiz seminerlerin g\u00f6rd\u00fc\u011f\u00fc yo\u011fun ilgi, Anadolu\u2019ya a\u00e7\u0131lma stratejisinin ne kadar \u00f6nemli oldu\u011funu bizlere bir kez daha g\u00f6sterdi. Hedefimiz bu seminerler dizisini 2019 y\u0131l\u0131nda da s\u00fcrd\u00fcrmek&#8221;<\/p>\n<p><strong>Alan\u0131nda uzman konu\u015fmac\u0131lar yal\u0131t\u0131m\u0131 masaya yat\u0131rd\u0131<\/strong><\/p>\n<p><strong>\u2018T\u00fcm Y\u00f6nleriyle Yal\u0131t\u0131m Semineri-Elaz\u0131\u011f\u2019da<\/strong>, \u2018Su Yal\u0131t\u0131m\u0131 Y\u00f6netmeli\u011fi Neler Getiriyor\u2019, \u2018Su Yal\u0131t\u0131m\u0131 Uygulamalar\u0131\u2019, \u2018Yang\u0131n Yal\u0131t\u0131m\u0131 ve Yang\u0131n G\u00fcvenli\u011fi Tedbirleri\u2019, \u2018Ses Yal\u0131t\u0131m\u0131 Y\u00f6netmeli\u011fi Neler Getiriyor\u2019, \u2018Ses Yal\u0131t\u0131m\u0131 Uygulamalar\u0131\u2019, \u2018Enerji Verimlili\u011fi Mevzuatlar\u0131\u2019, \u2018Enerji Verimlili\u011fi \u0130\u00e7in Is\u0131 Yal\u0131t\u0131m Uygulamalar\u0131\u2019, \u2018Yap\u0131 Sekt\u00f6r\u00fcnde Denetim\u2019 ba\u015fl\u0131kl\u0131 oturum ve sunumlar ger\u00e7ekle\u015ftirildi.<\/p>","protected":false},"excerpt":{"rendered":"<p>Sorry, this entry is only available in Turkish. For the sake of viewer convenience, the content is shown below in the alternative language. You may click the link to switch the active language.\u0130ZODER\u2019in \u00fclke genelinde yal\u0131t\u0131m bilincini art\u0131rmak, kamu ile sekt\u00f6r temsilcilerini bulu\u015fturmak, vatanda\u015flara \u00e7\u00f6z\u00fcm \u00f6nerileri sunmak amac\u0131yla ger\u00e7ekle\u015ftirdi\u011fi T\u00fcm Y\u00f6nleriyle Yal\u0131t\u0131m Seminerleri devam ediyor. [&hellip;]<\/p>\n","protected":false},"author":1,"featured_media":77057,"comment_status":"open","ping_status":"open","sticky":false,"template":"","format":"standard","meta":[],"categories":[53,52],"tags":[67,12,675,380,11564,793],"views":874,"_links":{"self":[{"href":"https:\/\/www.enerjigazetesi.ist\/en\/wp-json\/wp\/v2\/posts\/77056"}],"collection":[{"href":"https:\/\/www.enerjigazetesi.ist\/en\/wp-json\/wp\/v2\/posts"}],"about":[{"href":"https:\/\/www.enerjigazetesi.ist\/en\/wp-json\/wp\/v2\/types\/post"}],"author":[{"embeddable":true,"href":"https:\/\/www.enerjigazetesi.ist\/en\/wp-json\/wp\/v2\/users\/1"}],"replies":[{"embeddable":true,"href":"https:\/\/www.enerjigazetesi.ist\/en\/wp-json\/wp\/v2\/comments?post=77056"}],"version-history":[{"count":2,"href":"https:\/\/www.enerjigazetesi.ist\/en\/wp-json\/wp\/v2\/posts\/77056\/revisions"}],"predecessor-version":[{"id":77059,"href":"https:\/\/www.enerjigazetesi.ist\/en\/wp-json\/wp\/v2\/posts\/77056\/revisions\/77059"}],"wp:featuredmedia":[{"embeddable":true,"href":"https:\/\/www.enerjigazetesi.ist\/en\/wp-json\/wp\/v2\/media\/77057"}],"wp:attachment":[{"href":"https:\/\/www.enerjigazetesi.ist\/en\/wp-json\/wp\/v2\/media?parent=77056"}],"wp:term":[{"taxonomy":"category","embeddable":true,"href":"https:\/\/www.enerjigazetesi.ist\/en\/wp-json\/wp\/v2\/categories?post=77056"},{"taxonomy":"post_tag","embeddable":true,"href":"https:\/\/www.enerjigazetesi.ist\/en\/wp-json\/wp\/v2\/tags?post=77056"}],"curies":[{"name":"wp","href":"https:\/\/api.w.org\/{rel}","templated":true}]}}