{"id":77000,"date":"2018-08-01T14:55:47","date_gmt":"2018-08-01T11:55:47","guid":{"rendered":"https:\/\/www.enerjigazetesi.ist\/?p=77000"},"modified":"2018-08-01T14:55:47","modified_gmt":"2018-08-01T11:55:47","slug":"fransa-ispanya-ve-portekiz-enerji-linki-kuruyor","status":"publish","type":"post","link":"https:\/\/www.enerjigazetesi.ist\/en\/fransa-ispanya-ve-portekiz-enerji-linki-kuruyor\/","title":{"rendered":"(Turkish) Fransa, \u0130spanya ve Portekiz Enerji Linki Kuruyor"},"content":{"rendered":"<p class=\"qtranxs-available-languages-message qtranxs-available-languages-message-en\">Sorry, this entry is only available in <a href=\"https:\/\/www.enerjigazetesi.ist\/tr\/wp-json\/wp\/v2\/posts\/77000\" class=\"qtranxs-available-language-link qtranxs-available-language-link-tr\" title=\"Turkish\">Turkish<\/a>. For the sake of viewer convenience, the content is shown below in the alternative language. You may click the link to switch the active language.<\/p><p><\/p>\n<div id=\"wrapper\">\n<div id=\"main\">\n<section id=\"haber7\">\n<div class=\"container\">\n<p><strong>Fransa, \u0130spanya ve Portekiz 27 Temmuz&#8217;da Lizbon\u2019da bir araya gelerek \u0130brani yar\u0131madas\u0131n\u0131n enerji izolasyonundan kurtulmas\u0131na yard\u0131mc\u0131 olmay\u0131 ama\u00e7layan elektrik ba\u011flant\u0131lar\u0131n\u0131 kurarak Biscay K\u00f6rfezi&#8217;nde denizalt\u0131 enerji hatt\u0131 kurma konusunda anla\u015ft\u0131lar.<\/strong><\/p>\n<p>Lizbon &#8216;da yap\u0131lan toplant\u0131 sonras\u0131nda a\u00e7\u0131klama yapan \u00fc\u00e7 \u00fclke lideri, Fransa&#8217; y\u0131 \u0130spanya &#8216;ya ba\u011flayan 370 kilometre uzunlu\u011fundaki elektrik hatt\u0131n\u0131n finansman\u0131 konulu toplant\u0131 s\u0131ras\u0131nda imzalanan anla\u015fmay\u0131 <img loading=\"lazy\" class=\"alignleft size-medium wp-image-77001\" src=\"https:\/\/www.enerjigazetesi.ist\/wp-content\/uploads\/2018\/08\/fransa-ispanya-ve-portekiz-enerji-linki-kuruyor-300x169.jpg\" alt=\"\" width=\"300\" height=\"169\" srcset=\"https:\/\/www.enerjigazetesi.ist\/wp-content\/uploads\/2018\/08\/fransa-ispanya-ve-portekiz-enerji-linki-kuruyor-300x169.jpg 300w, https:\/\/www.enerjigazetesi.ist\/wp-content\/uploads\/2018\/08\/fransa-ispanya-ve-portekiz-enerji-linki-kuruyor-500x281.jpg 500w, https:\/\/www.enerjigazetesi.ist\/wp-content\/uploads\/2018\/08\/fransa-ispanya-ve-portekiz-enerji-linki-kuruyor-80x45.jpg 80w, https:\/\/www.enerjigazetesi.ist\/wp-content\/uploads\/2018\/08\/fransa-ispanya-ve-portekiz-enerji-linki-kuruyor.jpg 640w\" sizes=\"(max-width: 300px) 100vw, 300px\" \/>memnuniyetle kar\u015f\u0131lad\u0131klar\u0131n\u0131 belirttiler.<\/p>\n<p>Portekiz Ba\u015fbakan\u0131 Antonio Costa, \u201cBu \u00e7ok \u00f6nemli bir ad\u0131m\u201d dedi.<\/p>\n<p>Avrupa Komisyonu, masaya bir enerji projesi i\u00e7in Avrupa Birli\u011fi b\u00fcnyesinde daha \u00f6nce g\u00f6r\u00fclmemi\u015f bir mebla\u011f olan 578 milyon Euro koyarak projenin %30\u2019unu finanse edecek.<\/p>\n<p>Fransa ve \u0130spanya aras\u0131ndaki enerji al\u0131\u015fveri\u015f hacmini neredeyse iki kat\u0131na \u00e7\u0131kmars\u0131 beklenen elektrik hatt\u0131 2025 y\u0131l\u0131nda faaliyete ge\u00e7ecek.<\/p>\n<p>Di\u011fer yandan \u0130spanya ve Portekiz Avrupa elektrik ve gaz da\u011f\u0131t\u0131m \u015febekelerinden izole edilmelerine son verilmesi \u00e7a\u011fr\u0131s\u0131nda bulundular.<\/p>\n<p>Portekiz\u2019in, Avrupa&#8217;n\u0131n geri kalan\u0131yla aras\u0131nda daha fazla ba\u011flant\u0131 hatt\u0131 olmas\u0131 durumunda, \u0130spanya&#8217;dan daha fazla ihracat yapabilece\u011fi bir elektrik \u00fcretim fazlas\u0131 bulunuyor.<\/p>\n<p>Madrid ve Lizbon da \u0130spanya\u2019n\u0131n kuzeydo\u011fusundaki Katalonya B\u00f6lgesine boru hatt\u0131 in\u015faa ederek Avrupa gaz piyasas\u0131na daha yak\u0131n olmak istiyor.<\/p>\n<p>Her iki \u00fclke de do\u011falgaz\u0131 2011 y\u0131l\u0131nda faaliyete ge\u00e7en boru hatt\u0131 vas\u0131tas\u0131yla Cezayir\u2019den ithal ediyor.<\/p>\n<p>\u00dclkeler, daha iyi ba\u011flant\u0131lar\u0131n Avrupa\u2019n\u0131n Rus gaz\u0131na olan ba\u011f\u0131ml\u0131l\u0131\u011f\u0131n\u0131 azalt\u0131yor.<\/p>\n<p>Ancak Avrupa Komisyonu taraf\u0131ndan yap\u0131lan bir \u00e7al\u0131\u015fma, Katalonya\u2019da kurulacak olan ve 440 milyona mal olacak olan boru hatt\u0131n\u0131n, Avrupal\u0131 \u00fclkelerin zaten tam kapasitede \u00e7al\u0131\u015fmayan bir\u00e7ok LNG liman\u0131 oldu\u011fu g\u00f6z \u00f6n\u00fcnde bulunduruldu\u011funda ya\u015fayabilir olmayaca\u011f\u0131n\u0131 ortaya koyuyor.<\/p>\n<p>Fransa Ba\u015fkan\u0131 Emmanuel Macron, do\u011falgazda yol alma fikrine a\u00e7\u0131k oldu\u011funu ifade etti. Ayn\u0131 zamanda \u201cbiz ancak Avrupa\u2019daki gaz t\u00fcketimi ciddi seviyelerde kal\u0131rsa ek boru hatlar\u0131 in\u015fa ederiz\u201d diye de ekledi.<\/p>\n<p>Katalonyadaki boru hatt\u0131n\u0131n, k\u00f6m\u00fcr santrallerinin kademeli olarak kapat\u0131lmas\u0131yla do\u011falgaza olan talebin artmas\u0131 senaryosunda uygun maliyetli oldu\u011fu g\u00f6r\u00fcl\u00fcrse in\u015fa edilebilece\u011fini s\u00f6yledi.<\/p>\n<p><strong>Kaynak: <\/strong><a href=\"https:\/\/www.euractiv.com\/section\/energy\/news\/france-spain-portugal-up-energy-links\/\" target=\"_blank\" rel=\"noopener\"><strong><em>Euractiv<\/em><\/strong><\/a><\/p>\n<\/div>\n<\/section>\n<\/div>\n<\/div>\n<p><\/p>","protected":false},"excerpt":{"rendered":"<p>Sorry, this entry is only available in Turkish. For the sake of viewer convenience, the content is shown below in the alternative language. You may click the link to switch the active language. Fransa, \u0130spanya ve Portekiz 27 Temmuz&#8217;da Lizbon\u2019da bir araya gelerek \u0130brani yar\u0131madas\u0131n\u0131n enerji izolasyonundan kurtulmas\u0131na yard\u0131mc\u0131 olmay\u0131 ama\u00e7layan elektrik ba\u011flant\u0131lar\u0131n\u0131 kurarak Biscay [&hellip;]<\/p>\n","protected":false},"author":1,"featured_media":77001,"comment_status":"open","ping_status":"open","sticky":false,"template":"","format":"standard","meta":[],"categories":[51,53],"tags":[34979,19638,38613,26353,67,1009,23311],"views":586,"_links":{"self":[{"href":"https:\/\/www.enerjigazetesi.ist\/en\/wp-json\/wp\/v2\/posts\/77000"}],"collection":[{"href":"https:\/\/www.enerjigazetesi.ist\/en\/wp-json\/wp\/v2\/posts"}],"about":[{"href":"https:\/\/www.enerjigazetesi.ist\/en\/wp-json\/wp\/v2\/types\/post"}],"author":[{"embeddable":true,"href":"https:\/\/www.enerjigazetesi.ist\/en\/wp-json\/wp\/v2\/users\/1"}],"replies":[{"embeddable":true,"href":"https:\/\/www.enerjigazetesi.ist\/en\/wp-json\/wp\/v2\/comments?post=77000"}],"version-history":[{"count":1,"href":"https:\/\/www.enerjigazetesi.ist\/en\/wp-json\/wp\/v2\/posts\/77000\/revisions"}],"predecessor-version":[{"id":77002,"href":"https:\/\/www.enerjigazetesi.ist\/en\/wp-json\/wp\/v2\/posts\/77000\/revisions\/77002"}],"wp:featuredmedia":[{"embeddable":true,"href":"https:\/\/www.enerjigazetesi.ist\/en\/wp-json\/wp\/v2\/media\/77001"}],"wp:attachment":[{"href":"https:\/\/www.enerjigazetesi.ist\/en\/wp-json\/wp\/v2\/media?parent=77000"}],"wp:term":[{"taxonomy":"category","embeddable":true,"href":"https:\/\/www.enerjigazetesi.ist\/en\/wp-json\/wp\/v2\/categories?post=77000"},{"taxonomy":"post_tag","embeddable":true,"href":"https:\/\/www.enerjigazetesi.ist\/en\/wp-json\/wp\/v2\/tags?post=77000"}],"curies":[{"name":"wp","href":"https:\/\/api.w.org\/{rel}","templated":true}]}}