{"id":76939,"date":"2018-07-31T11:21:06","date_gmt":"2018-07-31T08:21:06","guid":{"rendered":"https:\/\/www.enerjigazetesi.ist\/?p=76939"},"modified":"2018-07-31T11:21:06","modified_gmt":"2018-07-31T08:21:06","slug":"imar-barisi-kapsaminda-elektrik-abonelerinin-sayisida-artis-gosterecek","status":"publish","type":"post","link":"https:\/\/www.enerjigazetesi.ist\/en\/imar-barisi-kapsaminda-elektrik-abonelerinin-sayisida-artis-gosterecek\/","title":{"rendered":"(Turkish) \u0130mar Bar\u0131\u015f\u0131 Kapsam\u0131nda Elektrik Abonelerinin Say\u0131s\u0131da Art\u0131\u015f G\u00f6sterecek"},"content":{"rendered":"<p class=\"qtranxs-available-languages-message qtranxs-available-languages-message-en\">Sorry, this entry is only available in <a href=\"https:\/\/www.enerjigazetesi.ist\/tr\/wp-json\/wp\/v2\/posts\/76939\" class=\"qtranxs-available-language-link qtranxs-available-language-link-tr\" title=\"Turkish\">Turkish<\/a>. For the sake of viewer convenience, the content is shown below in the alternative language. You may click the link to switch the active language.<\/p><p><strong>Yap\u0131 Kay\u0131t Belgesi ba\u015fvurular\u0131, 31 Ekim tarihinde son bulacak. Elektrik sekt\u00f6r\u00fcne de hareketlilik getiren uygulamayla imar mevzuat\u0131na ayk\u0131r\u0131 yap\u0131 sahipleri, devletle bar\u0131\u015farak yap\u0131lar\u0131n\u0131 kay\u0131t alt\u0131na ald\u0131rd\u0131ktan sonra elektrik aboneli\u011fi i\u00e7in ba\u015fvuru yapabilmektedir.<\/strong><\/p>\n<p>Bu kapsamda, \u0130mar Bar\u0131\u015f\u0131\u2019na en b\u00fcy\u00fck ilginin g\u00f6sterildi\u011fi illerden birisi olan Bursa\u2019da ba\u015fvuru say\u0131s\u0131 123 <img loading=\"lazy\" class=\"alignright size-medium wp-image-76940\" src=\"https:\/\/www.enerjigazetesi.ist\/wp-content\/uploads\/2018\/07\/imar-barisi-kapsaminda-elektrik-abonelerinin-sayisida-artis-gosterecek-300x162.jpg\" alt=\"\" width=\"300\" height=\"162\" srcset=\"https:\/\/www.enerjigazetesi.ist\/wp-content\/uploads\/2018\/07\/imar-barisi-kapsaminda-elektrik-abonelerinin-sayisida-artis-gosterecek-300x162.jpg 300w, https:\/\/www.enerjigazetesi.ist\/wp-content\/uploads\/2018\/07\/imar-barisi-kapsaminda-elektrik-abonelerinin-sayisida-artis-gosterecek-500x270.jpg 500w, https:\/\/www.enerjigazetesi.ist\/wp-content\/uploads\/2018\/07\/imar-barisi-kapsaminda-elektrik-abonelerinin-sayisida-artis-gosterecek-80x43.jpg 80w, https:\/\/www.enerjigazetesi.ist\/wp-content\/uploads\/2018\/07\/imar-barisi-kapsaminda-elektrik-abonelerinin-sayisida-artis-gosterecek.jpg 705w\" sizes=\"(max-width: 300px) 100vw, 300px\" \/>bin oldu\u011fu g\u00f6r\u00fclm\u00fc\u015ft\u00fcr.<\/p>\n<p>Yap\u0131 Kay\u0131t Belgesi almak istenen yap\u0131larda dikkat edilmesi gereken en \u00f6nemli nokta, yap\u0131n\u0131n 31 Aral\u0131k 2017&#8217;den \u00f6nce in\u015fa edilmi\u015f olmas\u0131d\u0131r. Bu tarihten sonra yap\u0131lan yap\u0131lar, Yap\u0131 Kay\u0131t Belgesi alamayacaklard\u0131r. Belge i\u00e7in m\u00fcracaatlar\u0131n 31 Ekim tarihine kadar yap\u0131lmas\u0131 gerekirken, yap\u0131 kay\u0131t bedelinin 31 Aral\u0131k\u2019a kadar \u00f6denmesi zorunludur. E-Devlet \u00fczerinden yap\u0131lacak ba\u015fvuruyla Yap\u0131 Kay\u0131t Belgesi alacak yap\u0131 sahipleri, daha sonra b\u00f6lgesindeki elektrik da\u011f\u0131t\u0131m \u015firketiyle ba\u011flant\u0131 anla\u015fmas\u0131 s\u00fcre\u00e7lerini tamamlayarak, g\u00f6revli tedarik \u015firketiyle perakende sat\u0131\u015f s\u00f6zle\u015fmesi yapabilecektir.<\/p>","protected":false},"excerpt":{"rendered":"<p>Sorry, this entry is only available in Turkish. For the sake of viewer convenience, the content is shown below in the alternative language. You may click the link to switch the active language.Yap\u0131 Kay\u0131t Belgesi ba\u015fvurular\u0131, 31 Ekim tarihinde son bulacak. Elektrik sekt\u00f6r\u00fcne de hareketlilik getiren uygulamayla imar mevzuat\u0131na ayk\u0131r\u0131 yap\u0131 sahipleri, devletle bar\u0131\u015farak yap\u0131lar\u0131n\u0131 [&hellip;]<\/p>\n","protected":false},"author":1,"featured_media":76940,"comment_status":"open","ping_status":"open","sticky":false,"template":"","format":"standard","meta":[],"categories":[51,53],"tags":[38600,10701,5939,4257,34979,19638,2873,26353,67,1009,38493,38111],"views":778,"_links":{"self":[{"href":"https:\/\/www.enerjigazetesi.ist\/en\/wp-json\/wp\/v2\/posts\/76939"}],"collection":[{"href":"https:\/\/www.enerjigazetesi.ist\/en\/wp-json\/wp\/v2\/posts"}],"about":[{"href":"https:\/\/www.enerjigazetesi.ist\/en\/wp-json\/wp\/v2\/types\/post"}],"author":[{"embeddable":true,"href":"https:\/\/www.enerjigazetesi.ist\/en\/wp-json\/wp\/v2\/users\/1"}],"replies":[{"embeddable":true,"href":"https:\/\/www.enerjigazetesi.ist\/en\/wp-json\/wp\/v2\/comments?post=76939"}],"version-history":[{"count":1,"href":"https:\/\/www.enerjigazetesi.ist\/en\/wp-json\/wp\/v2\/posts\/76939\/revisions"}],"predecessor-version":[{"id":76941,"href":"https:\/\/www.enerjigazetesi.ist\/en\/wp-json\/wp\/v2\/posts\/76939\/revisions\/76941"}],"wp:featuredmedia":[{"embeddable":true,"href":"https:\/\/www.enerjigazetesi.ist\/en\/wp-json\/wp\/v2\/media\/76940"}],"wp:attachment":[{"href":"https:\/\/www.enerjigazetesi.ist\/en\/wp-json\/wp\/v2\/media?parent=76939"}],"wp:term":[{"taxonomy":"category","embeddable":true,"href":"https:\/\/www.enerjigazetesi.ist\/en\/wp-json\/wp\/v2\/categories?post=76939"},{"taxonomy":"post_tag","embeddable":true,"href":"https:\/\/www.enerjigazetesi.ist\/en\/wp-json\/wp\/v2\/tags?post=76939"}],"curies":[{"name":"wp","href":"https:\/\/api.w.org\/{rel}","templated":true}]}}