{"id":7689,"date":"2013-03-04T10:48:44","date_gmt":"2013-03-04T07:48:44","guid":{"rendered":"https:\/\/www.enerjigazetesi.ist\/?p=7689"},"modified":"2013-03-04T10:48:44","modified_gmt":"2013-03-04T07:48:44","slug":"enerji-sektorune-50-milyar-dolar-yatirim","status":"publish","type":"post","link":"https:\/\/www.enerjigazetesi.ist\/en\/enerji-sektorune-50-milyar-dolar-yatirim\/","title":{"rendered":"(Turkish) Enerji Sekt\u00f6r\u00fcne 50 Milyar Dolar Yat\u0131r\u0131m"},"content":{"rendered":"<p class=\"qtranxs-available-languages-message qtranxs-available-languages-message-en\">Sorry, this entry is only available in <a href=\"https:\/\/www.enerjigazetesi.ist\/tr\/wp-json\/wp\/v2\/posts\/7689\" class=\"qtranxs-available-language-link qtranxs-available-language-link-tr\" title=\"Turkish\">Turkish<\/a>. For the sake of viewer convenience, the content is shown below in the alternative language. You may click the link to switch the active language.<\/p><p><strong>Elektrik \u00dcreticileri Derne\u011fi Genel Ba\u015fkan\u0131 \u00d6nder Karaduman, son 12 y\u0131lda enerji sekt\u00f6r\u00fcne 50 milyar dolar yat\u0131r\u0131m yap\u0131ld\u0131\u011f\u0131n\u0131 s\u00f6yleyerek, &#8220;Hedef daha serbest ve rekabet\u00e7i bir piyasa&#8221; dedi.<\/strong><\/p>\n<p><strong>1-2 Mart 2013<\/strong> tarihleri aras\u0131nda d\u00fczenlenen Elektrik Piyasas\u0131 Sekt\u00f6r De\u011ferlendirme Toplant\u0131s\u0131 Trabzon&#8217;da s\u00fcr\u00fcyor. Elektrik Piyasas\u0131 Sekt\u00f6r De\u011ferlendirme Toplant\u0131s\u0131&#8217;na; EPDK Enerji Piyasas\u0131 D\u00fczenleme Kurumu Ba\u015fkan\u0131 Hasan G\u00f6kta\u015f, Trabzon Ticaret ve Sanayi Odas\u0131 Ba\u015fkan\u0131 M. Suat Hac\u0131saliho\u011flu, Elektrik \u00dcreticileri Derne\u011fi Genel Ba\u015fkan\u0131 \u00d6nder Karaduman, kurul ve sekt\u00f6r \u00fcyeleri kat\u0131ld\u0131. Toplant\u0131n\u0131n a\u00e7\u0131l\u0131\u015f\u0131nda konu\u015fan \u00d6nder Karaduman, elektrik \u00fcretiminin 242 milyon kilovat saat olarak ger\u00e7ekle\u015fti\u011fini s\u00f6yledi. Karaduman, kurulu g\u00fcce ilave edilen y\u00fczde 90 gibi bir kapasitenin \u00f6zel sekt\u00f6r taraf\u0131ndan ger\u00e7ekle\u015ftirilmi\u015f oldu\u011funu ifade etti. \u00d6zel sekt\u00f6r\u00fcn son 12 y\u0131ll\u0131k s\u00fcre\u00e7te sadece \u00fcretim boyutunda 50 milyar dolara yak\u0131n bir yat\u0131r\u0131m yapt\u0131\u011f\u0131n\u0131 ifade eden Karaduman, \u201cBu hakikaten \u00e7ok b\u00fcy\u00fck bir ba\u015far\u0131d\u0131r.<\/p>\n<p><img loading=\"lazy\" class=\"alignright size-medium wp-image-7690\" title=\"enerji-sektoru-degerlendirme-toplantisi\" src=\"https:\/\/www.enerjigazetesi.ist\/wp-content\/uploads\/2013\/03\/enerji-sektoru-degerlendirme-toplantisi-300x183.jpg\" alt=\"\" width=\"300\" height=\"183\" srcset=\"https:\/\/www.enerjigazetesi.ist\/wp-content\/uploads\/2013\/03\/enerji-sektoru-degerlendirme-toplantisi-300x183.jpg 300w, https:\/\/www.enerjigazetesi.ist\/wp-content\/uploads\/2013\/03\/enerji-sektoru-degerlendirme-toplantisi-500x305.jpg 500w, https:\/\/www.enerjigazetesi.ist\/wp-content\/uploads\/2013\/03\/enerji-sektoru-degerlendirme-toplantisi-80x48.jpg 80w, https:\/\/www.enerjigazetesi.ist\/wp-content\/uploads\/2013\/03\/enerji-sektoru-degerlendirme-toplantisi.jpg 557w\" sizes=\"(max-width: 300px) 100vw, 300px\" \/>Bu sayede \u00fclkemizde her evde ampuller yanmakta ve sanayide motorlar kesintisiz \u00e7al\u0131\u015fmaktad\u0131r. Y\u0131llard\u0131r s\u00fcregelen \u2018T\u00fcrkiye bir g\u00fcn elektriksiz kalacak\u2019 s\u00f6ylemleri bu yat\u0131r\u0131mlar sayesinde ger\u00e7ekle\u015fmemi\u015ftir. Bu ba\u015far\u0131da i\u015fte bug\u00fcn burada bizlerle beraber olan bir\u00e7o\u011fu da dernek \u00fcyemiz olan \u00f6zel sekt\u00f6r\u00fcn \u00e7ok b\u00fcy\u00fck katk\u0131s\u0131 vard\u0131r. Ben \u015fahsen her bir yat\u0131r\u0131mc\u0131y\u0131, \u00fclkemizdeki \u015fartlar\u0131 \u00e7ok iyi bilen biri olarak, bir kahraman olarak g\u00f6r\u00fcyorum. Huzurlar\u0131n\u0131zda hepsini tebrik ediyorum. Bu ba\u015far\u0131da hi\u00e7 ku\u015fkusuz ki \u00e7ok b\u00fcy\u00fck bir gayretle sekt\u00f6r\u00fcn serbestle\u015fmesi ve istikrarl\u0131 bir \u015fekilde geli\u015fim g\u00f6sterebilmesi i\u00e7in u\u011fra\u015fan her zaman \u00f6zel sekt\u00f6r\u00fcn yan\u0131nda \u00f6n\u00fcn\u00fc a\u00e7maya \u00e7al\u0131\u015fan b\u00fcrokratlar\u0131m\u0131z\u0131 ve EPDK\u2019daki arkada\u015flar\u0131m\u0131z\u0131n da \u00e7ok b\u00fcy\u00fck bir pay\u0131 oldu\u011fu ger\u00e7e\u011fini de burada s\u00f6ylemek istiyorum\u201d dedi.<br \/>\n<strong>\u201cHEDEF DAHA SERBEST VE REKABET\u00c7\u0130 B\u0130R P\u0130YASA\u201d<\/strong><\/p>\n<p>\u201cBu ba\u015far\u0131y\u0131 devam ettirmemiz gerekmektedir\u201d diyen \u00d6nder Karaduman, t\u00fcm gayretlere ra\u011fmen halen tam serbest ve rekabet\u00e7i bir piyasan\u0131n hayata ge\u00e7medi\u011fini, yat\u0131r\u0131m ortam\u0131n\u0131n serbest ve tam rekabet\u00e7i piyasa olmad\u0131\u011f\u0131n\u0131 savundu. Son 4 y\u0131lda elektrik da\u011f\u0131t\u0131m ihalelerinde \u00e7ok a\u015famalar kaydedilmi\u015f olmakla birlikte kamunun \u00fcretimdeki a\u011f\u0131rl\u0131\u011f\u0131n\u0131n devam etmekte oldu\u011funu ifade eden Karaduman, \u201cSerbestle\u015fme s\u00fcrecinin 2001 y\u0131l\u0131ndan bu yana ba\u015flamas\u0131ndan beri \u00fcretimde \u00f6zel sekt\u00f6r\u00fcn pay\u0131n\u0131n hala y\u00fczde 40\u2019lara ula\u015fm\u0131\u015f olmas\u0131, s\u00fcrecin daha da h\u0131zlanm\u0131\u015f olmas\u0131 gerekti\u011finin en \u00f6nemli g\u00f6stergesidir\u201d \u015feklinde konu\u015ftu. Karaduman, \u00fcretim \u00f6zelle\u015ftirilmelerinin ge\u00e7 de olsa ba\u015flam\u0131\u015f olmas\u0131n\u0131n asl\u0131nda bizim i\u00e7in \u00fcmit verici bir geli\u015fme olabilece\u011fine vurgu yaparak, \u201cBug\u00fcn elektrikte \u00fcretim sekt\u00f6r\u00fcn\u00fcn durumuna bakt\u0131\u011f\u0131m\u0131zda umut verici bir\u00e7ok geli\u015fmenin yan\u0131nda, gelece\u011fe y\u00f6nelik baz\u0131 kayg\u0131lar\u0131m\u0131z\u0131n da var oldu\u011funu s\u00f6ylemek isterim\u201d dedi.<\/p>\n<p><strong>\u201cYILLIK TALEP ARTI\u015eI Y\u00dcZDE 7\u2019N\u0130N ALTINA D\u00dc\u015eM\u00dcYOR. YEN\u0130 \u00dcRET\u0130M YATIRIMLARINA \u0130HT\u0130YA\u00c7 VAR\u201d<\/strong><\/p>\n<p>\u201cBilindi\u011fi gibi T\u00fcrkiye 2002 y\u0131l\u0131ndan bu yana d\u00fcnyada \u00c7in\u2019den sonra T\u00fcrkiye en fazla talep art\u0131\u015f h\u0131z\u0131na sahip olan \u00fclkedir\u201d s\u00f6zlerine yer veren Karaduman, daha sonra \u015funlar\u0131 s\u00f6yledi: \u201cSon 10 y\u0131l i\u00e7erisinde krizlere ra\u011fmen ortalama y\u0131ll\u0131k talep art\u0131\u015f\u0131m\u0131z y\u00fczde 7\u2019nin alt\u0131na d\u00fc\u015fmemi\u015ftir. Gelecek 10 y\u0131lda da E\u0130A\u015e\u2019\u0131n senaryolar\u0131na g\u00f6re bu talebin yine b\u00f6yle devam edece\u011fi \u00f6ng\u00f6r\u00fclmektedir. 2012 y\u0131l\u0131 i\u00e7erisinde kurulu g\u00fcc\u00fcm\u00fcz\u00fcn yakla\u015f\u0131k 4 bin megavat art\u0131\u015fla 57 bin megavata ula\u015fm\u0131\u015f olmas\u0131 ku\u015fkusuz ki \u00e7ok \u00f6nemli bir geli\u015fmedir. Ancak emre amade kapasiteme zinde 41 bin megavatlar d\u00fczeyinde oldu\u011fu da g\u00f6zden ka\u00e7\u0131r\u0131lmamal\u0131d\u0131r. 2012 y\u0131l\u0131ndaki puand\u0131 39 bin megavatlara ula\u015ft\u0131\u011f\u0131n\u0131, \u00fcretim ve t\u00fcketim dengemizin ne kadar kritik bir s\u0131n\u0131rda ilerledi\u011fimizi burada dikkatlerinize sunmak isterim. Bu a\u00e7\u0131dan y\u0131ll\u0131k bazda 4-5 bin megavatl\u0131k \u00fcretim yat\u0131r\u0131mlar\u0131n\u0131n h\u0131z kesmeden devam ediyor olmas\u0131 \u00f6n\u00fcm\u00fczdeki y\u0131llarda arz g\u00fcvenli\u011fi riskimizi minimize edilmesi a\u00e7\u0131s\u0131ndan b\u00fcy\u00fck \u00f6nem ta\u015f\u0131maktad\u0131r. \u201c<\/p>\n<p><strong>\u201c\u00d6ZEL SEKT\u00d6R\u00dc TE\u015eV\u0130K EDECEK YEN\u0130 TEDB\u0130RLERE GEREK VAR\u201d<\/strong><\/p>\n<p>\u00d6nder Karaduman, \u201cBunun i\u00e7in yat\u0131r\u0131mlar\u0131n \u00f6n\u00fcndeki b\u00fcrokratik ve sosyal engellerin bir an \u00f6nce kald\u0131r\u0131lmas\u0131n\u0131, enerji yat\u0131r\u0131mlar\u0131n\u0131 daha \u00e7ok te\u015fvik edecek tedbirlerin h\u0131zla devreye al\u0131nmas\u0131n\u0131 ve beklemekteyiz\u201d dedi. Karaduman, maliyet bazl\u0131 fiyatland\u0131rman\u0131n olmad\u0131\u011f\u0131 ve gelece\u011fe y\u00f6nelik fiyat \u00f6ng\u00f6r\u00fclebilirli\u011finin sa\u011flanamad\u0131\u011f\u0131 bir sekt\u00f6rde uzun vadede fiyat istikrar\u0131n\u0131 koruman\u0131n \u00e7ok m\u00fcmk\u00fcn olamayaca\u011f\u0131n\u0131 da dile getirerek, \u201dUmuyorum ki \u00f6n\u00fcm\u00fczdeki y\u0131llar kamu \u00f6zel sekt\u00f6r i\u015f birli\u011fi ile sekt\u00f6r\u00fcm\u00fczdeki reform s\u00fcrecinin h\u0131zlanarak devam edece\u011fi, serbest, rekabet\u00e7i, istikrarl\u0131 bir piyasa yap\u0131s\u0131n\u0131n tam anlam\u0131yla hayata ge\u00e7ebilece\u011fi y\u0131llar olacakt\u0131r\u201d diye konu\u015ftu.<\/p>\n<p>\u201cElektrik Piyasas\u0131 Sekt\u00f6r De\u011ferlendirme Toplant\u0131s\u0131\u201dn\u0131n a\u00e7\u0131l\u0131\u015f\u0131nda konu\u015fan EPDK Ba\u015fkan\u0131 G\u00f6kta\u015f, elektrik \u00fcretimi ve da\u011f\u0131t\u0131m\u0131nda kamunun pay\u0131n\u0131n y\u00fczde 50\u2019nin alt\u0131na d\u00fc\u015ft\u00fc\u011f\u00fcn\u00fc, bunun sevindirici bir geli\u015fme oldu\u011funu kaydetti. G\u00f6kta\u015f, \u201cOyuncusu olan bir sekt\u00f6re d\u00f6n\u00fc\u015ft\u00fck\u201d dedi. Trabzonlu oldu\u011funu ve bir anlamda ev sahibi oldu\u011funu belirten G\u00f6kta\u015f, toplant\u0131 \u00f6ncesinde Trabzon\u2019da do\u011falgaz ve elektrik da\u011f\u0131t\u0131m sekt\u00f6r\u00fc temsilcileri ile Do\u011fu Karadeniz B\u00f6lgesi&#8217;nin sevkiyat\u0131n\u0131 ve da\u011f\u0131t\u0131m\u0131n\u0131 yapan \u015firketin temsilcilerini dinlediklerini anlatarak, \u201cH\u0131zl\u0131 bir \u015fekilde sorunlar\u0131n\u0131 dinledik.<\/p>\n<p>Dolay\u0131s\u0131yla ne t\u00fcr \u00e7\u00f6z\u00fcmlere ihtiya\u00e7 ve \u00fcretebiliriz onlara bakt\u0131k\u201d diye konu\u015ftu. G\u00f6kta\u015f, bug\u00fcn ve yar\u0131n elektrik \u00fcretim sekt\u00f6r\u00fcn\u00fcn termik ve hidrolik olmak \u00fczere ayr\u0131nt\u0131l\u0131 bir \u015fekilde sorunlar\u0131n\u0131 dinleyeceklerini belirterek \u015f\u00f6yle konu\u015ftu: \u201cDinlemenin de \u00f6tesinde kar\u015f\u0131l\u0131kl\u0131 g\u00f6r\u00fc\u015f al\u0131\u015f veri\u015finde bulunaca\u011f\u0131z. Dolay\u0131s\u0131yla bir \u00e7al\u0131\u015ftay boyutunun var oldu\u011funu da s\u00f6ylemi\u015f oldum. Ge\u00e7en hafta sonu Hatay\u2019da r\u00fczgar sekt\u00f6r\u00fcn\u00fc toplam\u0131\u015f olduk. Orada da r\u00fczgar sekt\u00f6r\u00fcm\u00fcz\u00fcn d\u00fcn\u00fcn\u00fc ve yar\u0131n\u0131n\u0131 konu\u015ftuk. \u00c7ok faydal\u0131 bir toplant\u0131 oldu. Bug\u00fcn yine bu b\u00f6l\u00fcmde termik \u00fcretim, dolay\u0131s\u0131yla termik \u00fcretim santrallerini konu\u015fmu\u015f olaca\u011f\u0131z, yar\u0131nda hidroelektrik santralle \u00fcretim sorunlar\u0131n\u0131 masaya yat\u0131rm\u0131\u015f olaca\u011f\u0131z. Dolay\u0131s\u0131yla termik hem de hidroelektrik kaynaklar\u0131m\u0131zla ilgili \u00e7ok ayr\u0131nt\u0131l\u0131 bir sekt\u00f6r toplant\u0131s\u0131 olmu\u015f olacak, diye d\u00fc\u015f\u00fcn\u00fcyorum. \u00dcmit ederim de \u00e7ok faydal\u0131 olacakt\u0131r.\u201d<\/p>\n<p><strong>\u201c26 B\u0130N 400 L\u0130SANS VERD\u0130K\u201d<\/strong><\/p>\n<p>Enerji Piyasas\u0131 D\u00fczenleme Kurulu (EPDK) Ba\u015fkan\u0131 Hasan G\u00f6kta\u015f, irili ufakl\u0131, \u00f6yle veya b\u00f6yle, 26 bin 400 tane lisans vermi\u015f olduklar\u0131n\u0131 ifade ederek, \u201cOyuncusu olan bir sekt\u00f6r haline d\u00f6n\u00fc\u015ft\u00fck. Dolay\u0131s\u0131yla bu tabloyu bir \u015fekilde ortaya koymakta fayda var. Di\u011fer taraftan devletin monopol olarak belirledi\u011fi piyasa, ayn\u0131 zamanda oyuncu olarak da belirledi\u011fi bir piyasada devletin kontrol\u00f6r olarak i\u015fin i\u00e7inde oldu\u011fu bir piyasa yap\u0131s\u0131na h\u0131zl\u0131 bir \u015fekilde ge\u00e7i\u015f var. Yani devlet di\u011fer \u00f6zel sekt\u00f6rle beraber oyunu kendisiyle oynama yerine oyundan \u00e7ekilerek oyunun kurallar\u0131n\u0131 koymak, dolay\u0131s\u0131yla o oyunu oyunculara, \u00f6zel sekt\u00f6re b\u0131rakmak gibi bir yakla\u015f\u0131m var bu da h\u0131zl\u0131 bir \u015fekilde devam ediyor.<\/p>\n<p>Yap-i\u015flet-devretler dahil bakt\u0131\u011f\u0131m\u0131z zaman, hem elektrik \u00fcretiminde hem da\u011f\u0131t\u0131m\u0131nda kamunun pay\u0131, \u00f6zel sekt\u00f6r\u00fcn pay\u0131n\u0131n alt\u0131na \u015fu anda d\u00fc\u015fm\u00fc\u015f durumda. Yani iki tarafta da \u00f6zel sekt\u00f6r\u00fcn pay\u0131, y\u00fczde 50\u2019nin \u00fczerinde. Yani bu asl\u0131nda sevindirici bir unsurdur. Bu da sizler gibi \u00fcretim sekt\u00f6r\u00fcne, d\u00fczenlemelere, siyasi iklime, ekonomik istikrara g\u00fcvenerek girmi\u015f olan yat\u0131r\u0131mc\u0131lar sayesinde olmu\u015ftur, bunu da idrak etmek, bu hakk\u0131 teslim etmek ve bu konuda ben sizlere te\u015fekk\u00fcr etmek istiyorum\u201d diye konu\u015ftu.<\/p>\n<p><strong>\u201cENERJ\u0130 SEKT\u00d6R\u00dc EKONOM\u0130N\u0130N HER YIL \u0130K\u0130 KATI KADAR B\u00dcY\u00dcM\u00dc\u015eT\u00dcR\u201d<\/strong><\/p>\n<p>Sekt\u00f6rdeki geli\u015fmeleri de\u011ferlendiren G\u00f6kta\u015f \u015f\u00f6yle konu\u015ftu: \u201cSon 10 y\u0131lda h\u0131zl\u0131 b\u00fcy\u00fcyen bir piyasa. Yakla\u015f\u0131k y\u00fczde 85-90 civar\u0131nda b\u00fcy\u00fcd\u00fc. T\u00fcketim pazar\u0131na bakt\u0131\u011f\u0131m\u0131z zaman b\u00fcy\u00fcyen bir piyasa neredeyse son 12 y\u0131lda kurulu g\u00fcc\u00fcn\u00fc ikiye katlam\u0131\u015f bir piyasay\u0131 konu\u015fuyoruz. Dolay\u0131s\u0131yla bakt\u0131\u011f\u0131n\u0131z zaman oyuncu say\u0131s\u0131 a\u00e7\u0131s\u0131ndan hem t\u00fcketim a\u00e7\u0131s\u0131ndan \u00e7ok h\u0131zl\u0131 bir art\u0131\u015f var. Biz 1970\u2019den 2010\u2019a yani son 40 y\u0131l\u0131n ortalama ekonomik b\u00fcy\u00fcmesi ortalama y\u0131l itibar\u0131yla y\u00fczde 4.1, 4.2 civar\u0131nda. Ayn\u0131 d\u00f6nem i\u00e7erisinde ortalama elektrik t\u00fcketimi y\u00fczde 8.4\u2019t\u00fcr. Yani ekonominin her y\u0131l iki kat\u0131 kadar enerji sekt\u00f6r\u00fc b\u00fcy\u00fcm\u00fc\u015ft\u00fcr. Bu h\u0131zl\u0131l\u0131\u011f\u0131 devam ettirmek zorunday\u0131z. Zira \u00f6n\u00fcm\u00fczdeki d\u00f6nemde bir arz s\u0131k\u0131nt\u0131s\u0131 ya\u015famamak a\u00e7\u0131s\u0131ndan hem d\u00fczenleme iklimini hem yat\u0131r\u0131m ortam\u0131n\u0131 yat\u0131r\u0131mc\u0131lar i\u00e7in \u00f6ng\u00f6r\u00fclebildi\u011fi y\u00fcksek bir piyasaya d\u00f6n\u00fc\u015ft\u00fcrmek durumunday\u0131z.\u201d<\/p>\n<p><strong>\u201cTOPLANTILAR YATIRIM ORTAMINI \u0130Y\u0130LE\u015eT\u0130R\u0130R\u201d<\/strong><\/p>\n<p>Bu tur toplant\u0131larda yat\u0131r\u0131m ortam\u0131n\u0131 iyile\u015ftirmeye y\u00f6nelik \u00e7ok \u00f6nemli bir fonksiyon g\u00f6rd\u00fc\u011f\u00fcn\u00fc ifade eden G\u00f6kta\u015f, Trabzon\u2019daki \u00e7al\u0131\u015ftayda, kurulda 9 ki\u015fi olmalar\u0131na ra\u011fmen sekt\u00f6r\u00fc de bir ki\u015fi kabul edip 10 ki\u015fiye \u00e7\u0131kt\u0131klar\u0131n\u0131 aktard\u0131. Ortakla\u015fa bir arada, ayn\u0131 taraf\u0131n payda\u015flar\u0131 olarak bu \u00e7al\u0131\u015fmay\u0131 yapman\u0131n gayrete i\u00e7erisinde olduklar\u0131n\u0131 vurgulad\u0131. \u201cEvet rekabet yetirince sa\u011flanamam\u0131\u015f olabilir. Sorunlar var. Olmal\u0131d\u0131r da. \u00c7ok dinamik bir piyasay\u0131 konu\u015fuyoruz\u201c \u015feklinde s\u00f6zlerine devam eden EBDK Ba\u015fkan\u0131 Hasan G\u00f6kta\u015f konu\u015fmas\u0131n\u0131 \u015f\u00f6yle s\u00fcrd\u00fcrd\u00fc: &#8220;Az \u00f6nce b\u00fcy\u00fckl\u00fckleri konu\u015ftuk. \u015eu \u00e7ok \u00f6nemlidir. Art\u0131k bug\u00fcn itibar\u0131yla T\u00fcrkiye\u2019de organlar\u0131 olu\u015fmu\u015f, iyi \u00e7al\u0131\u015fan bir piyasa yap\u0131s\u0131 var. Ne demek bu? O fonksiyon \u00f6yle \u00e7al\u0131\u015f\u0131yor ki bir gece de 2 bin kuru\u015f olabiliyor elektri\u011fin kilovat saati, bir sonraki d\u00f6nemde s\u0131f\u0131r kuru\u015f olabiliyor. Asl\u0131nda piyasa mekanizmalar\u0131 \u00e7ok h\u0131zl\u0131 cevap \u00fcretebiliyor. Bu da \u00e7ok iyi \u00e7al\u0131\u015ft\u0131\u011f\u0131n\u0131 g\u00f6steriyor sistemin. Yani evet, eksiklerimiz yok mu var? Tamamlayaca\u011f\u0131m\u0131z \u00e7ok unsur var ama, tasar\u0131m\u0131 iyi olan, mekanizmalar\u0131 iyi oturmu\u015f bir piyasa yap\u0131m\u0131z var ama bunu geli\u015ftirmek zorunday\u0131z. Yani tren do\u011fru raylardan gidiyor. Bunu y\u00fcksek h\u0131zl\u0131 trene d\u00f6n\u00fc\u015ft\u00fcrmemiz gerekiyor.&#8221;<\/p>\n<p><strong>\u201cP\u0130YASAYA ENERJ\u0130 ARZI G\u00dcVENL\u0130\u011e\u0130N\u0130 SA\u011eLAMAMIZ GEREK\u0130YOR\u201d<\/strong><\/p>\n<p>En \u00f6nemli konulardan birisinin de arz g\u00fcvenli\u011fi konusu oldu\u011funu an\u0131msatan EBDK Ba\u015fkan\u0131 Hasan G\u00f6kta\u015f, \u201dHer hal\u00fckarda sisteme ihtiya\u00e7 kadar ya da ihtiya\u00e7tan daha fazla elektrik \u00fcretebilecek bir yap\u0131y\u0131 olu\u015fturmam\u0131z laz\u0131m gelir. Bunun da olmaz ise olmaz\u0131 \u00f6zel sekt\u00f6r\u00fcn \u00f6n\u00fcn\u00fc a\u00e7maktan ge\u00e7iyor. Yat\u0131r\u0131m ortam\u0131n\u0131 iyile\u015ftirmekten ge\u00e7iyor. Bakt\u0131\u011f\u0131m\u0131z zaman yenilebilir kaynaklar tamam. Yenilebilir kaynaklar her halukar da milli kaynakt\u0131r. Sisteme dahil etmek zorunday\u0131z. Yerli kaynaklar\u0131m\u0131z\u0131 k\u00f6m\u00fcr kaynaklar\u0131m\u0131z ba\u015fta olmak \u00fczere sisteme dahil etmek zorunday\u0131z. B\u00fct\u00fcn bu sistemin g\u00fcvenli\u011fi baz santraller \u00fczerine kurulu olmak zorundad\u0131r. Bug\u00fcn termik nitelikli toplant\u0131lara bakt\u0131\u011f\u0131m\u0131z zaman yerli k\u00f6m\u00fcr, ama ayn\u0131 zamanda do\u011fal gaz, n\u00fckleer ileride, hepsini bir arada ve termik kaynakl\u0131 \u00fcretim santrallerine bakt\u0131\u011f\u0131m\u0131zda sistemin ta\u015f\u0131y\u0131c\u0131 unsuru asl\u0131nda baz santraller olacak. Arz g\u00fcvenli\u011fini yakla\u015f\u0131m\u0131n\u0131 sergilerken ayn\u0131 zamanda sistem g\u00fcvenli\u011fini de baz santraller \u00fczerine kurmakta fayda var diye d\u00fc\u015f\u00fcn\u00fcyorum\u201d \u015feklinde konu\u015ftu.<\/p>\n<p><strong>\u201cKANUN \u00c7ALI\u015eMALARI S\u0130STEMDE YER\u0130N\u0130 ALDI\u201d<\/strong><\/p>\n<p>G\u00f6kta\u015f, daha sonra haz\u0131rlanan kanun hakk\u0131nda \u015fu bilgileri verdi: \u201cKanun g\u00f6r\u00fc\u015f\u00fclmeye ba\u015flayacak genel kurulda. Enerji komisyonunda belki birtak\u0131m eksiklikler olabilir. \u00c7al\u0131\u015fma yap\u0131l\u0131rken sekt\u00f6r toplant\u0131lar\u0131 yap\u0131larak g\u00f6r\u00fc\u015fler al\u0131nm\u0131\u015ft\u0131r. Bakanl\u0131\u011f\u0131m\u0131z taslak metni ilana \u00e7\u0131karak t\u00fcm payda\u015flar\u0131n g\u00f6r\u00fc\u015flerini defalarca ald\u0131. Meclis&#8217;te de enerji komisyonumuz sekt\u00f6rdeki payda\u015flar\u0131 da davet ederek tart\u0131\u015ft\u0131. \u00c7ok kat\u0131l\u0131mc\u0131 bir s\u00fcre\u00e7 takip edildi ve genel kurulumuza kadar da indi. \u00dcmit ediyoruz ki buradan da ge\u00e7erek sisteme dahil edilir ve katk\u0131 sa\u011flar. Ele\u015ftirilecek bir taraf bulunabilir ama sa\u011flayaca\u011f\u0131 faydaya bakarak y\u00fcr\u00fcmemiz gerekti\u011fini d\u00fc\u015f\u00fcn\u00fcyorum. \u0130leride uygulamada \u00e7\u0131kabilecek aksakl\u0131klar ve yeni ihtiya\u00e7lar\u0131, ku\u015fkusuz yeni kanun d\u00fczenlemeleri ile d\u00fczeltmek ve geli\u015ftirmek durumunday\u0131z.\u201d<\/p>\n<p>Kaynak: <a href=\"http:\/\/www.haberx.com\/enerji_sektorune_50_milyar_dolar_yatirim(17,n,11241655,130).aspx\" target=\"_blank\">HaberX<\/a><\/p>","protected":false},"excerpt":{"rendered":"<p>Sorry, this entry is only available in Turkish. For the sake of viewer convenience, the content is shown below in the alternative language. You may click the link to switch the active language.Elektrik \u00dcreticileri Derne\u011fi Genel Ba\u015fkan\u0131 \u00d6nder Karaduman, son 12 y\u0131lda enerji sekt\u00f6r\u00fcne 50 milyar dolar yat\u0131r\u0131m yap\u0131ld\u0131\u011f\u0131n\u0131 s\u00f6yleyerek, &#8220;Hedef daha serbest ve rekabet\u00e7i [&hellip;]<\/p>\n","protected":false},"author":1,"featured_media":7690,"comment_status":"open","ping_status":"open","sticky":false,"template":"","format":"standard","meta":[],"categories":[51,53],"tags":[3099,3098,19,67,165,750],"views":825,"_links":{"self":[{"href":"https:\/\/www.enerjigazetesi.ist\/en\/wp-json\/wp\/v2\/posts\/7689"}],"collection":[{"href":"https:\/\/www.enerjigazetesi.ist\/en\/wp-json\/wp\/v2\/posts"}],"about":[{"href":"https:\/\/www.enerjigazetesi.ist\/en\/wp-json\/wp\/v2\/types\/post"}],"author":[{"embeddable":true,"href":"https:\/\/www.enerjigazetesi.ist\/en\/wp-json\/wp\/v2\/users\/1"}],"replies":[{"embeddable":true,"href":"https:\/\/www.enerjigazetesi.ist\/en\/wp-json\/wp\/v2\/comments?post=7689"}],"version-history":[{"count":1,"href":"https:\/\/www.enerjigazetesi.ist\/en\/wp-json\/wp\/v2\/posts\/7689\/revisions"}],"predecessor-version":[{"id":7691,"href":"https:\/\/www.enerjigazetesi.ist\/en\/wp-json\/wp\/v2\/posts\/7689\/revisions\/7691"}],"wp:featuredmedia":[{"embeddable":true,"href":"https:\/\/www.enerjigazetesi.ist\/en\/wp-json\/wp\/v2\/media\/7690"}],"wp:attachment":[{"href":"https:\/\/www.enerjigazetesi.ist\/en\/wp-json\/wp\/v2\/media?parent=7689"}],"wp:term":[{"taxonomy":"category","embeddable":true,"href":"https:\/\/www.enerjigazetesi.ist\/en\/wp-json\/wp\/v2\/categories?post=7689"},{"taxonomy":"post_tag","embeddable":true,"href":"https:\/\/www.enerjigazetesi.ist\/en\/wp-json\/wp\/v2\/tags?post=7689"}],"curies":[{"name":"wp","href":"https:\/\/api.w.org\/{rel}","templated":true}]}}