{"id":76869,"date":"2018-07-30T10:39:25","date_gmt":"2018-07-30T07:39:25","guid":{"rendered":"https:\/\/www.enerjigazetesi.ist\/?p=76869"},"modified":"2018-07-30T10:39:25","modified_gmt":"2018-07-30T07:39:25","slug":"isi-yalitimi-yalnizca-isitma-icin-degil-sogutma-icinde-kullanilmali","status":"publish","type":"post","link":"https:\/\/www.enerjigazetesi.ist\/en\/isi-yalitimi-yalnizca-isitma-icin-degil-sogutma-icinde-kullanilmali\/","title":{"rendered":"(Turkish) Is\u0131 Yal\u0131t\u0131m\u0131 Yaln\u0131zca Is\u0131tma \u0130\u00e7in De\u011fil So\u011futma \u0130\u00e7inde Kullan\u0131lmal\u0131!"},"content":{"rendered":"<p class=\"qtranxs-available-languages-message qtranxs-available-languages-message-en\">Sorry, this entry is only available in <a href=\"https:\/\/www.enerjigazetesi.ist\/tr\/wp-json\/wp\/v2\/posts\/76869\" class=\"qtranxs-available-language-link qtranxs-available-language-link-tr\" title=\"Turkish\">Turkish<\/a>. For the sake of viewer convenience, the content is shown below in the alternative language. You may click the link to switch the active language.<\/p><p><strong>Yap\u0131larda Enerji Verimlili\u011fi Derne\u011fi (VER\u0130MDER), \u0131s\u0131 yal\u0131t\u0131m\u0131 ve tasarrufu bilincinin t\u00fcm T\u00fcrkiye\u2019de yayg\u0131nla\u015fmas\u0131 i\u00e7in Samsun\u2019da ba\u015flatt\u0131\u011f\u0131 Anadolu Bulu\u015fmalar\u0131\u2019na h\u0131z kesmeden devam ediyor. Antalya\u2019da d\u00fczenlenen ikinci toplant\u0131da, enerji verimlili\u011fi alan\u0131nda do\u011fru bilinen yanl\u0131\u015flar masaya yat\u0131r\u0131ld\u0131. <\/strong><\/p>\n<p><strong>Antalya gibi s\u0131cak iklimlerdeki binalar\u0131n \u0131s\u0131 yal\u0131t\u0131m\u0131 yap\u0131lmas\u0131na ihtiya\u00e7 olmad\u0131\u011f\u0131 alg\u0131s\u0131n\u0131n yanl\u0131\u015f oldu\u011funu s\u00f6yleyen VER\u0130MDER \u0130cra Kurulu Ba\u015fkan\u0131 Prof. Dr. Emre Alkin, \u201cIs\u0131 yal\u0131t\u0131m\u0131 yaln\u0131zca binay\u0131 \u0131s\u0131tmak i\u00e7in yap\u0131lan bir uygulama de\u011fildir. Binalar\u0131n so\u011futulmas\u0131, \u0131s\u0131t\u0131lmas\u0131ndan daha fazla enerji gerektirir. Yaz aylar\u0131nda \u00f6denen klima faturalar\u0131 g\u00f6z \u00f6n\u00fcne al\u0131nd\u0131\u011f\u0131nda, s\u0131cak b\u00f6lgelerde oturan ki\u015filerin de \u0131s\u0131 yal\u0131t\u0131m\u0131 yapt\u0131rmas\u0131 gerekir. Is\u0131 yal\u0131t\u0131m\u0131 ile so\u011futma i\u00e7in yap\u0131lan harcamalarda en az %40 tasarruf elde edilir\u201d dedi.<\/strong><\/p>\n<p><img loading=\"lazy\" class=\"alignleft size-medium wp-image-76870\" src=\"https:\/\/www.enerjigazetesi.ist\/wp-content\/uploads\/2018\/07\/isi-yalitimi-yalnizca-isitma-icin-degil-sogutma-icinde-kullanilmali-300x199.jpg\" alt=\"\" width=\"300\" height=\"199\" srcset=\"https:\/\/www.enerjigazetesi.ist\/wp-content\/uploads\/2018\/07\/isi-yalitimi-yalnizca-isitma-icin-degil-sogutma-icinde-kullanilmali-300x199.jpg 300w, https:\/\/www.enerjigazetesi.ist\/wp-content\/uploads\/2018\/07\/isi-yalitimi-yalnizca-isitma-icin-degil-sogutma-icinde-kullanilmali-768x510.jpg 768w, https:\/\/www.enerjigazetesi.ist\/wp-content\/uploads\/2018\/07\/isi-yalitimi-yalnizca-isitma-icin-degil-sogutma-icinde-kullanilmali-1024x680.jpg 1024w, https:\/\/www.enerjigazetesi.ist\/wp-content\/uploads\/2018\/07\/isi-yalitimi-yalnizca-isitma-icin-degil-sogutma-icinde-kullanilmali-500x332.jpg 500w, https:\/\/www.enerjigazetesi.ist\/wp-content\/uploads\/2018\/07\/isi-yalitimi-yalnizca-isitma-icin-degil-sogutma-icinde-kullanilmali-75x50.jpg 75w, https:\/\/www.enerjigazetesi.ist\/wp-content\/uploads\/2018\/07\/isi-yalitimi-yalnizca-isitma-icin-degil-sogutma-icinde-kullanilmali.jpg 1072w\" sizes=\"(max-width: 300px) 100vw, 300px\" \/>\u00d6n\u00fcm\u00fczdeki y\u0131llarda yaln\u0131zca T\u00fcrkiye\u2019nin de\u011fil t\u00fcm d\u00fcnyan\u0131n kar\u015f\u0131 kar\u015f\u0131ya oldu\u011fu global \u0131s\u0131nma soruna kar\u015f\u0131 seferberlik ilan eden Yap\u0131larda Enerji Verimlili\u011fi Derne\u011fi (VER\u0130MDER), \u00fclkenin d\u00f6rt bir yan\u0131nda d\u00fczenledi\u011fi e\u011fitim toplant\u0131lar\u0131 ile toplumda enerji verimlili\u011fi ve tasarrufu konular\u0131n\u0131n daha fazla yayg\u0131nla\u015fmas\u0131n\u0131 ama\u00e7l\u0131yor.<\/p>\n<p>Bu ama\u00e7la Samsun\u2019da ge\u00e7en ay ilki d\u00fczenlenen Anadolu Bulu\u015fmalar\u0131 h\u0131z kesmeden devam ediyor. Kamuoyu, medya, kamu kurumlar\u0131, b\u00fcrokrasi, \u00fcniversiteler, in\u015faat ve enerji sekt\u00f6rlerinden kat\u0131l\u0131mc\u0131lar\u0131n yo\u011fun ilgi g\u00f6sterdi\u011fi Anadolu Bulu\u015fmalar\u0131\u2019n\u0131n ikincisi Akdeniz\u2019in incisi Antalya\u2019da yap\u0131ld\u0131.<\/p>\n<p><strong>YAZIN HARCANAN ENERJ\u0130 \u00c7OK DAHA FAZLA<\/strong><\/p>\n<p>\u201cIl\u0131man iklimlerde \u0131s\u0131 yal\u0131t\u0131m\u0131na ihtiya\u00e7 yoktur\u201d alg\u0131s\u0131n\u0131n do\u011fru olmad\u0131\u011f\u0131n\u0131n vurguland\u0131\u011f\u0131 toplant\u0131da, \u0131s\u0131 yal\u0131t\u0131m\u0131 ve tasarrufu ile ilgili do\u011fru bilinen yanl\u0131\u015flar da masaya yat\u0131r\u0131ld\u0131. Anadolu Bulu\u015fmalar\u0131\u2019na ba\u015fkanl\u0131k yapan VER\u0130MDER \u0130cra Kurulu Ba\u015fkan\u0131 Prof. Dr. Emre Alkin, \u201cIs\u0131 yal\u0131t\u0131m\u0131 sadece so\u011fu\u011fa kar\u015f\u0131 de\u011fil, s\u0131caktan korunmak i\u00e7in de \u00f6nemlidir. Unutmamal\u0131 ki yaz\u0131n serinleme maliyeti, k\u0131\u015f\u0131n \u0131s\u0131nma maliyetinden \u00e7ok daha fazlad\u0131r\u201d diye konu\u015ftu.<\/p>\n<p><strong>YALITIMSIZ B\u0130NALAR SICAK HAVAYI \u0130\u00c7ER\u0130 \u00c7EKER<\/strong><\/p>\n<p>Binalar\u0131n d\u0131\u015fa bakan i\u00e7 y\u00fczey s\u0131cakl\u0131\u011f\u0131 ile i\u00e7 ortam s\u0131cakl\u0131\u011f\u0131 aras\u0131ndaki fark\u0131n \u00fc\u00e7 derecenin \u00fczerinde olmamas\u0131 gerekti\u011fini yoksa binalarda \u0131s\u0131 kay\u0131plar\u0131 olu\u015fabilece\u011fini s\u00f6yleyen Alkin, s\u00f6zlerini \u015f\u00f6yle s\u00fcrd\u00fcrd\u00fc: Bir enerji t\u00fcr\u00fc olan \u0131s\u0131, do\u011fa kanunlar\u0131 gere\u011fi her zaman s\u0131cak ortamdan so\u011fuk ortama do\u011fru transfer olur. Yal\u0131t\u0131ms\u0131z binalarda, d\u0131\u015far\u0131daki \u0131s\u0131 bina i\u00e7ine hareket ederek ortam\u0131 \u0131s\u0131t\u0131r. Bu kapsamda, binalardaki \u0131s\u0131 yal\u0131t\u0131m\u0131 \u00f6zellikle s\u0131cak iklimlerde d\u0131\u015far\u0131daki s\u0131cak havan\u0131n bina i\u00e7erisine giri\u015fini engeller ve bu sayede so\u011futma enerjisinde tasarrufu sa\u011flan\u0131r.\u201d<\/p>\n<p><strong>FATURALARIN ISISINI D\u00dc\u015e\u00dcR\u00dcN DO\u011eAYA KATKI SA\u011eLAYIN<\/strong><\/p>\n<p>\u00d6zellikle s\u0131cak iklimlerde yaz aylar\u0131nda binalar\u0131 so\u011futmada kullan\u0131lan iklimlendirme sistemlerinin y\u00fcksek elektrik enerjisine ihtiya\u00e7 duydu\u011funun ve birincil enerji maliyetinin olduk\u00e7a y\u00fcksek oldu\u011funun da alt\u0131n\u0131 \u00e7izen Alkin, \u201cIs\u0131 yal\u0131t\u0131m\u0131 binalardaki \u0131s\u0131 kay\u0131plar\u0131n\u0131n \u00f6n\u00fcne ge\u00e7er, yani ev i\u00e7erisindeki s\u0131cak ya da so\u011fuk havan\u0131n d\u0131\u015far\u0131 \u00e7\u0131kmas\u0131n\u0131 engelleyerek evi hem serin hem de s\u0131cak tutar. Ayr\u0131ca binalar\u0131n so\u011futulmas\u0131, \u0131s\u0131t\u0131lmas\u0131ndan daha fazla enerji gerektirir. Yaz aylar\u0131nda \u00f6denen klima faturalar\u0131 g\u00f6z \u00f6n\u00fcne al\u0131nd\u0131\u011f\u0131nda, s\u0131cak b\u00f6lgelerde oturan ki\u015filerin de \u0131s\u0131 yal\u0131t\u0131m\u0131 yapt\u0131rmas\u0131 gerekir. \u00d6te yandan iklimlendirme sistemlerinin y\u00fcksek sera gaz\u0131 t\u00fcketimine neden olarak \u00e7evreye \u00f6nemli derecede verdi\u011fi zarar en aza indirilir.<\/p>","protected":false},"excerpt":{"rendered":"<p>Sorry, this entry is only available in Turkish. For the sake of viewer convenience, the content is shown below in the alternative language. You may click the link to switch the active language.Yap\u0131larda Enerji Verimlili\u011fi Derne\u011fi (VER\u0130MDER), \u0131s\u0131 yal\u0131t\u0131m\u0131 ve tasarrufu bilincinin t\u00fcm T\u00fcrkiye\u2019de yayg\u0131nla\u015fmas\u0131 i\u00e7in Samsun\u2019da ba\u015flatt\u0131\u011f\u0131 Anadolu Bulu\u015fmalar\u0131\u2019na h\u0131z kesmeden devam ediyor. Antalya\u2019da [&hellip;]<\/p>\n","protected":false},"author":1,"featured_media":76870,"comment_status":"open","ping_status":"open","sticky":false,"template":"","format":"standard","meta":[],"categories":[53,52],"tags":[67,1009,12,380,37827,37792,793,37793],"views":854,"_links":{"self":[{"href":"https:\/\/www.enerjigazetesi.ist\/en\/wp-json\/wp\/v2\/posts\/76869"}],"collection":[{"href":"https:\/\/www.enerjigazetesi.ist\/en\/wp-json\/wp\/v2\/posts"}],"about":[{"href":"https:\/\/www.enerjigazetesi.ist\/en\/wp-json\/wp\/v2\/types\/post"}],"author":[{"embeddable":true,"href":"https:\/\/www.enerjigazetesi.ist\/en\/wp-json\/wp\/v2\/users\/1"}],"replies":[{"embeddable":true,"href":"https:\/\/www.enerjigazetesi.ist\/en\/wp-json\/wp\/v2\/comments?post=76869"}],"version-history":[{"count":1,"href":"https:\/\/www.enerjigazetesi.ist\/en\/wp-json\/wp\/v2\/posts\/76869\/revisions"}],"predecessor-version":[{"id":76871,"href":"https:\/\/www.enerjigazetesi.ist\/en\/wp-json\/wp\/v2\/posts\/76869\/revisions\/76871"}],"wp:featuredmedia":[{"embeddable":true,"href":"https:\/\/www.enerjigazetesi.ist\/en\/wp-json\/wp\/v2\/media\/76870"}],"wp:attachment":[{"href":"https:\/\/www.enerjigazetesi.ist\/en\/wp-json\/wp\/v2\/media?parent=76869"}],"wp:term":[{"taxonomy":"category","embeddable":true,"href":"https:\/\/www.enerjigazetesi.ist\/en\/wp-json\/wp\/v2\/categories?post=76869"},{"taxonomy":"post_tag","embeddable":true,"href":"https:\/\/www.enerjigazetesi.ist\/en\/wp-json\/wp\/v2\/tags?post=76869"}],"curies":[{"name":"wp","href":"https:\/\/api.w.org\/{rel}","templated":true}]}}