{"id":76852,"date":"2018-07-29T16:12:59","date_gmt":"2018-07-29T13:12:59","guid":{"rendered":"https:\/\/www.enerjigazetesi.ist\/?p=76852"},"modified":"2018-07-29T16:28:04","modified_gmt":"2018-07-29T13:28:04","slug":"nissan-ispanyada-yeni-elektrikli-minibuslerinin-tanitimini-gerceklestirdi","status":"publish","type":"post","link":"https:\/\/www.enerjigazetesi.ist\/en\/nissan-ispanyada-yeni-elektrikli-minibuslerinin-tanitimini-gerceklestirdi\/","title":{"rendered":"(Turkish) Nissan \u0130spanya&#8217;da Yeni Elektrikli Minib\u00fcslerin Tan\u0131t\u0131m\u0131n\u0131 Ger\u00e7ekle\u015ftirdi"},"content":{"rendered":"<p class=\"qtranxs-available-languages-message qtranxs-available-languages-message-en\">Sorry, this entry is only available in <a href=\"https:\/\/www.enerjigazetesi.ist\/tr\/wp-json\/wp\/v2\/posts\/76852\" class=\"qtranxs-available-language-link qtranxs-available-language-link-tr\" title=\"Turkish\">Turkish<\/a>. For the sake of viewer convenience, the content is shown below in the alternative language. You may click the link to switch the active language.<\/p><p><strong>Nissan taraf\u0131ndan \u0130spanya\u2019da piyasaya sunulan e-NV200 ve NV300 modellerinin elektrikli versiyonlar\u0131yla Avrupa pazar\u0131n\u0131n nabz\u0131 \u00f6l\u00e7\u00fclecek.<img loading=\"lazy\" class=\"alignright size-medium wp-image-76853\" src=\"https:\/\/www.enerjigazetesi.ist\/wp-content\/uploads\/2018\/07\/nissan-ispanyada-yeni-elektrikli-minibuslerinin-tanitimini-gerceklestirdi-300x215.jpg\" alt=\"\" width=\"300\" height=\"215\" srcset=\"https:\/\/www.enerjigazetesi.ist\/wp-content\/uploads\/2018\/07\/nissan-ispanyada-yeni-elektrikli-minibuslerinin-tanitimini-gerceklestirdi-300x215.jpg 300w, https:\/\/www.enerjigazetesi.ist\/wp-content\/uploads\/2018\/07\/nissan-ispanyada-yeni-elektrikli-minibuslerinin-tanitimini-gerceklestirdi-500x358.jpg 500w, https:\/\/www.enerjigazetesi.ist\/wp-content\/uploads\/2018\/07\/nissan-ispanyada-yeni-elektrikli-minibuslerinin-tanitimini-gerceklestirdi-70x50.jpg 70w, https:\/\/www.enerjigazetesi.ist\/wp-content\/uploads\/2018\/07\/nissan-ispanyada-yeni-elektrikli-minibuslerinin-tanitimini-gerceklestirdi.jpg 600w\" sizes=\"(max-width: 300px) 100vw, 300px\" \/><\/strong><\/p>\n<p>Gezginler ve \u00f6zg\u00fcr ruha sahip olanlar i\u00e7in vazge\u00e7ilmez olan karavanlar da art\u0131k elektrikli d\u00f6n\u00fc\u015f\u00fcm\u00fcne kat\u0131lm\u0131\u015f durumda. Winnebago ve Tesla bu alanda tasar\u0131mlar\u0131n\u0131 duyuran \u00fcreticiler aras\u0131nda ama Nissan tamamen elektrikli bu yeni iki modeli ile \u00f6nc\u00fcl\u00fc\u011f\u00fc ele alm\u0131\u015f gibi g\u00f6r\u00fcn\u00fcyor.<\/p>\n<p>May\u0131s&#8217;ta duyurusu yap\u0131lan karavan benzeri minib\u00fcsler \u015fu anda \u0130spanya\u2019da sat\u0131\u015fa \u00e7\u0131kt\u0131. Nissan2\u0131n bir\u00e7ok \u00fclkede yayg\u0131n olarak yer alan e-NV200 ve NV300 modellerinin elektrikli versiyonlar\u0131 ile daha \u00e7ok \u00e7evre dostu gezginlere y\u00f6neliktir.<\/p>\n<p>Nissan, e-NV200 modelini k\u0131sa bir s\u00fcre \u00f6nce 40kW\u2019l\u0131k bir bataraya ile geli\u015ftirmi\u015f olup ara\u00e7ta yine de WLTP kombine \u00e7evrimine dayanan bir kullan\u0131m s\u0131n\u0131r\u0131 yer almaktad\u0131r. Bununla beraber modeller aras\u0131ndaki farkl\u0131l\u0131k \u00e7e\u015fitli kullan\u0131m ama\u00e7lar\u0131na g\u00f6re belirlenerek m\u00fc\u015fteriler, \u0130spanya\u2019daki yerel Nissan bayilerinde farkl\u0131 \u00f6zelliklere sahip olan elektrikli Camper\u2019\u0131 konfig\u00fcre edebilerek sipari\u015f verebilecektir. Sat\u0131\u015flar\u0131n ba\u015far\u0131s\u0131na paralel do\u011frultuda, Nissan&#8217;\u0131n potansiyel di\u011fer Avrupa pazarlar\u0131nda da ilerleme hedefi bulunmaktad\u0131r.<\/p>","protected":false},"excerpt":{"rendered":"<p>Sorry, this entry is only available in Turkish. For the sake of viewer convenience, the content is shown below in the alternative language. You may click the link to switch the active language.Nissan taraf\u0131ndan \u0130spanya\u2019da piyasaya sunulan e-NV200 ve NV300 modellerinin elektrikli versiyonlar\u0131yla Avrupa pazar\u0131n\u0131n nabz\u0131 \u00f6l\u00e7\u00fclecek. Gezginler ve \u00f6zg\u00fcr ruha sahip olanlar i\u00e7in vazge\u00e7ilmez [&hellip;]<\/p>\n","protected":false},"author":1,"featured_media":76853,"comment_status":"open","ping_status":"open","sticky":false,"template":"","format":"standard","meta":[],"categories":[51,53,157],"tags":[38560,34979,19638,26353,215,27850,1270,67,1009,4353,6302,38561],"views":1037,"_links":{"self":[{"href":"https:\/\/www.enerjigazetesi.ist\/en\/wp-json\/wp\/v2\/posts\/76852"}],"collection":[{"href":"https:\/\/www.enerjigazetesi.ist\/en\/wp-json\/wp\/v2\/posts"}],"about":[{"href":"https:\/\/www.enerjigazetesi.ist\/en\/wp-json\/wp\/v2\/types\/post"}],"author":[{"embeddable":true,"href":"https:\/\/www.enerjigazetesi.ist\/en\/wp-json\/wp\/v2\/users\/1"}],"replies":[{"embeddable":true,"href":"https:\/\/www.enerjigazetesi.ist\/en\/wp-json\/wp\/v2\/comments?post=76852"}],"version-history":[{"count":2,"href":"https:\/\/www.enerjigazetesi.ist\/en\/wp-json\/wp\/v2\/posts\/76852\/revisions"}],"predecessor-version":[{"id":76858,"href":"https:\/\/www.enerjigazetesi.ist\/en\/wp-json\/wp\/v2\/posts\/76852\/revisions\/76858"}],"wp:featuredmedia":[{"embeddable":true,"href":"https:\/\/www.enerjigazetesi.ist\/en\/wp-json\/wp\/v2\/media\/76853"}],"wp:attachment":[{"href":"https:\/\/www.enerjigazetesi.ist\/en\/wp-json\/wp\/v2\/media?parent=76852"}],"wp:term":[{"taxonomy":"category","embeddable":true,"href":"https:\/\/www.enerjigazetesi.ist\/en\/wp-json\/wp\/v2\/categories?post=76852"},{"taxonomy":"post_tag","embeddable":true,"href":"https:\/\/www.enerjigazetesi.ist\/en\/wp-json\/wp\/v2\/tags?post=76852"}],"curies":[{"name":"wp","href":"https:\/\/api.w.org\/{rel}","templated":true}]}}