{"id":76823,"date":"2018-07-29T14:37:47","date_gmt":"2018-07-29T11:37:47","guid":{"rendered":"https:\/\/www.enerjigazetesi.ist\/?p=76823"},"modified":"2018-07-29T14:38:20","modified_gmt":"2018-07-29T11:38:20","slug":"avrupanin-ilk-yarida-ruzgar-enerjisindeki-gucu-175-gwa-cikti","status":"publish","type":"post","link":"https:\/\/www.enerjigazetesi.ist\/en\/avrupanin-ilk-yarida-ruzgar-enerjisindeki-gucu-175-gwa-cikti\/","title":{"rendered":"(Turkish) Avrupa&#8217;n\u0131n \u0130lk Yar\u0131da R\u00fczgar Enerjisi&#8217;ndeki G\u00fcc\u00fc 175 GW&#8217;a \u00c7\u0131kt\u0131"},"content":{"rendered":"<p class=\"qtranxs-available-languages-message qtranxs-available-languages-message-en\">Sorry, this entry is only available in <a href=\"https:\/\/www.enerjigazetesi.ist\/tr\/wp-json\/wp\/v2\/posts\/76823\" class=\"qtranxs-available-language-link qtranxs-available-language-link-tr\" title=\"Turkish\">Turkish<\/a>. For the sake of viewer convenience, the content is shown below in the alternative language. You may click the link to switch the active language.<\/p><p><strong>Avrupa R\u00fczgar Enerjisi Birli\u011fi WindEurope&#8217;\u0131n a\u00e7\u0131klad\u0131\u011f\u0131 verilere g\u00f6re r\u00fczgardaki g\u00fc\u00e7 art\u0131\u015f\u0131n\u0131n 3.333 MW&#8217;l\u0131k b\u00f6l\u00fcm\u00fc karasal, 1.120 MW&#8217;l\u0131k b\u00f6l\u00fcm\u00fc ise k\u0131y\u0131 \u00f6tesi r\u00fczgar enerjisi alan\u0131nda ger\u00e7ekle\u015fti.<img loading=\"lazy\" class=\"alignright size-medium wp-image-76824\" src=\"https:\/\/www.enerjigazetesi.ist\/wp-content\/uploads\/2018\/07\/avrupanin-ilk-yarida-ruzgar-enerjisinde-gucu-175-gwa-cikti-300x168.jpg\" alt=\"\" width=\"300\" height=\"168\" srcset=\"https:\/\/www.enerjigazetesi.ist\/wp-content\/uploads\/2018\/07\/avrupanin-ilk-yarida-ruzgar-enerjisinde-gucu-175-gwa-cikti-300x168.jpg 300w, https:\/\/www.enerjigazetesi.ist\/wp-content\/uploads\/2018\/07\/avrupanin-ilk-yarida-ruzgar-enerjisinde-gucu-175-gwa-cikti-500x280.jpg 500w, https:\/\/www.enerjigazetesi.ist\/wp-content\/uploads\/2018\/07\/avrupanin-ilk-yarida-ruzgar-enerjisinde-gucu-175-gwa-cikti-80x45.jpg 80w, https:\/\/www.enerjigazetesi.ist\/wp-content\/uploads\/2018\/07\/avrupanin-ilk-yarida-ruzgar-enerjisinde-gucu-175-gwa-cikti.jpg 630w\" sizes=\"(max-width: 300px) 100vw, 300px\" \/><\/strong><\/p>\n<p><strong>Karasal R\u00fczgar G\u00fcc\u00fcnde Lider Almanya<\/strong><\/p>\n<p>Karasal r\u00fczgar enerjisi g\u00fcc\u00fcndeki art\u0131\u015f\u0131n 1.626 MW g\u00fcc\u00fcn\u00fcn neredeyse yar\u0131s\u0131n\u0131 Almanya olu\u015fturdu. Fransa 605 MW ile ikinci, Danimarka ise 202 MW ile \u00fc\u00e7\u00fcnc\u00fc s\u0131rada yer ald\u0131. \u00c7al\u0131\u015fmadaki bilgilere g\u00f6re ayn\u0131 d\u00f6nemde T\u00fcrkiye&#8217;nin karasal r\u00fczgar g\u00fcc\u00fc ise 141 MW art\u0131\u015f kaydetti.<\/p>\n<p><strong>K\u0131y\u0131 \u00f6tesinde \u0130ngiltere lider<\/strong><\/p>\n<p>Y\u0131l\u0131n ilk yar\u0131s\u0131nda k\u0131y\u0131 \u00f6tesi r\u00fczgar enerjisi g\u00fcc\u00fcnde ise be\u015f Avrupa \u00fclkesinde art\u0131\u015f kaydedildi. \u0130ngiltere&#8217;nin 911 MW ile lider konumunda oldu\u011fu bu alanda, Bel\u00e7ika&#8217;da 175 MW, Danimarka&#8217;da 28 MW, \u0130spanya&#8217;da 5 MW ve Fransa&#8217;da 1 MW kapasite art\u0131\u015f\u0131 oldu.<\/p>\n<p>WindEurope&#8217;\u0131n a\u00e7\u0131klanan verilerine g\u00f6re Avrupa \u00fclkelerinin r\u00fczgar enerjisi g\u00fcc\u00fc 2017 y\u0131l\u0131nda 15,7 GW artm\u0131\u015ft\u0131. Bu art\u0131\u015f\u0131n 12,5 GW&#8217;\u0131n karasal r\u00fczgar enerjisi, 3,1 GW&#8217;l\u0131k k\u0131sm\u0131n\u0131 ise k\u0131y\u0131 \u00f6tesi r\u00fczgar enerjisi yat\u0131r\u0131mlar\u0131 meydana getirmi\u015fti. T\u00fcrkiye ise 766 MW ile 2017 y\u0131l\u0131nda r\u00fczgar enerjisi kurulu g\u00fcc\u00fc en y\u00fcksek art\u0131\u015f g\u00f6steren d\u00f6rd\u00fcnc\u00fc Avrupa \u00fclkesi olmu\u015ftu.<\/p>","protected":false},"excerpt":{"rendered":"<p>Sorry, this entry is only available in Turkish. For the sake of viewer convenience, the content is shown below in the alternative language. You may click the link to switch the active language.Avrupa R\u00fczgar Enerjisi Birli\u011fi WindEurope&#8217;\u0131n a\u00e7\u0131klad\u0131\u011f\u0131 verilere g\u00f6re r\u00fczgardaki g\u00fc\u00e7 art\u0131\u015f\u0131n\u0131n 3.333 MW&#8217;l\u0131k b\u00f6l\u00fcm\u00fc karasal, 1.120 MW&#8217;l\u0131k b\u00f6l\u00fcm\u00fc ise k\u0131y\u0131 \u00f6tesi r\u00fczgar enerjisi [&hellip;]<\/p>\n","protected":false},"author":1,"featured_media":76824,"comment_status":"open","ping_status":"open","sticky":false,"template":"","format":"standard","meta":[],"categories":[53,50],"tags":[1964,67,1009,474,16,24949,231,23318,34960],"views":796,"_links":{"self":[{"href":"https:\/\/www.enerjigazetesi.ist\/en\/wp-json\/wp\/v2\/posts\/76823"}],"collection":[{"href":"https:\/\/www.enerjigazetesi.ist\/en\/wp-json\/wp\/v2\/posts"}],"about":[{"href":"https:\/\/www.enerjigazetesi.ist\/en\/wp-json\/wp\/v2\/types\/post"}],"author":[{"embeddable":true,"href":"https:\/\/www.enerjigazetesi.ist\/en\/wp-json\/wp\/v2\/users\/1"}],"replies":[{"embeddable":true,"href":"https:\/\/www.enerjigazetesi.ist\/en\/wp-json\/wp\/v2\/comments?post=76823"}],"version-history":[{"count":2,"href":"https:\/\/www.enerjigazetesi.ist\/en\/wp-json\/wp\/v2\/posts\/76823\/revisions"}],"predecessor-version":[{"id":76826,"href":"https:\/\/www.enerjigazetesi.ist\/en\/wp-json\/wp\/v2\/posts\/76823\/revisions\/76826"}],"wp:featuredmedia":[{"embeddable":true,"href":"https:\/\/www.enerjigazetesi.ist\/en\/wp-json\/wp\/v2\/media\/76824"}],"wp:attachment":[{"href":"https:\/\/www.enerjigazetesi.ist\/en\/wp-json\/wp\/v2\/media?parent=76823"}],"wp:term":[{"taxonomy":"category","embeddable":true,"href":"https:\/\/www.enerjigazetesi.ist\/en\/wp-json\/wp\/v2\/categories?post=76823"},{"taxonomy":"post_tag","embeddable":true,"href":"https:\/\/www.enerjigazetesi.ist\/en\/wp-json\/wp\/v2\/tags?post=76823"}],"curies":[{"name":"wp","href":"https:\/\/api.w.org\/{rel}","templated":true}]}}