{"id":7679,"date":"2013-03-04T10:30:02","date_gmt":"2013-03-04T07:30:02","guid":{"rendered":"https:\/\/www.enerjigazetesi.ist\/?p=7679"},"modified":"2013-03-04T10:30:02","modified_gmt":"2013-03-04T07:30:02","slug":"ogencilerden-enerji-tasarrufu-icin-bir-proje","status":"publish","type":"post","link":"https:\/\/www.enerjigazetesi.ist\/en\/ogencilerden-enerji-tasarrufu-icin-bir-proje\/","title":{"rendered":"(Turkish) \u00d6\u011fencilerden Enerji Tasarrufu i\u00e7in Bir Proje&#8230;"},"content":{"rendered":"<p class=\"qtranxs-available-languages-message qtranxs-available-languages-message-en\">Sorry, this entry is only available in <a href=\"https:\/\/www.enerjigazetesi.ist\/tr\/wp-json\/wp\/v2\/posts\/7679\" class=\"qtranxs-available-language-link qtranxs-available-language-link-tr\" title=\"Turkish\">Turkish<\/a>. For the sake of viewer convenience, the content is shown below in the alternative language. You may click the link to switch the active language.<\/p><p><strong>Cahit Nak\u0131bo\u011flu Koleji \u00f6\u011frencileri, \u00d6rnek bir projeye daha imza att\u0131. \u00d6zel Cahit Nak\u0131bo\u011flu Koleji \u00f6\u011frencileri, \u00f6rnek bir projeye daha imza atarak, enerji kaynaklar\u0131n\u0131n bilin\u00e7li kullan\u0131lmas\u0131 gerekti\u011fine dikkat \u00e7ekti ve haz\u0131rlad\u0131klar\u0131 afi\u015fleri be\u015f y\u00fczden fazla aileye da\u011f\u0131tarak, &#8220;Enerji tasarrufunda bizde var\u0131z&#8221; dedi.<\/strong><\/p>\n<p>\u00d6\u011fretmenlerinin deste\u011fiyle daima proje \u00fcreten ve projeleriyle \u00f6rnek olan Cahit Nak\u0131bo\u011flu \u00f6\u011frencileri, s\u0131n\u0131rl\u0131 ol<img loading=\"lazy\" class=\"alignright size-medium wp-image-7680\" title=\"ogencilerden-enerji-tasarrufu-icin-bir-proje-4387865_2546_o\" src=\"https:\/\/www.enerjigazetesi.ist\/wp-content\/uploads\/2013\/03\/ogencilerden-enerji-tasarrufu-icin-bir-proje-4387865_2546_o-300x211.jpg\" alt=\"\" width=\"300\" height=\"211\" srcset=\"https:\/\/www.enerjigazetesi.ist\/wp-content\/uploads\/2013\/03\/ogencilerden-enerji-tasarrufu-icin-bir-proje-4387865_2546_o-300x211.jpg 300w, https:\/\/www.enerjigazetesi.ist\/wp-content\/uploads\/2013\/03\/ogencilerden-enerji-tasarrufu-icin-bir-proje-4387865_2546_o-70x50.jpg 70w, https:\/\/www.enerjigazetesi.ist\/wp-content\/uploads\/2013\/03\/ogencilerden-enerji-tasarrufu-icin-bir-proje-4387865_2546_o.jpg 399w\" sizes=\"(max-width: 300px) 100vw, 300px\" \/>an enerji kaynaklar\u0131n\u0131 etkin kullanmak amac\u0131 ve enerji tasarrufuna dikkat \u00e7ekmek i\u00e7in, haz\u0131rlad\u0131klar\u0131 afi\u015fleri apartmandaki kom\u015fular\u0131na da\u011f\u0131tt\u0131.<\/p>\n<p>\u00d6\u011frenciler haz\u0131rlad\u0131klar\u0131 afi\u015flerde, damlayan bir muslu\u011fun 7 g\u00fcnde bir kova su haline d\u00f6n\u00fc\u015ft\u00fc\u011f\u00fcne, kapaks\u0131z tencerede yemek pi\u015firmenin 3 kat daha fazla enerji t\u00fcketti\u011fine, kirli ve tozlu lambalar\u0131n ise y\u00fczde 25 daha fazla enerji t\u00fcketti\u011fine dikkat \u00e7ekti.<\/p>\n<p><strong>K\u00d6M\u00dc\u015e\u00c7\u00dc: &#8220;ENERJ\u0130 TASARRUFU, GELECEK NES\u0130LLER \u0130\u00c7\u0130N \u00d6NEM ARZ ETMEKTED\u0130R&#8221;<\/strong><\/p>\n<p>\u00d6\u011frencilerinin bu projesinin b\u00fcy\u00fck destek g\u00f6rd\u00fc\u011f\u00fcne vurgu yapan Okul M\u00fcd\u00fcr\u00fc Alparslan K\u00f6m\u00fc\u015f\u00e7\u00fc, enerji tasarrufunun gelecek nesiller i\u00e7in, \u00f6nem arz etti\u011finin alt\u0131n\u0131 \u00e7izerek, \u015funlar\u0131 s\u00f6yledi. &#8220;Toplumsal projelerden biri olan enerji tasarrufu bilincini, ya\u015fam tarz\u0131 haline getirmeli ve daha iyi bir gelecek i\u00e7in, enerji kaynaklar\u0131m\u0131z\u0131 bilin\u00e7li ve kontroll\u00fc kullanmal\u0131y\u0131z&#8221; dedi.<\/p>\n<p>Kaynak: <a href=\"http:\/\/www.haberler.com\/ogencilerden-enerji-tasarrufu-icin-bir-proje-4387865-haberi\/\" target=\"_blank\">Haberler<\/a><\/p>","protected":false},"excerpt":{"rendered":"<p>Sorry, this entry is only available in Turkish. For the sake of viewer convenience, the content is shown below in the alternative language. You may click the link to switch the active language.Cahit Nak\u0131bo\u011flu Koleji \u00f6\u011frencileri, \u00d6rnek bir projeye daha imza att\u0131. \u00d6zel Cahit Nak\u0131bo\u011flu Koleji \u00f6\u011frencileri, \u00f6rnek bir projeye daha imza atarak, enerji kaynaklar\u0131n\u0131n [&hellip;]<\/p>\n","protected":false},"author":1,"featured_media":7680,"comment_status":"open","ping_status":"open","sticky":false,"template":"","format":"standard","meta":[],"categories":[53,52],"tags":[3097,67,12,133],"views":1689,"_links":{"self":[{"href":"https:\/\/www.enerjigazetesi.ist\/en\/wp-json\/wp\/v2\/posts\/7679"}],"collection":[{"href":"https:\/\/www.enerjigazetesi.ist\/en\/wp-json\/wp\/v2\/posts"}],"about":[{"href":"https:\/\/www.enerjigazetesi.ist\/en\/wp-json\/wp\/v2\/types\/post"}],"author":[{"embeddable":true,"href":"https:\/\/www.enerjigazetesi.ist\/en\/wp-json\/wp\/v2\/users\/1"}],"replies":[{"embeddable":true,"href":"https:\/\/www.enerjigazetesi.ist\/en\/wp-json\/wp\/v2\/comments?post=7679"}],"version-history":[{"count":1,"href":"https:\/\/www.enerjigazetesi.ist\/en\/wp-json\/wp\/v2\/posts\/7679\/revisions"}],"predecessor-version":[{"id":7681,"href":"https:\/\/www.enerjigazetesi.ist\/en\/wp-json\/wp\/v2\/posts\/7679\/revisions\/7681"}],"wp:featuredmedia":[{"embeddable":true,"href":"https:\/\/www.enerjigazetesi.ist\/en\/wp-json\/wp\/v2\/media\/7680"}],"wp:attachment":[{"href":"https:\/\/www.enerjigazetesi.ist\/en\/wp-json\/wp\/v2\/media?parent=7679"}],"wp:term":[{"taxonomy":"category","embeddable":true,"href":"https:\/\/www.enerjigazetesi.ist\/en\/wp-json\/wp\/v2\/categories?post=7679"},{"taxonomy":"post_tag","embeddable":true,"href":"https:\/\/www.enerjigazetesi.ist\/en\/wp-json\/wp\/v2\/tags?post=7679"}],"curies":[{"name":"wp","href":"https:\/\/api.w.org\/{rel}","templated":true}]}}