{"id":76777,"date":"2018-07-27T16:39:37","date_gmt":"2018-07-27T13:39:37","guid":{"rendered":"https:\/\/www.enerjigazetesi.ist\/?p=76777"},"modified":"2018-07-27T16:39:37","modified_gmt":"2018-07-27T13:39:37","slug":"kuresel-off-grid-geste-kapasite-3-kat-artis-gosterdi","status":"publish","type":"post","link":"https:\/\/www.enerjigazetesi.ist\/en\/kuresel-off-grid-geste-kapasite-3-kat-artis-gosterdi\/","title":{"rendered":"(Turkish) K\u00fcresel Off-Grid GES&#8217;te Kapasite 3 Kat Art\u0131\u015f G\u00f6sterdi!"},"content":{"rendered":"<p class=\"qtranxs-available-languages-message qtranxs-available-languages-message-en\">Sorry, this entry is only available in <a href=\"https:\/\/www.enerjigazetesi.ist\/tr\/wp-json\/wp\/v2\/posts\/76777\" class=\"qtranxs-available-language-link qtranxs-available-language-link-tr\" title=\"Turkish\">Turkish<\/a>. For the sake of viewer convenience, the content is shown below in the alternative language. You may click the link to switch the active language.<\/p><p><strong>Uluslararas\u0131 Yenilenebilir Enerji Ajans\u0131 taraf\u0131ndan (IRENA) yap\u0131lan a\u00e7\u0131klamaya g\u00f6re, 2008&#8217;de 2 gigavat\u0131n alt\u0131nda olan k\u00fcresel off-grid yenilenebilir enerji kapasitesi 9 y\u0131l zarf\u0131nda 3 kat art\u0131\u015f ile 2017 y\u0131l\u0131nda 6,5 gigavat\u0131 ge\u00e7ti.<\/strong><\/p>\n<p><img loading=\"lazy\" class=\"alignleft size-medium wp-image-76778\" src=\"https:\/\/www.enerjigazetesi.ist\/wp-content\/uploads\/2018\/07\/kuresel-off-grid-geste-kapasite-3-kat-artis-gosterdi-300x169.jpg\" alt=\"\" width=\"300\" height=\"169\" srcset=\"https:\/\/www.enerjigazetesi.ist\/wp-content\/uploads\/2018\/07\/kuresel-off-grid-geste-kapasite-3-kat-artis-gosterdi-300x169.jpg 300w, https:\/\/www.enerjigazetesi.ist\/wp-content\/uploads\/2018\/07\/kuresel-off-grid-geste-kapasite-3-kat-artis-gosterdi-768x432.jpg 768w, https:\/\/www.enerjigazetesi.ist\/wp-content\/uploads\/2018\/07\/kuresel-off-grid-geste-kapasite-3-kat-artis-gosterdi-500x281.jpg 500w, https:\/\/www.enerjigazetesi.ist\/wp-content\/uploads\/2018\/07\/kuresel-off-grid-geste-kapasite-3-kat-artis-gosterdi-80x45.jpg 80w, https:\/\/www.enerjigazetesi.ist\/wp-content\/uploads\/2018\/07\/kuresel-off-grid-geste-kapasite-3-kat-artis-gosterdi.jpg 863w\" sizes=\"(max-width: 300px) 100vw, 300px\" \/>Bu b\u00fcy\u00fcmeye en b\u00fcy\u00fck katk\u0131 Afrika ve Asya\u2019daki \u00fclkeleri meydana getirdi. IRENA\u2019ya g\u00f6re Afrika\u2019da 53 milyon, Asya\u2019da 76 milyon ki\u015fi bu t\u00fcr g\u00fc\u00e7 kaynaklar\u0131 kullanmaktad\u0131r.<\/p>\n<p>Asya\u2019da, toplam off-grid kapasitesi, 2008 y\u0131l\u0131nda 1,3 gigavattan iken 2017 y\u0131l\u0131nda yakla\u015f\u0131k 4,3 gigavata \u00e7\u0131kt\u0131. 2008 y\u0131l\u0131nda y\u00fczde 11 olan g\u00fcne\u015f pay\u0131 ise 3 kat art\u0131\u015f ile 2017 y\u0131l\u0131nda y\u00fczde 30\u2019un \u00fczerinde seyretti. Kaynaklar\u0131n bol olmas\u0131, teknolojinin da\u011f\u0131n\u0131k do\u011fas\u0131 ve azalan maliyetler g\u00fcne\u015f enerjisini, b\u00fcy\u00fck oranda ulusal \u015febekenin yetersiz oldu\u011fu alanlarda geni\u015f bir yelpazede elektrik hizmetlerini kar\u015f\u0131lamak i\u00e7in tek se\u00e7enek haline d\u00f6n\u00fc\u015ft\u00fcrm\u00fc\u015ft\u00fcr.<\/p>","protected":false},"excerpt":{"rendered":"<p>Sorry, this entry is only available in Turkish. For the sake of viewer convenience, the content is shown below in the alternative language. You may click the link to switch the active language.Uluslararas\u0131 Yenilenebilir Enerji Ajans\u0131 taraf\u0131ndan (IRENA) yap\u0131lan a\u00e7\u0131klamaya g\u00f6re, 2008&#8217;de 2 gigavat\u0131n alt\u0131nda olan k\u00fcresel off-grid yenilenebilir enerji kapasitesi 9 y\u0131l zarf\u0131nda 3 [&hellip;]<\/p>\n","protected":false},"author":1,"featured_media":76778,"comment_status":"open","ping_status":"open","sticky":false,"template":"","format":"standard","meta":[],"categories":[51,53,49],"tags":[67,1009,23416,1876,23133,23131,3386,38538,3387],"views":857,"_links":{"self":[{"href":"https:\/\/www.enerjigazetesi.ist\/en\/wp-json\/wp\/v2\/posts\/76777"}],"collection":[{"href":"https:\/\/www.enerjigazetesi.ist\/en\/wp-json\/wp\/v2\/posts"}],"about":[{"href":"https:\/\/www.enerjigazetesi.ist\/en\/wp-json\/wp\/v2\/types\/post"}],"author":[{"embeddable":true,"href":"https:\/\/www.enerjigazetesi.ist\/en\/wp-json\/wp\/v2\/users\/1"}],"replies":[{"embeddable":true,"href":"https:\/\/www.enerjigazetesi.ist\/en\/wp-json\/wp\/v2\/comments?post=76777"}],"version-history":[{"count":1,"href":"https:\/\/www.enerjigazetesi.ist\/en\/wp-json\/wp\/v2\/posts\/76777\/revisions"}],"predecessor-version":[{"id":76779,"href":"https:\/\/www.enerjigazetesi.ist\/en\/wp-json\/wp\/v2\/posts\/76777\/revisions\/76779"}],"wp:featuredmedia":[{"embeddable":true,"href":"https:\/\/www.enerjigazetesi.ist\/en\/wp-json\/wp\/v2\/media\/76778"}],"wp:attachment":[{"href":"https:\/\/www.enerjigazetesi.ist\/en\/wp-json\/wp\/v2\/media?parent=76777"}],"wp:term":[{"taxonomy":"category","embeddable":true,"href":"https:\/\/www.enerjigazetesi.ist\/en\/wp-json\/wp\/v2\/categories?post=76777"},{"taxonomy":"post_tag","embeddable":true,"href":"https:\/\/www.enerjigazetesi.ist\/en\/wp-json\/wp\/v2\/tags?post=76777"}],"curies":[{"name":"wp","href":"https:\/\/api.w.org\/{rel}","templated":true}]}}