{"id":7671,"date":"2013-03-03T14:52:39","date_gmt":"2013-03-03T11:52:39","guid":{"rendered":"https:\/\/www.enerjigazetesi.ist\/?p=7671"},"modified":"2013-03-03T14:54:29","modified_gmt":"2013-03-03T11:54:29","slug":"ruzgar-enerjisi-danimarkanin-elektrik-ihtiyacinin-30unu-karsiliyor","status":"publish","type":"post","link":"https:\/\/www.enerjigazetesi.ist\/en\/ruzgar-enerjisi-danimarkanin-elektrik-ihtiyacinin-30unu-karsiliyor\/","title":{"rendered":"(Turkish) Danimarka&#8217;n\u0131n Elektrik \u0130htiyac\u0131n\u0131n % 30&#8217;u R\u00fczgar Enerjisinden&#8230;"},"content":{"rendered":"<p class=\"qtranxs-available-languages-message qtranxs-available-languages-message-en\">Sorry, this entry is only available in <a href=\"https:\/\/www.enerjigazetesi.ist\/tr\/wp-json\/wp\/v2\/posts\/7671\" class=\"qtranxs-available-language-link qtranxs-available-language-link-tr\" title=\"Turkish\">Turkish<\/a>. For the sake of viewer convenience, the content is shown below in the alternative language. You may click the link to switch the active language.<\/p><p><strong>\u00dclkemizde termik ve n\u00fckleer santraller ve k\u00f6m\u00fcr kullan\u0131m\u0131 ana enerji politikas\u0131 haline getirilirken Avrupa yenilenebilir enerji ge\u00e7i\u015fini h\u0131zla tamaml\u0131yor. R\u00fczgar&#8217;dan elde edilen enerji \u00c7in&#8217;de dahi N\u00fckleer kapasiteyi geride b\u0131rakt\u0131. Devletin enerji politikas\u0131 yenilenebilir enerjiyi desteklemezken, &#8220;Do\u011fu\u015ftan \u00c7evreci&#8221;, &#8220;\u00c7evre Dostu&#8221;, &#8220;Do\u011faya Dost&#8221; vb. iddialarla ye\u015fil aklama yapan enerji firmalar\u0131m\u0131z\u0131n yenilenebilir enerjiye s\u0131f\u0131r yat\u0131r\u0131m yapmas\u0131n\u0131 da do\u011fal kar\u015f\u0131lamak gerek.<\/strong><\/p>\n<p>Earth Techling&#8217;in haberine g\u00f6re, r\u00fczgar enerjisi kullan\u0131m\u0131nda d\u00fcnya lideri olan Danimarka, 2012 y\u0131l\u0131nda birka\u00e7 puanl\u0131k art\u0131\u015fla, r\u00fczgar enerjisinin toplam enerji ihtiyac\u0131ndaki oran\u0131n\u0131 % 30&#8217;a \u00e7\u0131kard\u0131. Danimarka R\u00fczgar Birli\u011fi, bu son art\u0131\u015f\u0131n \u00fclkeyi 2020&#8217;deki %50 r\u00fczgar enerjisi kullan\u0131m hedefine biraz daha yakla\u015ft\u0131rd\u0131\u011f\u0131n\u0131 duyurdu.<\/p>\n<p><img loading=\"lazy\" class=\"alignleft size-medium wp-image-7672\" title=\"danimarka-ruzgar-enerjsi-kullanimi\" src=\"https:\/\/www.enerjigazetesi.ist\/wp-content\/uploads\/2013\/03\/danimarka-ruzgar-enerjsi-kullanimi-300x172.jpg\" alt=\"\" width=\"300\" height=\"172\" srcset=\"https:\/\/www.enerjigazetesi.ist\/wp-content\/uploads\/2013\/03\/danimarka-ruzgar-enerjsi-kullanimi-300x172.jpg 300w, https:\/\/www.enerjigazetesi.ist\/wp-content\/uploads\/2013\/03\/danimarka-ruzgar-enerjsi-kullanimi-500x287.jpg 500w, https:\/\/www.enerjigazetesi.ist\/wp-content\/uploads\/2013\/03\/danimarka-ruzgar-enerjsi-kullanimi-80x45.jpg 80w, https:\/\/www.enerjigazetesi.ist\/wp-content\/uploads\/2013\/03\/danimarka-ruzgar-enerjsi-kullanimi.jpg 580w\" sizes=\"(max-width: 300px) 100vw, 300px\" \/>Danimarka R\u00fczgar End\u00fcstrisi Birli\u011fi ba\u015f ekonomisti Sune Str\u00f8m yapt\u0131\u011f\u0131 a\u00e7\u0131klamada &#8220;% 2&#8217;lik art\u0131\u015f kula\u011fa \u00e7ok gelmeyebilir, fakat 2020&#8217;deki % 50 r\u00fczgar enerjisi hedefimize ula\u015fma plan\u0131m\u0131zla \u00f6rt\u00fc\u015f\u00fcyor. 2013&#8217;de Anholt r\u00fczgar tarlas\u0131 tamamland\u0131\u011f\u0131nda daha b\u00fcy\u00fck bir art\u0131\u015f g\u00f6rece\u011fiz. 2017-2020 aras\u0131nda bir sonraki b\u00fcy\u00fck r\u00fczgar tarlas\u0131n\u0131 aktif hale getirdi\u011fimizde \u00e7ok \u00e7ok daha b\u00fcy\u00fck bir art\u0131\u015f olacak&#8221; dedi.<\/p>\n<p>\u00dclkenin mevcut r\u00fczgar kapasitesi ile dahi, zaman zaman \u00e7ok fazla yap\u0131lan \u00fcretim enerji kayb\u0131 pahas\u0131na kullan\u0131lm\u0131yor. Danimarka&#8217;l\u0131lar d\u00fcnyan\u0131n en ak\u0131ll\u0131 \u015febekesini in\u015fa edip di\u011fer Avrupa \u00fclkeleri \u015febekeleri ile entegre ederek arz ve talebi dengeleme konusundaki zorlu\u011fu a\u015fabileceklerine inan\u0131yorlar.<\/p>\n<p>Danimarka 2020 y\u0131l\u0131nda elektrik enerjisinin % 50&#8217;sini r\u00fczgardan kar\u015f\u0131lamay\u0131 hedeflerken, toplam enerji ihtiyac\u0131n\u0131n da % 35&#8217;ini yenilenebilir kaynaklardan kar\u015f\u0131lamak istiyor. 2050 y\u0131l\u0131 hedefi ise % 100 yenilenebilir enerji kullanmak.<\/p>\n<p>Kaynak: <a href=\"http:\/\/www.yesiloji.com\/yesilhaber\/ruzgar-enerjisi-dunya-lideri-danimarkanin-elektrik-ihtiyacinin-30unu-karsiliyor\/\" target=\"_blank\">Yesiloji<\/a><\/p>","protected":false},"excerpt":{"rendered":"<p>Sorry, this entry is only available in Turkish. For the sake of viewer convenience, the content is shown below in the alternative language. You may click the link to switch the active language.\u00dclkemizde termik ve n\u00fckleer santraller ve k\u00f6m\u00fcr kullan\u0131m\u0131 ana enerji politikas\u0131 haline getirilirken Avrupa yenilenebilir enerji ge\u00e7i\u015fini h\u0131zla tamaml\u0131yor. R\u00fczgar&#8217;dan elde edilen enerji [&hellip;]<\/p>\n","protected":false},"author":1,"featured_media":7672,"comment_status":"open","ping_status":"open","sticky":false,"template":"","format":"standard","meta":[],"categories":[53,50],"tags":[1172,64,16,324,105],"views":800,"_links":{"self":[{"href":"https:\/\/www.enerjigazetesi.ist\/en\/wp-json\/wp\/v2\/posts\/7671"}],"collection":[{"href":"https:\/\/www.enerjigazetesi.ist\/en\/wp-json\/wp\/v2\/posts"}],"about":[{"href":"https:\/\/www.enerjigazetesi.ist\/en\/wp-json\/wp\/v2\/types\/post"}],"author":[{"embeddable":true,"href":"https:\/\/www.enerjigazetesi.ist\/en\/wp-json\/wp\/v2\/users\/1"}],"replies":[{"embeddable":true,"href":"https:\/\/www.enerjigazetesi.ist\/en\/wp-json\/wp\/v2\/comments?post=7671"}],"version-history":[{"count":6,"href":"https:\/\/www.enerjigazetesi.ist\/en\/wp-json\/wp\/v2\/posts\/7671\/revisions"}],"predecessor-version":[{"id":7678,"href":"https:\/\/www.enerjigazetesi.ist\/en\/wp-json\/wp\/v2\/posts\/7671\/revisions\/7678"}],"wp:featuredmedia":[{"embeddable":true,"href":"https:\/\/www.enerjigazetesi.ist\/en\/wp-json\/wp\/v2\/media\/7672"}],"wp:attachment":[{"href":"https:\/\/www.enerjigazetesi.ist\/en\/wp-json\/wp\/v2\/media?parent=7671"}],"wp:term":[{"taxonomy":"category","embeddable":true,"href":"https:\/\/www.enerjigazetesi.ist\/en\/wp-json\/wp\/v2\/categories?post=7671"},{"taxonomy":"post_tag","embeddable":true,"href":"https:\/\/www.enerjigazetesi.ist\/en\/wp-json\/wp\/v2\/tags?post=7671"}],"curies":[{"name":"wp","href":"https:\/\/api.w.org\/{rel}","templated":true}]}}