{"id":7666,"date":"2013-03-03T14:53:13","date_gmt":"2013-03-03T11:53:13","guid":{"rendered":"https:\/\/www.enerjigazetesi.ist\/?p=7666"},"modified":"2013-03-04T11:13:08","modified_gmt":"2013-03-04T08:13:08","slug":"fransada-isiklar-sonuyor","status":"publish","type":"post","link":"https:\/\/www.enerjigazetesi.ist\/en\/fransada-isiklar-sonuyor\/","title":{"rendered":"(Turkish) Fransa&#8217;da I\u015f\u0131klar S\u00f6n\u00fcyor&#8230;"},"content":{"rendered":"<p class=\"qtranxs-available-languages-message qtranxs-available-languages-message-en\">Sorry, this entry is only available in <a href=\"https:\/\/www.enerjigazetesi.ist\/tr\/wp-json\/wp\/v2\/posts\/7666\" class=\"qtranxs-available-language-link qtranxs-available-language-link-tr\" title=\"Turkish\">Turkish<\/a>. For the sake of viewer convenience, the content is shown below in the alternative language. You may click the link to switch the active language.<\/p><p><strong>Fransa&#8217;n\u0131n basit ama etkili enerji tasarrufu plan\u0131 ile geceleri \u0131\u015f\u0131klar kapanacak. Fransa&#8217;da 1 Temmuz 2013&#8217;den itibaren y\u00fcr\u00fcrl\u00fc\u011fe girecek yeni enerji tasarrufu plan\u0131 bilindik ama etkili bir y\u00f6nteme dayan\u0131yor. Plan ma\u011fazalar ve ofislerin \u0131\u015f\u0131klar\u0131n\u0131n geceleri s\u00f6nd\u00fcr\u00fclmesine dayan\u0131yor. Fransa bu y\u00f6ntemle 750.000 hanenin ihtiyac\u0131 kadar enerji tasarrufu elde etmi\u015f olacak.<\/strong><\/p>\n<h2>Gece 1&#8217;den sonra \u0131\u015f\u0131klar kapanacak<\/h2>\n<p><img loading=\"lazy\" class=\"alignleft size-medium wp-image-7667\" title=\"City of Lights\" src=\"https:\/\/www.enerjigazetesi.ist\/wp-content\/uploads\/2013\/03\/beautiful-cute-france-light-love-Favim_com-306406_large-300x199.jpg\" alt=\"\" width=\"300\" height=\"199\" srcset=\"https:\/\/www.enerjigazetesi.ist\/wp-content\/uploads\/2013\/03\/beautiful-cute-france-light-love-Favim_com-306406_large-300x199.jpg 300w, https:\/\/www.enerjigazetesi.ist\/wp-content\/uploads\/2013\/03\/beautiful-cute-france-light-love-Favim_com-306406_large-75x50.jpg 75w, https:\/\/www.enerjigazetesi.ist\/wp-content\/uploads\/2013\/03\/beautiful-cute-france-light-love-Favim_com-306406_large.jpg 500w\" sizes=\"(max-width: 300px) 100vw, 300px\" \/>1 Temmuz&#8217;dan itibaren konutlar d\u0131\u015f\u0131ndaki t\u00fcm binalarda \u0131\u015f\u0131klar son \u00e7al\u0131\u015fan ayr\u0131ld\u0131ktan ve\/veya gece 01.00&#8217;dan sonra s\u00f6nd\u00fcr\u00fclecek. I\u015f\u0131klar sabah saat 7, veya resmi mesai ba\u015flang\u0131\u00e7 saatine kadar tekrar a\u00e7\u0131lamayacak. B\u00fcy\u00fck turistik yap\u0131lar bundan muaf tutulsa da, 20.000 amp\u00fclle ayd\u0131nlat\u0131lan Eyfel kulesinde bir s\u00fcredir \u0131\u015f\u0131klar geceleri s\u00f6nd\u00fcr\u00fcl\u00fcyordu.<\/p>\n<p>Fransa enerji tasarrufu ve emisyonlar\u0131n azalt\u0131lmas\u0131n\u0131n yan\u0131 s\u0131ra, \u0131\u015f\u0131k kirlili\u011finin engellenmesi i\u00e7in de \u00f6nc\u00fc olacak. \u00c7evre Bakan\u0131 Delphine Batho uygulaman\u0131n yapay \u0131\u015f\u0131klar\u0131n do\u011fal ya\u015fam ve ekosisteme ek olarak insanlar\u0131n uyku d\u00fczenine olan etkilerini azaltaca\u011f\u0131n\u0131 umuyor. Bakan Batho, Newyork Times gazetesine yapt\u0131\u011f\u0131 a\u00e7\u0131klamada gece \u0131\u015f\u0131klar\u0131n\u0131n &#8220;t\u00fcrler aras\u0131 ileti\u015fim, g\u00f6\u00e7ler, \u00fcreme periyodlar\u0131 hatta av-avc\u0131 ili\u015fkilerinde bozulmalara yol a\u00e7abilece\u011fi&#8221;ni belirtti.<\/p>\n<p>N\u00fckleer enerji konusunda uzun s\u00fcre model te\u015fkil eden Fransa&#8217;n\u0131n son zamanlarda enerji verimlili\u011fi ve yenilenebilir enerji teknolojilerine yapt\u0131\u011f\u0131 yat\u0131r\u0131mlar fiziki etkisinin yan\u0131 s\u0131ra sembolik olarak da \u00f6nem ta\u015f\u0131yor.<\/p>\n<p>Kaynak: <a href=\"http:\/\/www.yesiloji.com\/yesilhaber\/fransada-isiklar-sonuyor\/\" target=\"_blank\">Yesiloji<\/a><\/p>","protected":false},"excerpt":{"rendered":"<p>Sorry, this entry is only available in Turkish. For the sake of viewer convenience, the content is shown below in the alternative language. You may click the link to switch the active language.Fransa&#8217;n\u0131n basit ama etkili enerji tasarrufu plan\u0131 ile geceleri \u0131\u015f\u0131klar kapanacak. Fransa&#8217;da 1 Temmuz 2013&#8217;den itibaren y\u00fcr\u00fcrl\u00fc\u011fe girecek yeni enerji tasarrufu plan\u0131 bilindik [&hellip;]<\/p>\n","protected":false},"author":1,"featured_media":7667,"comment_status":"open","ping_status":"open","sticky":false,"template":"","format":"standard","meta":[],"categories":[53,52],"tags":[3095,67,103,12,1346,3096,793],"views":880,"_links":{"self":[{"href":"https:\/\/www.enerjigazetesi.ist\/en\/wp-json\/wp\/v2\/posts\/7666"}],"collection":[{"href":"https:\/\/www.enerjigazetesi.ist\/en\/wp-json\/wp\/v2\/posts"}],"about":[{"href":"https:\/\/www.enerjigazetesi.ist\/en\/wp-json\/wp\/v2\/types\/post"}],"author":[{"embeddable":true,"href":"https:\/\/www.enerjigazetesi.ist\/en\/wp-json\/wp\/v2\/users\/1"}],"replies":[{"embeddable":true,"href":"https:\/\/www.enerjigazetesi.ist\/en\/wp-json\/wp\/v2\/comments?post=7666"}],"version-history":[{"count":2,"href":"https:\/\/www.enerjigazetesi.ist\/en\/wp-json\/wp\/v2\/posts\/7666\/revisions"}],"predecessor-version":[{"id":7696,"href":"https:\/\/www.enerjigazetesi.ist\/en\/wp-json\/wp\/v2\/posts\/7666\/revisions\/7696"}],"wp:featuredmedia":[{"embeddable":true,"href":"https:\/\/www.enerjigazetesi.ist\/en\/wp-json\/wp\/v2\/media\/7667"}],"wp:attachment":[{"href":"https:\/\/www.enerjigazetesi.ist\/en\/wp-json\/wp\/v2\/media?parent=7666"}],"wp:term":[{"taxonomy":"category","embeddable":true,"href":"https:\/\/www.enerjigazetesi.ist\/en\/wp-json\/wp\/v2\/categories?post=7666"},{"taxonomy":"post_tag","embeddable":true,"href":"https:\/\/www.enerjigazetesi.ist\/en\/wp-json\/wp\/v2\/tags?post=7666"}],"curies":[{"name":"wp","href":"https:\/\/api.w.org\/{rel}","templated":true}]}}