{"id":76606,"date":"2018-07-24T11:05:20","date_gmt":"2018-07-24T08:05:20","guid":{"rendered":"https:\/\/www.enerjigazetesi.ist\/?p=76606"},"modified":"2018-07-24T11:06:00","modified_gmt":"2018-07-24T08:06:00","slug":"yenilenebilir-enerji-yatirimlarindaki-dusus-iklim-hedeflerinde-tehdit-unsuru","status":"publish","type":"post","link":"https:\/\/www.enerjigazetesi.ist\/en\/yenilenebilir-enerji-yatirimlarindaki-dusus-iklim-hedeflerinde-tehdit-unsuru\/","title":{"rendered":"(Turkish) Yenilenebilir Enerji Yat\u0131r\u0131mlar\u0131ndaki D\u00fc\u015f\u00fc\u015f \u0130klim Hedeflerinde Tehdit Unsuru"},"content":{"rendered":"<p class=\"qtranxs-available-languages-message qtranxs-available-languages-message-en\">Sorry, this entry is only available in <a href=\"https:\/\/www.enerjigazetesi.ist\/tr\/wp-json\/wp\/v2\/posts\/76606\" class=\"qtranxs-available-language-link qtranxs-available-language-link-tr\" title=\"Turkish\">Turkish<\/a>. For the sake of viewer convenience, the content is shown below in the alternative language. You may click the link to switch the active language.<\/p><p><strong>Yenilenebilir enerjiye yap\u0131lan yat\u0131r\u0131m, ge\u00e7en y\u0131l \u015fimdiye kadarki en y\u00fcksek d\u00fc\u015f\u00fc\u015f\u00fcn\u00fc ya\u015fad\u0131. Yat\u0131r\u0131mlar\u0131n, k\u00fcresel iklim hedeflerini tehdit ederek bu y\u0131l da d\u00fc\u015fmeye devam etmesi bekleniyor. <\/strong><\/p>\n<p>Uluslararas\u0131 Enerji Ajans\u0131\u2019na (UEA) g\u00f6re, onshore r\u00fczgar ve hidroelektrik yat\u0131r\u0131m\u0131ndaki d\u00fc\u015f\u00fc\u015fler <img loading=\"lazy\" class=\"alignleft size-medium wp-image-76607\" src=\"https:\/\/www.enerjigazetesi.ist\/wp-content\/uploads\/2018\/07\/yenilenebilir-enerji-yatirimlarindaki-dusus-iklim-hedeflerini-tehdit-ediyor-300x150.jpg\" alt=\"\" width=\"300\" height=\"150\" srcset=\"https:\/\/www.enerjigazetesi.ist\/wp-content\/uploads\/2018\/07\/yenilenebilir-enerji-yatirimlarindaki-dusus-iklim-hedeflerini-tehdit-ediyor-300x150.jpg 300w, https:\/\/www.enerjigazetesi.ist\/wp-content\/uploads\/2018\/07\/yenilenebilir-enerji-yatirimlarindaki-dusus-iklim-hedeflerini-tehdit-ediyor-500x251.jpg 500w, https:\/\/www.enerjigazetesi.ist\/wp-content\/uploads\/2018\/07\/yenilenebilir-enerji-yatirimlarindaki-dusus-iklim-hedeflerini-tehdit-ediyor-80x40.jpg 80w, https:\/\/www.enerjigazetesi.ist\/wp-content\/uploads\/2018\/07\/yenilenebilir-enerji-yatirimlarindaki-dusus-iklim-hedeflerini-tehdit-ediyor.jpg 658w\" sizes=\"(max-width: 300px) 100vw, 300px\" \/>nedeniyle, yenilenebilir enerji \u00fcretiminde sermaye harcamalar\u0131 2017 y\u0131l\u0131nda bir \u00f6nceki y\u0131la g\u00f6re %7 azald\u0131. D\u00fcnyan\u0131n \u00f6nde gelen enerji g\u00f6zlemcisi, t\u00fcm k\u00fcresel enerji yat\u0131r\u0131mlar\u0131n\u0131n ayn\u0131 d\u00f6nemde %2 d\u00fc\u015ft\u00fc\u011f\u00fcn\u00fc bildirdi. UEA \u0130cra Direkt\u00f6r\u00fc Fatih Birol, temiz enerji verimlili\u011findeki d\u00fc\u015f\u00fc\u015flerin \u201cendi\u015fe verici\u201d oldu\u011funu s\u00f6yledi. Birol, \u201cMevcut yat\u0131r\u0131m e\u011filimleri, tedarik endi\u015felerinin ve \u00e7evresel kayg\u0131lar\u0131n g\u00fcvenli\u011fini ele almak a\u00e7\u0131s\u0131ndan yetersiz\u201d dedi.<\/p>\n<p>UEA\u2019n\u0131n raporu, yenilenebilir enerji yat\u0131r\u0131mlar\u0131n\u0131n 2016\u2019da 318 milyar dolar iken 2017\u2019de 298 milyar dolara d\u00fc\u015ft\u00fc\u011f\u00fcn\u00fc g\u00f6steriyor. Bu d\u00fc\u015f\u00fc\u015f, ajans\u0131n 2000 y\u0131l\u0131ndan beri temiz enerjiyi takip etmesinden bu yana en b\u00fcy\u00fck mutlak d\u00fc\u015f\u00fc\u015f\u00fcn\u00fc temsil ediyor. Enerji verimlili\u011fi \u00f6nlemlerine yap\u0131lan yat\u0131r\u0131mlar- binalar\u0131n daha az enerji t\u00fcketmesini sa\u011flayan \u0131s\u0131tma, so\u011futma ve ayd\u0131nlatma sistemlerinin iyile\u015ftirilmesi gibi- \u00f6nceki y\u0131llarda oldu\u011fundan daha zay\u0131f bir b\u00fcy\u00fcme kaydetti.<\/p>\n<p>Zorlu bir sanayi krizinden sonra UEA, enerji \u015firketlerinin maliyet kontrol\u00fcne, mali disipline ve hissedarlara nakit d\u00f6n\u00fc\u015f\u00fcne \u00f6ncelik vermeye devam etti\u011fini s\u00f6yledi. Bu, sanayinin s\u00f6zde k\u0131sa d\u00f6nemli projelere, mesela geli\u015fmek i\u00e7in daha az zaman alan ama ayn\u0131 zamanda y\u00fcksek fiyatlardan da muzdarip olan ABD kaya gaz\u0131nda oldu\u011fu gibi, do\u011fru kayd\u0131\u011f\u0131n\u0131 ileri s\u00fcrd\u00fc. Bu durum, k\u00fcresel petrol piyasas\u0131n\u0131n arz y\u00f6nl\u00fc bir krizin ya\u015fayabilece\u011fi korkusunu art\u0131rd\u0131.<\/p>\n<p><a href=\"https:\/\/www.ft.com\/content\/20af1fea-898a-11e8-bf9e-8771d5404543#myft:my-news:grid\">Financial Times<\/a><\/p>","protected":false},"excerpt":{"rendered":"<p>Sorry, this entry is only available in Turkish. For the sake of viewer convenience, the content is shown below in the alternative language. You may click the link to switch the active language.Yenilenebilir enerjiye yap\u0131lan yat\u0131r\u0131m, ge\u00e7en y\u0131l \u015fimdiye kadarki en y\u00fcksek d\u00fc\u015f\u00fc\u015f\u00fcn\u00fc ya\u015fad\u0131. Yat\u0131r\u0131mlar\u0131n, k\u00fcresel iklim hedeflerini tehdit ederek bu y\u0131l da d\u00fc\u015fmeye devam [&hellip;]<\/p>\n","protected":false},"author":1,"featured_media":76607,"comment_status":"open","ping_status":"open","sticky":false,"template":"","format":"standard","meta":[],"categories":[53,49,47,50],"tags":[67,1009,818,23416,24949,1022,26829],"views":918,"_links":{"self":[{"href":"https:\/\/www.enerjigazetesi.ist\/en\/wp-json\/wp\/v2\/posts\/76606"}],"collection":[{"href":"https:\/\/www.enerjigazetesi.ist\/en\/wp-json\/wp\/v2\/posts"}],"about":[{"href":"https:\/\/www.enerjigazetesi.ist\/en\/wp-json\/wp\/v2\/types\/post"}],"author":[{"embeddable":true,"href":"https:\/\/www.enerjigazetesi.ist\/en\/wp-json\/wp\/v2\/users\/1"}],"replies":[{"embeddable":true,"href":"https:\/\/www.enerjigazetesi.ist\/en\/wp-json\/wp\/v2\/comments?post=76606"}],"version-history":[{"count":2,"href":"https:\/\/www.enerjigazetesi.ist\/en\/wp-json\/wp\/v2\/posts\/76606\/revisions"}],"predecessor-version":[{"id":76609,"href":"https:\/\/www.enerjigazetesi.ist\/en\/wp-json\/wp\/v2\/posts\/76606\/revisions\/76609"}],"wp:featuredmedia":[{"embeddable":true,"href":"https:\/\/www.enerjigazetesi.ist\/en\/wp-json\/wp\/v2\/media\/76607"}],"wp:attachment":[{"href":"https:\/\/www.enerjigazetesi.ist\/en\/wp-json\/wp\/v2\/media?parent=76606"}],"wp:term":[{"taxonomy":"category","embeddable":true,"href":"https:\/\/www.enerjigazetesi.ist\/en\/wp-json\/wp\/v2\/categories?post=76606"},{"taxonomy":"post_tag","embeddable":true,"href":"https:\/\/www.enerjigazetesi.ist\/en\/wp-json\/wp\/v2\/tags?post=76606"}],"curies":[{"name":"wp","href":"https:\/\/api.w.org\/{rel}","templated":true}]}}