{"id":76588,"date":"2018-07-23T11:32:05","date_gmt":"2018-07-23T08:32:05","guid":{"rendered":"https:\/\/www.enerjigazetesi.ist\/?p=76588"},"modified":"2018-07-23T11:32:05","modified_gmt":"2018-07-23T08:32:05","slug":"karcherden-140-olimpik-yuzme-havuzu-buyuklugune-esdeger-su-tasarrufu","status":"publish","type":"post","link":"https:\/\/www.enerjigazetesi.ist\/en\/karcherden-140-olimpik-yuzme-havuzu-buyuklugune-esdeger-su-tasarrufu\/","title":{"rendered":"(Turkish) Karcher&#8217;den 140 Olimpik Y\u00fczme Havuzu B\u00fcy\u00fckl\u00fc\u011f\u00fcne E\u015fde\u011fer Su Tasarrufu"},"content":{"rendered":"<p class=\"qtranxs-available-languages-message qtranxs-available-languages-message-en\">Sorry, this entry is only available in <a href=\"https:\/\/www.enerjigazetesi.ist\/tr\/wp-json\/wp\/v2\/posts\/76588\" class=\"qtranxs-available-language-link qtranxs-available-language-link-tr\" title=\"Turkish\">Turkish<\/a>. For the sake of viewer convenience, the content is shown below in the alternative language. You may click the link to switch the active language.<\/p><p><strong>Alman temizlik devi K\u00e4rcher, 2014 y\u0131l\u0131nda kabul edilen \u201cS\u00fcrd\u00fcr\u00fclebilirlik M\u00fckemmeliyeti\u201d program\u0131 \u00e7er\u00e7evesinde kendini \u00fcr\u00fcn geli\u015ftirmeden \u00fcretime, lojistikten enerji verimlili\u011fine bir\u00e7ok alanda geli\u015ftirdi. K\u00e4rcher, program kapsam\u0131nda belirlenen 2020 hedeflerinin y\u00fczde 89\u2019unu hayata ge\u00e7irmeyi ba\u015fard\u0131.<\/strong><\/p>\n<p>2014 y\u0131l\u0131nda y\u00fczde 100 s\u00fcrd\u00fcr\u00fclebilirlik hedefiyle yola \u00e7\u0131kan Alman temizlik devi K\u00e4rcher, 2020 y\u0131l\u0131na ula\u015fmadan \u201cS\u00fcrd\u00fcr\u00fclebilirlik M\u00fckemmeliyeti\u201d program\u0131ndaki 14 genel hedefin sekizini tam olarak <img loading=\"lazy\" class=\"alignright size-medium wp-image-76589\" src=\"https:\/\/www.enerjigazetesi.ist\/wp-content\/uploads\/2018\/07\/karcherden-140-olimpik-yuzme-havuzu-buyuklugune-esdeger-su-tasarrufu-300x200.jpg\" alt=\"\" width=\"300\" height=\"200\" srcset=\"https:\/\/www.enerjigazetesi.ist\/wp-content\/uploads\/2018\/07\/karcherden-140-olimpik-yuzme-havuzu-buyuklugune-esdeger-su-tasarrufu-300x200.jpg 300w, https:\/\/www.enerjigazetesi.ist\/wp-content\/uploads\/2018\/07\/karcherden-140-olimpik-yuzme-havuzu-buyuklugune-esdeger-su-tasarrufu-500x333.jpg 500w, https:\/\/www.enerjigazetesi.ist\/wp-content\/uploads\/2018\/07\/karcherden-140-olimpik-yuzme-havuzu-buyuklugune-esdeger-su-tasarrufu-75x50.jpg 75w, https:\/\/www.enerjigazetesi.ist\/wp-content\/uploads\/2018\/07\/karcherden-140-olimpik-yuzme-havuzu-buyuklugune-esdeger-su-tasarrufu.jpg 732w\" sizes=\"(max-width: 300px) 100vw, 300px\" \/>uygulayarak program kapsam\u0131nda koydu\u011fu hedefleri tamamlamak ad\u0131na h\u0131zla ilerlemeyi s\u00fcrd\u00fcr\u00fcyor. S\u00fcrd\u00fcr\u00fclebilirlik hedeflerinin y\u00fczde 89\u2019unu hayata ge\u00e7irmeyi ba\u015faran K\u00e4rcher, \u00fcr\u00fcn geli\u015ftirmeden ambalajlamaya, \u00fcretim fakt\u00f6rlerinden \u00e7evreye bir\u00e7ok alanda \u00f6nemli ad\u0131mlar att\u0131.<\/p>\n<p>T\u00fcketici \u00fcr\u00fcnlerini geli\u015ftirirken malzeme azalt\u0131m\u0131 ve enerji verimlili\u011fi olmak \u00fczere, temel iki konuya odaklanan K\u00e4rcher\u2019in sadece 2017 y\u0131l\u0131nda sat\u0131lan cihazlar\u0131 sayesinde, 140 olimpik y\u00fczme havuzunu dolduracak sudan ve d\u00fcnyan\u0131n \u00e7evresini 124 kez otomobille dola\u015fmaya yetebilecek kadar elektrikten tasarruf sa\u011fland\u0131. 2016 y\u0131l\u0131n\u0131n ba\u015flar\u0131nda Paris Eylem Taahh\u00fct\u00fc\u2019n\u00fc imzalayan K\u00e4rcher, k\u00fcresel \u0131s\u0131nma art\u0131\u015f\u0131n\u0131n 2\u00b0C&#8217;nin alt\u0131nda tutma amac\u0131n\u0131 ta\u015f\u0131yan k\u00fcresel iklim korumas\u0131na da ba\u011fl\u0131.<\/p>\n<p><strong>Yerel \u0130\u00e7in Yerel konseptiyle lojistikte tasarruf<\/strong><\/p>\n<p>Sat\u0131n almada, tedarik\u00e7i denetimini kat\u0131 sosyal ve ekolojik kriterleri de i\u00e7erecek \u015fekilde geni\u015fleten K\u00e4rcher, &#8220;Yerel i\u00e7in Yerel&#8221; konseptini uygulamaya ba\u015flad\u0131. Bu \u00e7er\u00e7evede sat\u0131n al\u0131mlar\u0131 daha fazla b\u00f6lgesel hale getiren K\u00e4rcher, b\u00f6lgesel tedariki \u00c7in\u2019de y\u00fczde 90, Avrupa\u2019da ise y\u00fczde 70 oran\u0131nda ger\u00e7ekle\u015ftirmeyi ba\u015fararak lojistikteki gereksiz kaynak t\u00fcketimini azaltt\u0131. Ayr\u0131ca kamyonlar ve konteynerlerde daha fazla y\u00fckleme i\u00e7in ba\u015flat\u0131lan yeni y\u00fck planlama sistemi, yerin bo\u015fa harcanmas\u0131n\u0131 \u00f6nledi\u011fi i\u00e7in nakliye ger\u00e7ek ihtiya\u00e7 oran\u0131nda kullan\u0131l\u0131yor.<\/p>\n<p><strong>Y\u00fcksek enerji t\u00fcketiminin \u00f6n\u00fcne ge\u00e7ildi<\/strong><\/p>\n<p>K\u00e4rcher, Almanya\u2019daki t\u00fcm tesislerinde DIN EN ISO 50001&#8217;e g\u00f6re devreye al\u0131nan enerji idare sistemini ba\u015flatarak y\u00fcksek enerji t\u00fcketimini ortadan kald\u0131rd\u0131. \u00d6rne\u011fin art\u0131k plastik enjeksiyonlu kal\u0131plamada s\u00fcr\u00fcc\u00fcler y\u00fczde 33 daha ekonomik \u00e7al\u0131\u015f\u0131yor. Uygulaman\u0131n y\u0131lsonuna kadar \u0130talya ve Romanya&#8217;daki tesislerde de yayg\u0131nla\u015ft\u0131r\u0131lmas\u0131 hedefleniyor. Yap\u0131lan enerji t\u00fcketim analizlerine g\u00f6re K\u00e4rcher tesislerinin y\u0131lda birka\u00e7 y\u00fcz bin Euro ve 4 bin 500 megavat saat tasarruf potansiyeli bulunuyor. Bu rakam ortalama bir belediyenin t\u00fcm ihtiya\u00e7lar\u0131na e\u015fit bir miktara tekab\u00fcl ediyor. Bu ba\u011flamda K\u00e4rcher, tesislerinde enerji tasarruflu yenileme veya LED ayd\u0131nlatmaya d\u00f6n\u00fc\u015ft\u00fcrme gibi ilk \u00f6nlemler uygulamaya al\u0131nd\u0131.<\/p>\n<p><strong>Bir y\u0131lda 35 ton plastik at\u0131k, 33 bin metrek\u00fcp su tasarrufu<\/strong><\/p>\n<p>S\u00fcrd\u00fcr\u00fclebilirlik konusunda yapt\u0131\u011f\u0131 \u00e7al\u0131\u015fmalar neticesinde \u00f6nemli ba\u015far\u0131lara imza atan K\u00e4rcher, 1 milyon Euro ba\u015f\u0131na sal\u0131nan karbondioksit oran\u0131n\u0131 15.9 tona indirdi. 2016-2017 d\u00f6neminde 2 bin 751 ton karbon sal\u0131n\u0131m\u0131n\u0131n \u00f6n\u00fcne ge\u00e7ildi. Yine ayn\u0131 d\u00f6nemde yakla\u015f\u0131k 1 milyon 204 bin pet \u015fi\u015feye denk gelen 35 ton plastik at\u0131ktan ve 237 bin 700 kez banyo kullan\u0131m\u0131nda harcanan suya e\u015fit miktardaki 33 bin 278 metrek\u00fcp sudan tasarruf edildi. K\u00e4rcher, \u00f6n\u00fcm\u00fczdeki d\u00f6nemde s\u00fcrd\u00fcr\u00fclebilirlik hedeflerini Birle\u015fmi\u015f Milletler\u2019in (BM) S\u00fcrd\u00fcr\u00fclebilir Kalk\u0131nma Hedefleri ile uyumlu hale getirerek istikrarl\u0131 bir \u015fekilde geli\u015ftirmeyi planl\u0131yor.<\/p>","protected":false},"excerpt":{"rendered":"<p>Sorry, this entry is only available in Turkish. For the sake of viewer convenience, the content is shown below in the alternative language. You may click the link to switch the active language.Alman temizlik devi K\u00e4rcher, 2014 y\u0131l\u0131nda kabul edilen \u201cS\u00fcrd\u00fcr\u00fclebilirlik M\u00fckemmeliyeti\u201d program\u0131 \u00e7er\u00e7evesinde kendini \u00fcr\u00fcn geli\u015ftirmeden \u00fcretime, lojistikten enerji verimlili\u011fine bir\u00e7ok alanda geli\u015ftirdi. K\u00e4rcher, [&hellip;]<\/p>\n","protected":false},"author":1,"featured_media":76589,"comment_status":"open","ping_status":"open","sticky":false,"template":"","format":"standard","meta":[],"categories":[53,52],"tags":[38457,67,1009,12,38456,3992,793],"views":663,"_links":{"self":[{"href":"https:\/\/www.enerjigazetesi.ist\/en\/wp-json\/wp\/v2\/posts\/76588"}],"collection":[{"href":"https:\/\/www.enerjigazetesi.ist\/en\/wp-json\/wp\/v2\/posts"}],"about":[{"href":"https:\/\/www.enerjigazetesi.ist\/en\/wp-json\/wp\/v2\/types\/post"}],"author":[{"embeddable":true,"href":"https:\/\/www.enerjigazetesi.ist\/en\/wp-json\/wp\/v2\/users\/1"}],"replies":[{"embeddable":true,"href":"https:\/\/www.enerjigazetesi.ist\/en\/wp-json\/wp\/v2\/comments?post=76588"}],"version-history":[{"count":1,"href":"https:\/\/www.enerjigazetesi.ist\/en\/wp-json\/wp\/v2\/posts\/76588\/revisions"}],"predecessor-version":[{"id":76590,"href":"https:\/\/www.enerjigazetesi.ist\/en\/wp-json\/wp\/v2\/posts\/76588\/revisions\/76590"}],"wp:featuredmedia":[{"embeddable":true,"href":"https:\/\/www.enerjigazetesi.ist\/en\/wp-json\/wp\/v2\/media\/76589"}],"wp:attachment":[{"href":"https:\/\/www.enerjigazetesi.ist\/en\/wp-json\/wp\/v2\/media?parent=76588"}],"wp:term":[{"taxonomy":"category","embeddable":true,"href":"https:\/\/www.enerjigazetesi.ist\/en\/wp-json\/wp\/v2\/categories?post=76588"},{"taxonomy":"post_tag","embeddable":true,"href":"https:\/\/www.enerjigazetesi.ist\/en\/wp-json\/wp\/v2\/tags?post=76588"}],"curies":[{"name":"wp","href":"https:\/\/api.w.org\/{rel}","templated":true}]}}