{"id":76550,"date":"2018-07-23T10:16:10","date_gmt":"2018-07-23T07:16:10","guid":{"rendered":"https:\/\/www.enerjigazetesi.ist\/?p=76550"},"modified":"2018-07-23T10:16:10","modified_gmt":"2018-07-23T07:16:10","slug":"sedasta-kadin-ve-erkek-icin-islerde-bir-ayrim-yok","status":"publish","type":"post","link":"https:\/\/www.enerjigazetesi.ist\/en\/sedasta-kadin-ve-erkek-icin-islerde-bir-ayrim-yok\/","title":{"rendered":"(Turkish) SEDA\u015e&#8217;ta Kad\u0131n ve Erkek \u0130\u00e7in \u0130\u015flerde Bir Ayr\u0131m Yok&#8230;"},"content":{"rendered":"<p class=\"qtranxs-available-languages-message qtranxs-available-languages-message-en\">Sorry, this entry is only available in <a href=\"https:\/\/www.enerjigazetesi.ist\/tr\/wp-json\/wp\/v2\/posts\/76550\" class=\"qtranxs-available-language-link qtranxs-available-language-link-tr\" title=\"Turkish\">Turkish<\/a>. For the sake of viewer convenience, the content is shown below in the alternative language. You may click the link to switch the active language.<\/p><p><strong>SEDA\u015e\u2019\u0131n a\u00e7\u0131klamas\u0131na g\u00f6re, \u015firket b\u00fcnyesinde Birle\u015fmi\u015f Milletler (BM) 2030 S\u00fcrd\u00fcr\u00fclebilir Kalk\u0131nma G\u00fcndemi kapsam\u0131ndaki ilkelere dayanarak \u201c\u0130\u015fte F\u0131rsat E\u015fitli\u011fi Kurulu\u201d olu\u015fturuldu\u011fu belirtildi.<img loading=\"lazy\" class=\"alignright size-medium wp-image-76551\" src=\"https:\/\/www.enerjigazetesi.ist\/wp-content\/uploads\/2018\/07\/sedas-is-te-firsat-esitligi-projesi-icin-harekete-gecti-300x190.jpg\" alt=\"\" width=\"300\" height=\"190\" srcset=\"https:\/\/www.enerjigazetesi.ist\/wp-content\/uploads\/2018\/07\/sedas-is-te-firsat-esitligi-projesi-icin-harekete-gecti-300x190.jpg 300w, https:\/\/www.enerjigazetesi.ist\/wp-content\/uploads\/2018\/07\/sedas-is-te-firsat-esitligi-projesi-icin-harekete-gecti-500x316.jpg 500w, https:\/\/www.enerjigazetesi.ist\/wp-content\/uploads\/2018\/07\/sedas-is-te-firsat-esitligi-projesi-icin-harekete-gecti-80x50.jpg 80w, https:\/\/www.enerjigazetesi.ist\/wp-content\/uploads\/2018\/07\/sedas-is-te-firsat-esitligi-projesi-icin-harekete-gecti.jpg 569w\" sizes=\"(max-width: 300px) 100vw, 300px\" \/><\/strong><\/p>\n<p>Yap\u0131lan a\u00e7\u0131klamada \u201cOrganizasyon yap\u0131s\u0131n\u0131n her kademesinde bak\u0131\u015f a\u00e7\u0131lar\u0131m\u0131zda ve tutumlar\u0131m\u0131zda \u2018iyi\u2019 olarak ifade edilen durumumuzu \u2018en iyi\u2019ye y\u00fckseltmek i\u00e7in harekete ge\u00e7tik. T\u00fcrkiye&#8217;nin de gelece\u011fine katk\u0131 verecek bir d\u00f6n\u00fc\u015f\u00fcm i\u00e7in fark\u0131ndal\u0131k yarataca\u011f\u0131z\u201d denildi.<\/p>\n<p><strong>ERKEK KADIN AYRIMCILI\u011eI YOK<\/strong><\/p>\n<p>SEDA\u015e \u0130cra Kurulu Ba\u015fkan\u0131 Bekir Sami G\u00fcven taraf\u0131ndan ise Toplumsal Cinsiyet ve F\u0131rsat E\u015fitli\u011fi Kurulu (TCFEK) olu\u015fturarak bu kurula \u2018\u0130\u015fte F\u0131rsat E\u015fitli\u011fi Kurulu\u2019 ad\u0131n\u0131 verdikleri belirtildi. Bu kurulun Birle\u015fmi\u015f Milletler 2030 S\u00fcrd\u00fcr\u00fclebilir Kalk\u0131nma G\u00fcndemi\u2019ndeki maddeler i\u00e7inde bulunan, \u2018e\u015fitsizliklerin azalt\u0131lmas\u0131, cinsiyet e\u015fitli\u011fi ba\u015fl\u0131klar\u0131\u2019 ile direkt ilgisi olan \u0130\u015fte F\u0131rsat E\u015fitli\u011fi Projesi\u2019ne start verildi\u011fi de dile getirildi.<\/p>","protected":false},"excerpt":{"rendered":"<p>Sorry, this entry is only available in Turkish. For the sake of viewer convenience, the content is shown below in the alternative language. You may click the link to switch the active language.SEDA\u015e\u2019\u0131n a\u00e7\u0131klamas\u0131na g\u00f6re, \u015firket b\u00fcnyesinde Birle\u015fmi\u015f Milletler (BM) 2030 S\u00fcrd\u00fcr\u00fclebilir Kalk\u0131nma G\u00fcndemi kapsam\u0131ndaki ilkelere dayanarak \u201c\u0130\u015fte F\u0131rsat E\u015fitli\u011fi Kurulu\u201d olu\u015fturuldu\u011fu belirtildi. Yap\u0131lan a\u00e7\u0131klamada [&hellip;]<\/p>\n","protected":false},"author":1,"featured_media":76551,"comment_status":"open","ping_status":"open","sticky":false,"template":"","format":"standard","meta":[],"categories":[51,53],"tags":[68,34979,19638,26353,63,67,1009,2444],"views":830,"_links":{"self":[{"href":"https:\/\/www.enerjigazetesi.ist\/en\/wp-json\/wp\/v2\/posts\/76550"}],"collection":[{"href":"https:\/\/www.enerjigazetesi.ist\/en\/wp-json\/wp\/v2\/posts"}],"about":[{"href":"https:\/\/www.enerjigazetesi.ist\/en\/wp-json\/wp\/v2\/types\/post"}],"author":[{"embeddable":true,"href":"https:\/\/www.enerjigazetesi.ist\/en\/wp-json\/wp\/v2\/users\/1"}],"replies":[{"embeddable":true,"href":"https:\/\/www.enerjigazetesi.ist\/en\/wp-json\/wp\/v2\/comments?post=76550"}],"version-history":[{"count":1,"href":"https:\/\/www.enerjigazetesi.ist\/en\/wp-json\/wp\/v2\/posts\/76550\/revisions"}],"predecessor-version":[{"id":76552,"href":"https:\/\/www.enerjigazetesi.ist\/en\/wp-json\/wp\/v2\/posts\/76550\/revisions\/76552"}],"wp:featuredmedia":[{"embeddable":true,"href":"https:\/\/www.enerjigazetesi.ist\/en\/wp-json\/wp\/v2\/media\/76551"}],"wp:attachment":[{"href":"https:\/\/www.enerjigazetesi.ist\/en\/wp-json\/wp\/v2\/media?parent=76550"}],"wp:term":[{"taxonomy":"category","embeddable":true,"href":"https:\/\/www.enerjigazetesi.ist\/en\/wp-json\/wp\/v2\/categories?post=76550"},{"taxonomy":"post_tag","embeddable":true,"href":"https:\/\/www.enerjigazetesi.ist\/en\/wp-json\/wp\/v2\/tags?post=76550"}],"curies":[{"name":"wp","href":"https:\/\/api.w.org\/{rel}","templated":true}]}}