{"id":76508,"date":"2018-07-21T23:34:51","date_gmt":"2018-07-21T20:34:51","guid":{"rendered":"https:\/\/www.enerjigazetesi.ist\/?p=76508"},"modified":"2018-07-21T23:35:29","modified_gmt":"2018-07-21T20:35:29","slug":"turkiye-enerjide-devlerin-yer-aldigi-ust-ligde-soz-sahibi-olacak","status":"publish","type":"post","link":"https:\/\/www.enerjigazetesi.ist\/en\/turkiye-enerjide-devlerin-yer-aldigi-ust-ligde-soz-sahibi-olacak\/","title":{"rendered":"(Turkish) &#8221;T\u00fcrkiye Enerjide Devlerin Yer Ald\u0131\u011f\u0131 \u00dcst Ligde S\u00f6z Sahibi Olacak&#8221;"},"content":{"rendered":"<p class=\"qtranxs-available-languages-message qtranxs-available-languages-message-en\">Sorry, this entry is only available in <a href=\"https:\/\/www.enerjigazetesi.ist\/tr\/wp-json\/wp\/v2\/posts\/76508\" class=\"qtranxs-available-language-link qtranxs-available-language-link-tr\" title=\"Turkish\">Turkish<\/a>. For the sake of viewer convenience, the content is shown below in the alternative language. You may click the link to switch the active language.<\/p><p><strong>Enerjide ge\u00e7ti\u011fimiz senelerde s\u0131\u00e7rama ger\u00e7ekle\u015ftiren T\u00fcrkiye, 2023 y\u0131l\u0131 hedefleri \u00e7er\u00e7evesinde \u00e7\u0131tay\u0131 art\u0131k y\u00fckseltti. Gelecek be\u015f y\u0131l zarf\u0131nda yeni projelerle, enerjide d\u00fcnya devlerinin yar\u0131\u015ft\u0131\u011f\u0131 \u00fcst ligde s\u00f6z sahibi konumuna gelinecek.<\/strong><\/p>\n<p><span id=\"more-101040\"><\/span>Cumhurba\u015fkanl\u0131\u011f\u0131 H\u00fck\u00fcmet Sistemi&#8217;nce bir \u00e7ok alanda olaca\u011f\u0131 gibi enerji sekt\u00f6r\u00fcnde de \u00fclkemiz \u015fahlanacak. Enerji sekt\u00f6r\u00fcn\u00fcn ihtiya\u00e7 duydu\u011fu hammadde i\u00e7in yerli ve milli giri\u015fimler desteklenirken, <img loading=\"lazy\" class=\"alignright size-medium wp-image-76509\" src=\"https:\/\/www.enerjigazetesi.ist\/wp-content\/uploads\/2018\/07\/turkiye-enerjide-devlerin-yer-aldigi-ust-ligde-soz-sahibi-olacak-300x169.jpg\" alt=\"\" width=\"300\" height=\"169\" srcset=\"https:\/\/www.enerjigazetesi.ist\/wp-content\/uploads\/2018\/07\/turkiye-enerjide-devlerin-yer-aldigi-ust-ligde-soz-sahibi-olacak-300x169.jpg 300w, https:\/\/www.enerjigazetesi.ist\/wp-content\/uploads\/2018\/07\/turkiye-enerjide-devlerin-yer-aldigi-ust-ligde-soz-sahibi-olacak-500x282.jpg 500w, https:\/\/www.enerjigazetesi.ist\/wp-content\/uploads\/2018\/07\/turkiye-enerjide-devlerin-yer-aldigi-ust-ligde-soz-sahibi-olacak-80x45.jpg 80w, https:\/\/www.enerjigazetesi.ist\/wp-content\/uploads\/2018\/07\/turkiye-enerjide-devlerin-yer-aldigi-ust-ligde-soz-sahibi-olacak.jpg 728w\" sizes=\"(max-width: 300px) 100vw, 300px\" \/>denizden r\u00fczgara kadar T\u00fcrkiye\u2019nin sahip oldu\u011fu do\u011fal kaynaklarla enerji \u00fcretiminde kapasite art\u0131\u015f\u0131 yarat\u0131lacak.\u00a0AK Parti\u2019nin 2023 Hedefleri Do\u011frultusunda Yay\u0131mlanan Raporunda yer alan enerjideki yeni d\u00f6nem hedefleri \u015fu \u015fekildedir:<\/p>\n<p>10 y\u0131l i\u00e7inde, 10 bin MW r\u00fczgar, 10 bin MW g\u00fcne\u015f; \u00f6n\u00fcm\u00fczdeki 5 y\u0131lda ise 5 bin MW hidroelektrik, 5 bin MW yerli k\u00f6m\u00fcr kaynakl\u0131 kapasite art\u0131\u015f\u0131 sa\u011flanacak. Sadece ilk g\u00fcne\u015f ve ilk r\u00fczgar YEKA projelerinden \u00fcretilecek olan elektrikle sadece 1.7 milyon evin ihtiyac\u0131 da kar\u015f\u0131lanacak.<\/p>\n<p>\u00d6n\u00fcm\u00fczdeki 10 y\u0131l zarf\u0131nda 120 bin MW elektrik kurulu g\u00fc\u00e7 kapasitesi elde edilecek. Do\u011falgazda 11 milyar metrek\u00fcp depolama kapasitesi sa\u011flanacak. Biri Akdeniz di\u011feri Marmara B\u00f6lgesi\u2019nde olmak \u00fczere iki adet Y\u00fczer LNG Depolama ve Yeniden Gazla\u015ft\u0131rma Terminali daha yap\u0131lacak.<\/p>\n<p>Akkuyu N\u00fckleer G\u00fc\u00e7 Santral\u0131\u2019nin ilk \u00fcnitesi i\u015fletmeye al\u0131n\u0131p elektrik \u00fcretecek. Bu sayede, enerji ithalat\u0131 kaynakl\u0131 olu\u015fan cari a\u00e7\u0131k d\u00fc\u015f\u00fcr\u00fclecek. Birbirini b\u00fct\u00fcnleyerek sinerji olu\u015fturan bir tedarik zinciri kurmak i\u00e7in \u2018N\u00fckleer K\u00fcme\u2019 hayat\u0131m\u0131za girecek&#8230;<\/p>","protected":false},"excerpt":{"rendered":"<p>Sorry, this entry is only available in Turkish. For the sake of viewer convenience, the content is shown below in the alternative language. You may click the link to switch the active language.Enerjide ge\u00e7ti\u011fimiz senelerde s\u0131\u00e7rama ger\u00e7ekle\u015ftiren T\u00fcrkiye, 2023 y\u0131l\u0131 hedefleri \u00e7er\u00e7evesinde \u00e7\u0131tay\u0131 art\u0131k y\u00fckseltti. Gelecek be\u015f y\u0131l zarf\u0131nda yeni projelerle, enerjide d\u00fcnya devlerinin yar\u0131\u015ft\u0131\u011f\u0131 [&hellip;]<\/p>\n","protected":false},"author":1,"featured_media":76509,"comment_status":"open","ping_status":"open","sticky":false,"template":"","format":"standard","meta":[],"categories":[46,51,53,49,43,50],"tags":[3019,92,68,67,1009,6818,18,532,38440,21,846,105],"views":886,"_links":{"self":[{"href":"https:\/\/www.enerjigazetesi.ist\/en\/wp-json\/wp\/v2\/posts\/76508"}],"collection":[{"href":"https:\/\/www.enerjigazetesi.ist\/en\/wp-json\/wp\/v2\/posts"}],"about":[{"href":"https:\/\/www.enerjigazetesi.ist\/en\/wp-json\/wp\/v2\/types\/post"}],"author":[{"embeddable":true,"href":"https:\/\/www.enerjigazetesi.ist\/en\/wp-json\/wp\/v2\/users\/1"}],"replies":[{"embeddable":true,"href":"https:\/\/www.enerjigazetesi.ist\/en\/wp-json\/wp\/v2\/comments?post=76508"}],"version-history":[{"count":1,"href":"https:\/\/www.enerjigazetesi.ist\/en\/wp-json\/wp\/v2\/posts\/76508\/revisions"}],"predecessor-version":[{"id":76510,"href":"https:\/\/www.enerjigazetesi.ist\/en\/wp-json\/wp\/v2\/posts\/76508\/revisions\/76510"}],"wp:featuredmedia":[{"embeddable":true,"href":"https:\/\/www.enerjigazetesi.ist\/en\/wp-json\/wp\/v2\/media\/76509"}],"wp:attachment":[{"href":"https:\/\/www.enerjigazetesi.ist\/en\/wp-json\/wp\/v2\/media?parent=76508"}],"wp:term":[{"taxonomy":"category","embeddable":true,"href":"https:\/\/www.enerjigazetesi.ist\/en\/wp-json\/wp\/v2\/categories?post=76508"},{"taxonomy":"post_tag","embeddable":true,"href":"https:\/\/www.enerjigazetesi.ist\/en\/wp-json\/wp\/v2\/tags?post=76508"}],"curies":[{"name":"wp","href":"https:\/\/api.w.org\/{rel}","templated":true}]}}