{"id":76499,"date":"2018-07-21T22:58:03","date_gmt":"2018-07-21T19:58:03","guid":{"rendered":"https:\/\/www.enerjigazetesi.ist\/?p=76499"},"modified":"2018-07-21T23:01:45","modified_gmt":"2018-07-21T20:01:45","slug":"akaryakitta-sabit-fiyatlamanin-devlete-faturasi-1-2-milyar-tl","status":"publish","type":"post","link":"https:\/\/www.enerjigazetesi.ist\/en\/akaryakitta-sabit-fiyatlamanin-devlete-faturasi-1-2-milyar-tl\/","title":{"rendered":"(Turkish) Akaryak\u0131tta Sabit Fiyatlaman\u0131n Devlete Faturas\u0131 1.2 Milyar TL"},"content":{"rendered":"<p class=\"qtranxs-available-languages-message qtranxs-available-languages-message-en\">Sorry, this entry is only available in <a href=\"https:\/\/www.enerjigazetesi.ist\/tr\/wp-json\/wp\/v2\/posts\/76499\" class=\"qtranxs-available-language-link qtranxs-available-language-link-tr\" title=\"Turkish\">Turkish<\/a>. For the sake of viewer convenience, the content is shown below in the alternative language. You may click the link to switch the active language.<\/p><p><strong>Enerji Petrol Gaz \u0130kmal \u0130stasyonlar\u0131 \u0130\u015fverenleri Sendikas\u0131 (EPG\u0130S) Ba\u015fkan\u0131 Fesih Akta\u015f taraf\u0131ndan yap\u0131lan a\u00e7\u0131klamada devletin \u00d6TV kaynakl\u0131 gelir kayb\u0131 1.2 milyar liraya ula\u015ft\u0131.<img loading=\"lazy\" class=\"alignright size-medium wp-image-76501\" src=\"https:\/\/www.enerjigazetesi.ist\/wp-content\/uploads\/2018\/07\/akaryakitta-sabit-fiyatlamanin-devlete-faturasi-1-2-milyar-tl-300x169.jpg\" alt=\"\" width=\"300\" height=\"169\" srcset=\"https:\/\/www.enerjigazetesi.ist\/wp-content\/uploads\/2018\/07\/akaryakitta-sabit-fiyatlamanin-devlete-faturasi-1-2-milyar-tl-300x169.jpg 300w, https:\/\/www.enerjigazetesi.ist\/wp-content\/uploads\/2018\/07\/akaryakitta-sabit-fiyatlamanin-devlete-faturasi-1-2-milyar-tl-500x281.jpg 500w, https:\/\/www.enerjigazetesi.ist\/wp-content\/uploads\/2018\/07\/akaryakitta-sabit-fiyatlamanin-devlete-faturasi-1-2-milyar-tl-80x45.jpg 80w, https:\/\/www.enerjigazetesi.ist\/wp-content\/uploads\/2018\/07\/akaryakitta-sabit-fiyatlamanin-devlete-faturasi-1-2-milyar-tl.jpg 736w\" sizes=\"(max-width: 300px) 100vw, 300px\" \/><\/strong><span id=\"more-101056\"><\/span><\/p>\n<p>Akta\u015f&#8217;\u0131n yapt\u0131\u011f\u0131 a\u00e7\u0131klamada, litre ba\u015f\u0131na benzinde 20, motorinde 18, otogazda ise 38 kuru\u015fluk bir \u00d6TV y\u00fck\u00fc mevcut. Dolarda olu\u015facak bir destekle bu y\u00fck kamunun \u00fczerinden kalkabilir. Asl\u0131nda kurda bu t\u00fcr bir ivme bekleniyor. Bu y\u00fck\u00fcn kamu taraf\u0131ndan kar\u015f\u0131lanmas\u0131 ciddi bir fedakarl\u0131k olmakla birlikte, mevcut \u00d6TV y\u00fck\u00fc hen\u00fcz kald\u0131r\u0131lamayacak miktarlara ula\u015fmad\u0131.<\/p>\n<p>Akta\u015f, akaryak\u0131tta \u00d6TV gelir kayb\u0131 olmamas\u0131 i\u00e7in yap\u0131lan form\u00fcl\u00fc ise \u015f\u00f6yle ifade etti:<\/p>\n<p>\u201cPazar\u0131n bug\u00fcnk\u00fc fiyatlarda sabit kalmas\u0131 ko\u015fuluyla dolar\u0131n 4.58 liraya ya da i\u015flenmi\u015f petrol \u00fcr\u00fcnlerinde ton ba\u015f\u0131na fiyatlar\u0131n 74 dolar daha gerilemesi gerekiyor. Bu ikisinden biri oldu\u011fu takdirde \u00d6TV kayb\u0131 olmaz. \u2018Sabit fiyat sistemi kald\u0131r\u0131l\u0131r m\u0131?\u2019 Bunun cevab\u0131n\u0131 Say\u0131n Cumhurba\u015fkan\u0131 ile Hazine ve Maliye Bakan\u0131 verebilecektir.\u201d<\/p>\n<p><strong>SAB\u0130T F\u0130YAT UYGULAMASI YAPILMASAYDI NE OLURDU?<\/strong><br \/>\n18\/07\/2018 BENZ\u0130NDE 11 KURU\u015e \u0130ND\u0130R\u0130M<\/p>\n<p>17\/07\/2018 BENZ\u0130NDE 12 KURU\u015e ZAM<\/p>\n<p>26\/06\/2018 OTOGAZDA 7 KURU\u015e ZAM<\/p>\n<p>06\/06\/2018 OTOGAZDA 13 KURU\u015e ZAM<\/p>\n<p>02\/06\/2018 BENZ\u0130NDE 14, MOTOR\u0130NDE 13 KURU\u015e \u0130ND\u0130R\u0130M<\/p>\n<p>29\/05\/2018 BENZ\u0130NDE 8 KURU\u015e, MOTOR\u0130NDE 8 KURU\u015e, OTOGAZDA 9 KURU\u015e ZAM<\/p>\n<p>22\/05\/2018 BENZ\u0130NDE 25 KURU\u015e, MOTOR\u0130NDE 23, OTOGAZDA 9 KURU\u015e ZAM<\/p>","protected":false},"excerpt":{"rendered":"<p>Sorry, this entry is only available in Turkish. For the sake of viewer convenience, the content is shown below in the alternative language. You may click the link to switch the active language.Enerji Petrol Gaz \u0130kmal \u0130stasyonlar\u0131 \u0130\u015fverenleri Sendikas\u0131 (EPG\u0130S) Ba\u015fkan\u0131 Fesih Akta\u015f taraf\u0131ndan yap\u0131lan a\u00e7\u0131klamada devletin \u00d6TV kaynakl\u0131 gelir kayb\u0131 1.2 milyar liraya ula\u015ft\u0131. [&hellip;]<\/p>\n","protected":false},"author":1,"featured_media":76501,"comment_status":"open","ping_status":"open","sticky":false,"template":"","format":"standard","meta":[],"categories":[51,53,44],"tags":[2725,38435,38437,38438,67,1009,33523,1946,34935,2388,34936,38436],"views":684,"_links":{"self":[{"href":"https:\/\/www.enerjigazetesi.ist\/en\/wp-json\/wp\/v2\/posts\/76499"}],"collection":[{"href":"https:\/\/www.enerjigazetesi.ist\/en\/wp-json\/wp\/v2\/posts"}],"about":[{"href":"https:\/\/www.enerjigazetesi.ist\/en\/wp-json\/wp\/v2\/types\/post"}],"author":[{"embeddable":true,"href":"https:\/\/www.enerjigazetesi.ist\/en\/wp-json\/wp\/v2\/users\/1"}],"replies":[{"embeddable":true,"href":"https:\/\/www.enerjigazetesi.ist\/en\/wp-json\/wp\/v2\/comments?post=76499"}],"version-history":[{"count":3,"href":"https:\/\/www.enerjigazetesi.ist\/en\/wp-json\/wp\/v2\/posts\/76499\/revisions"}],"predecessor-version":[{"id":76504,"href":"https:\/\/www.enerjigazetesi.ist\/en\/wp-json\/wp\/v2\/posts\/76499\/revisions\/76504"}],"wp:featuredmedia":[{"embeddable":true,"href":"https:\/\/www.enerjigazetesi.ist\/en\/wp-json\/wp\/v2\/media\/76501"}],"wp:attachment":[{"href":"https:\/\/www.enerjigazetesi.ist\/en\/wp-json\/wp\/v2\/media?parent=76499"}],"wp:term":[{"taxonomy":"category","embeddable":true,"href":"https:\/\/www.enerjigazetesi.ist\/en\/wp-json\/wp\/v2\/categories?post=76499"},{"taxonomy":"post_tag","embeddable":true,"href":"https:\/\/www.enerjigazetesi.ist\/en\/wp-json\/wp\/v2\/tags?post=76499"}],"curies":[{"name":"wp","href":"https:\/\/api.w.org\/{rel}","templated":true}]}}