{"id":76493,"date":"2018-07-21T21:50:49","date_gmt":"2018-07-21T18:50:49","guid":{"rendered":"https:\/\/www.enerjigazetesi.ist\/?p=76493"},"modified":"2018-07-21T21:51:34","modified_gmt":"2018-07-21T18:51:34","slug":"yenilenebilir-enerjiyle-elektrige-erisim-hizlaniyor","status":"publish","type":"post","link":"https:\/\/www.enerjigazetesi.ist\/en\/yenilenebilir-enerjiyle-elektrige-erisim-hizlaniyor\/","title":{"rendered":"(Turkish) Yenilenebilir Enerjiyle Elektri\u011fe Eri\u015fim H\u0131zlan\u0131yor"},"content":{"rendered":"<p class=\"qtranxs-available-languages-message qtranxs-available-languages-message-en\">Sorry, this entry is only available in <a href=\"https:\/\/www.enerjigazetesi.ist\/tr\/wp-json\/wp\/v2\/posts\/76493\" class=\"qtranxs-available-language-link qtranxs-available-language-link-tr\" title=\"Turkish\">Turkish<\/a>. For the sake of viewer convenience, the content is shown below in the alternative language. You may click the link to switch the active language.<\/p><p><strong>Uluslararas\u0131 Enerji Ajans\u0131&#8217;n\u0131n (\u0130EA) Enerji Eri\u015fimi G\u00f6r\u00fcn\u00fcm\u00fc 2017 Raporuyla elektrik eri\u015fiminin, ekonomik b\u00fcy\u00fcme, insani geli\u015fme ve \u00e7evresel s\u00fcrd\u00fcr\u00fclebilirli\u011fi bir araya getiren \u201calt\u0131n bir iplik\u201d oldu\u011fu a\u00e7\u0131kland\u0131.<img loading=\"lazy\" class=\"alignright size-medium wp-image-76494\" src=\"https:\/\/www.enerjigazetesi.ist\/wp-content\/uploads\/2018\/07\/yenilenebilir-enerjiyle-elektrige-erisim-hizlaniyor-300x200.jpg\" alt=\"\" width=\"300\" height=\"200\" srcset=\"https:\/\/www.enerjigazetesi.ist\/wp-content\/uploads\/2018\/07\/yenilenebilir-enerjiyle-elektrige-erisim-hizlaniyor-300x200.jpg 300w, https:\/\/www.enerjigazetesi.ist\/wp-content\/uploads\/2018\/07\/yenilenebilir-enerjiyle-elektrige-erisim-hizlaniyor-500x333.jpg 500w, https:\/\/www.enerjigazetesi.ist\/wp-content\/uploads\/2018\/07\/yenilenebilir-enerjiyle-elektrige-erisim-hizlaniyor-75x50.jpg 75w, https:\/\/www.enerjigazetesi.ist\/wp-content\/uploads\/2018\/07\/yenilenebilir-enerjiyle-elektrige-erisim-hizlaniyor.jpg 600w\" sizes=\"(max-width: 300px) 100vw, 300px\" \/><\/strong><\/p>\n<p>S\u00fcrd\u00fcr\u00fclebilir Kalk\u0131nma Hedeflerinin 2015&#8217;te kabul edilerek SDG 7.1\u2019in (2030 y\u0131l\u0131na kadar herkes i\u00e7in uygun fiyatl\u0131, g\u00fcvenilir ve modern enerjiye eri\u015fim sa\u011flama hedefi) benimsenmesinin, \u00f6zellikle, enerjinin kalk\u0131nmadaki merkezi rol\u00fc i\u00e7in yeni bir politik tan\u0131ma d\u00fczeyi olu\u015fturdu\u011fu vurgusunun yap\u0131ld\u0131\u011f\u0131 raporda, teknolojideki geli\u015fmelerin, SDG\u2019nin elektrik eri\u015fimi hedefinde \u00f6nemli ilerlemeler sa\u011flamak i\u00e7in yeni f\u0131rsatlar sundu\u011fu dile getirildi.<\/p>\n<p>Raporda ayr\u0131ca, g\u00fcne\u015f ve merkezi olmayan \u00e7\u00f6z\u00fcmler i\u00e7in azalan maliyetlerin kombinasyonu ile halihaz\u0131rda elektrik eri\u015fimi olmayanlara hitap eden mevcut \u00e7\u00f6z\u00fcmlerin say\u0131s\u0131n\u0131 art\u0131rd\u0131\u011f\u0131na, temiz pi\u015firme i\u00e7in zorluklar\u0131n ise halen devam etti\u011fi ve elektrik eri\u015fimini te\u015fvik etme \u00e7abalar\u0131n\u0131n t\u00fcm b\u00f6lgelerde olumlu bir etkiye sahip ve ilerlemenin h\u0131z\u0131n\u0131 artt\u0131rd\u0131\u011f\u0131na dikkat \u00e7ekiliyor.<\/p>","protected":false},"excerpt":{"rendered":"<p>Sorry, this entry is only available in Turkish. For the sake of viewer convenience, the content is shown below in the alternative language. You may click the link to switch the active language.Uluslararas\u0131 Enerji Ajans\u0131&#8217;n\u0131n (\u0130EA) Enerji Eri\u015fimi G\u00f6r\u00fcn\u00fcm\u00fc 2017 Raporuyla elektrik eri\u015fiminin, ekonomik b\u00fcy\u00fcme, insani geli\u015fme ve \u00e7evresel s\u00fcrd\u00fcr\u00fclebilirli\u011fi bir araya getiren \u201calt\u0131n bir [&hellip;]<\/p>\n","protected":false},"author":1,"featured_media":76494,"comment_status":"open","ping_status":"open","sticky":false,"template":"","format":"standard","meta":[],"categories":[51,53,49],"tags":[19,67,1009,2326,23416,2569,23133,23131,1023,105,26829],"views":605,"_links":{"self":[{"href":"https:\/\/www.enerjigazetesi.ist\/en\/wp-json\/wp\/v2\/posts\/76493"}],"collection":[{"href":"https:\/\/www.enerjigazetesi.ist\/en\/wp-json\/wp\/v2\/posts"}],"about":[{"href":"https:\/\/www.enerjigazetesi.ist\/en\/wp-json\/wp\/v2\/types\/post"}],"author":[{"embeddable":true,"href":"https:\/\/www.enerjigazetesi.ist\/en\/wp-json\/wp\/v2\/users\/1"}],"replies":[{"embeddable":true,"href":"https:\/\/www.enerjigazetesi.ist\/en\/wp-json\/wp\/v2\/comments?post=76493"}],"version-history":[{"count":1,"href":"https:\/\/www.enerjigazetesi.ist\/en\/wp-json\/wp\/v2\/posts\/76493\/revisions"}],"predecessor-version":[{"id":76495,"href":"https:\/\/www.enerjigazetesi.ist\/en\/wp-json\/wp\/v2\/posts\/76493\/revisions\/76495"}],"wp:featuredmedia":[{"embeddable":true,"href":"https:\/\/www.enerjigazetesi.ist\/en\/wp-json\/wp\/v2\/media\/76494"}],"wp:attachment":[{"href":"https:\/\/www.enerjigazetesi.ist\/en\/wp-json\/wp\/v2\/media?parent=76493"}],"wp:term":[{"taxonomy":"category","embeddable":true,"href":"https:\/\/www.enerjigazetesi.ist\/en\/wp-json\/wp\/v2\/categories?post=76493"},{"taxonomy":"post_tag","embeddable":true,"href":"https:\/\/www.enerjigazetesi.ist\/en\/wp-json\/wp\/v2\/tags?post=76493"}],"curies":[{"name":"wp","href":"https:\/\/api.w.org\/{rel}","templated":true}]}}