{"id":76462,"date":"2018-07-20T11:57:04","date_gmt":"2018-07-20T08:57:04","guid":{"rendered":"https:\/\/www.enerjigazetesi.ist\/?p=76462"},"modified":"2018-07-20T11:57:04","modified_gmt":"2018-07-20T08:57:04","slug":"epdkya-yeni-atanan-isimler-yemin-toreninin-ardindan-gorevlerine-basladi","status":"publish","type":"post","link":"https:\/\/www.enerjigazetesi.ist\/en\/epdkya-yeni-atanan-isimler-yemin-toreninin-ardindan-gorevlerine-basladi\/","title":{"rendered":"(Turkish) EPDK\u2019ya Yeni Atanan \u0130simler Yemin T\u00f6reninin Ard\u0131ndan G\u00f6revlerine Ba\u015flad\u0131"},"content":{"rendered":"<p class=\"qtranxs-available-languages-message qtranxs-available-languages-message-en\">Sorry, this entry is only available in <a href=\"https:\/\/www.enerjigazetesi.ist\/tr\/wp-json\/wp\/v2\/posts\/76462\" class=\"qtranxs-available-language-link qtranxs-available-language-link-tr\" title=\"Turkish\">Turkish<\/a>. For the sake of viewer convenience, the content is shown below in the alternative language. You may click the link to switch the active language.<\/p><p><\/p>\n<div id=\"wrapper\">\n<div id=\"main\">\n<section id=\"haber1\">\n<div class=\"container\">\n<p><strong>Enerji Piyasas\u0131 D\u00fczenleme Kurumunda Kurul \u00fcyeli\u011fine atanan 3 \u00fcye Yarg\u0131tay\u2019da yemin ederek g\u00f6revlerine ba\u015flad\u0131.<\/strong><\/p>\n<p>EPDK 2. Ba\u015fkan\u0131 olarak atanan Zekeriya G\u00f6k\u015fenli ile Kurul \u00fcyeli\u011fine atanan \u0130brahim Tan ve Dr. Muhammed Mustafa \u0130zge\u00e7, Yarg\u0131tay Birinci Ba\u015fkan\u0131 \u0130smail R\u00fc\u015ft\u00fc Cirit ve heyetinin \u00f6n\u00fcnde yemin <img loading=\"lazy\" class=\"alignright size-medium wp-image-76463\" src=\"https:\/\/www.enerjigazetesi.ist\/wp-content\/uploads\/2018\/07\/epdkya-yeni-atanan-isimler-yemin-toreninin-ardindan-gorevlerine-basladi-300x185.jpg\" alt=\"\" width=\"300\" height=\"185\" srcset=\"https:\/\/www.enerjigazetesi.ist\/wp-content\/uploads\/2018\/07\/epdkya-yeni-atanan-isimler-yemin-toreninin-ardindan-gorevlerine-basladi-300x185.jpg 300w, https:\/\/www.enerjigazetesi.ist\/wp-content\/uploads\/2018\/07\/epdkya-yeni-atanan-isimler-yemin-toreninin-ardindan-gorevlerine-basladi-500x309.jpg 500w, https:\/\/www.enerjigazetesi.ist\/wp-content\/uploads\/2018\/07\/epdkya-yeni-atanan-isimler-yemin-toreninin-ardindan-gorevlerine-basladi-80x50.jpg 80w, https:\/\/www.enerjigazetesi.ist\/wp-content\/uploads\/2018\/07\/epdkya-yeni-atanan-isimler-yemin-toreninin-ardindan-gorevlerine-basladi.jpg 640w\" sizes=\"(max-width: 300px) 100vw, 300px\" \/>ederek g\u00f6reve ba\u015flad\u0131.<\/p>\n<p>Yemin t\u00f6reninin ard\u0131ndan konu\u015fan EPDK Ba\u015fkan\u0131 Mustafa Y\u0131lmaz: \u201cSay\u0131n Cumhurba\u015fkan\u0131m\u0131z\u0131n tensipleri ile b\u00fcrokrasimize y\u00f6nelik ilk kararnamenin kurumumuza y\u00f6nelik olmas\u0131 bizim i\u00e7in gurur vesilesi oldu. Sorumlulu\u011fumuz her zamankinden fazla. \u00dclkemiz yeni bir s\u00fcrece girdi ve biz de Kurum olarak Enerji Bakanl\u0131\u011f\u0131m\u0131z ile uyum i\u00e7erisinde sekt\u00f6r\u00fcm\u00fcz\u00fc daha ileri bir d\u00fczeye ta\u015f\u0131mak i\u00e7in gece g\u00fcnd\u00fcz \u00e7al\u0131\u015fmaya devam edece\u011fiz\u201d dedi.<\/p>\n<p>Bu arada EPDK Ba\u015fkan\u0131 Mustafa Y\u0131lmaz ve Kurul \u00fcyeleri Enerji ve Tabii Kaynaklar Bakan\u0131 Fatih D\u00f6nmez\u2019e de hay\u0131rl\u0131 olsun ziyaretinde bulunarak \u00e7al\u0131\u015fmalar\u0131nda ba\u015far\u0131lar diledi.<\/p>\n<\/div>\n<\/section>\n<\/div>\n<\/div>\n<p><\/p>","protected":false},"excerpt":{"rendered":"<p>Sorry, this entry is only available in Turkish. For the sake of viewer convenience, the content is shown below in the alternative language. You may click the link to switch the active language. Enerji Piyasas\u0131 D\u00fczenleme Kurumunda Kurul \u00fcyeli\u011fine atanan 3 \u00fcye Yarg\u0131tay\u2019da yemin ederek g\u00f6revlerine ba\u015flad\u0131. EPDK 2. Ba\u015fkan\u0131 olarak atanan Zekeriya G\u00f6k\u015fenli ile [&hellip;]<\/p>\n","protected":false},"author":1,"featured_media":76463,"comment_status":"open","ping_status":"open","sticky":false,"template":"","format":"standard","meta":[],"categories":[53],"tags":[67,1009,750,12998,38414,12996,38415,12997],"views":1340,"_links":{"self":[{"href":"https:\/\/www.enerjigazetesi.ist\/en\/wp-json\/wp\/v2\/posts\/76462"}],"collection":[{"href":"https:\/\/www.enerjigazetesi.ist\/en\/wp-json\/wp\/v2\/posts"}],"about":[{"href":"https:\/\/www.enerjigazetesi.ist\/en\/wp-json\/wp\/v2\/types\/post"}],"author":[{"embeddable":true,"href":"https:\/\/www.enerjigazetesi.ist\/en\/wp-json\/wp\/v2\/users\/1"}],"replies":[{"embeddable":true,"href":"https:\/\/www.enerjigazetesi.ist\/en\/wp-json\/wp\/v2\/comments?post=76462"}],"version-history":[{"count":1,"href":"https:\/\/www.enerjigazetesi.ist\/en\/wp-json\/wp\/v2\/posts\/76462\/revisions"}],"predecessor-version":[{"id":76464,"href":"https:\/\/www.enerjigazetesi.ist\/en\/wp-json\/wp\/v2\/posts\/76462\/revisions\/76464"}],"wp:featuredmedia":[{"embeddable":true,"href":"https:\/\/www.enerjigazetesi.ist\/en\/wp-json\/wp\/v2\/media\/76463"}],"wp:attachment":[{"href":"https:\/\/www.enerjigazetesi.ist\/en\/wp-json\/wp\/v2\/media?parent=76462"}],"wp:term":[{"taxonomy":"category","embeddable":true,"href":"https:\/\/www.enerjigazetesi.ist\/en\/wp-json\/wp\/v2\/categories?post=76462"},{"taxonomy":"post_tag","embeddable":true,"href":"https:\/\/www.enerjigazetesi.ist\/en\/wp-json\/wp\/v2\/tags?post=76462"}],"curies":[{"name":"wp","href":"https:\/\/api.w.org\/{rel}","templated":true}]}}