{"id":76456,"date":"2018-07-20T11:33:21","date_gmt":"2018-07-20T08:33:21","guid":{"rendered":"https:\/\/www.enerjigazetesi.ist\/?p=76456"},"modified":"2018-07-20T11:33:21","modified_gmt":"2018-07-20T08:33:21","slug":"avrupa-birligi-ve-amerika-birlesik-devletleri-8-ortak-enerji-konseyi-toplandi","status":"publish","type":"post","link":"https:\/\/www.enerjigazetesi.ist\/en\/avrupa-birligi-ve-amerika-birlesik-devletleri-8-ortak-enerji-konseyi-toplandi\/","title":{"rendered":"(Turkish) Avrupa Birli\u011fi ve Amerika Birle\u015fik Devletleri 8. Ortak Enerji Konseyi Topland\u0131"},"content":{"rendered":"<p class=\"qtranxs-available-languages-message qtranxs-available-languages-message-en\">Sorry, this entry is only available in <a href=\"https:\/\/www.enerjigazetesi.ist\/tr\/wp-json\/wp\/v2\/posts\/76456\" class=\"qtranxs-available-language-link qtranxs-available-language-link-tr\" title=\"Turkish\">Turkish<\/a>. For the sake of viewer convenience, the content is shown below in the alternative language. You may click the link to switch the active language.<\/p><p><\/p>\n<div id=\"wrapper\">\n<div id=\"main\">\n<section id=\"haber5\">\n<div class=\"container\">\n<p><strong>Sekizinci AB-ABD Enerji Konseyi ge\u00e7ti\u011fimiz hafta Br\u00fcksel&#8217;de topland\u0131. Bu, Enerji Konseyi&#8217;nin Ba\u015fkan Donald J. Trump Y\u00f6netimindeki ilk toplant\u0131s\u0131yd\u0131 ve a\u00e7\u0131k ve yap\u0131c\u0131 bir ortamda, transatlantik enerji i\u015fbirli\u011fine y\u00f6nelik f\u0131rsatlar konusunda \u00f6nemli bir g\u00f6r\u00fc\u015f al\u0131\u015fveri\u015fine imkan sa\u011flad\u0131.<img loading=\"lazy\" class=\"alignright size-medium wp-image-76457\" src=\"https:\/\/www.enerjigazetesi.ist\/wp-content\/uploads\/2018\/07\/avrupa-birligi-ve-amerika-birlesik-devletleri-8-ortak-enerji-konseyi-toplandi-300x229.jpg\" alt=\"\" width=\"300\" height=\"229\" srcset=\"https:\/\/www.enerjigazetesi.ist\/wp-content\/uploads\/2018\/07\/avrupa-birligi-ve-amerika-birlesik-devletleri-8-ortak-enerji-konseyi-toplandi-300x229.jpg 300w, https:\/\/www.enerjigazetesi.ist\/wp-content\/uploads\/2018\/07\/avrupa-birligi-ve-amerika-birlesik-devletleri-8-ortak-enerji-konseyi-toplandi-500x381.jpg 500w, https:\/\/www.enerjigazetesi.ist\/wp-content\/uploads\/2018\/07\/avrupa-birligi-ve-amerika-birlesik-devletleri-8-ortak-enerji-konseyi-toplandi-66x50.jpg 66w, https:\/\/www.enerjigazetesi.ist\/wp-content\/uploads\/2018\/07\/avrupa-birligi-ve-amerika-birlesik-devletleri-8-ortak-enerji-konseyi-toplandi.jpg 655w\" sizes=\"(max-width: 300px) 100vw, 300px\" \/><\/strong><\/p>\n<p>Tart\u0131\u015fma konular\u0131 \u015feffaf, a\u00e7\u0131k ve g\u00fcvenli enerji piyasalar\u0131n\u0131 te\u015fvik etmek i\u00e7in \u00f6nemli bir ara\u00e7 olarak enerji altyap\u0131s\u0131na, yenilik\u00e7ili\u011fe ve d\u00f6n\u00fc\u015f\u00fcme odakland\u0131. Bu ba\u011flamda toplant\u0131da, siber g\u00fcvenlik yoluyla kritik altyap\u0131lar\u0131n korunmas\u0131na \u00f6nem verilmesi de dahil olmak \u00fczere, enerji altyap\u0131s\u0131n\u0131n modernizasyonu, geli\u015fimi ve esnekli\u011fini tart\u0131\u015ft\u0131; temiz enerji inovasyonu ve di\u011fer teknoloji i\u015fbirli\u011fi ve end\u00fcstri ile ili\u015fki kurulmas\u0131 gibi konular \u00fczerinde duruldu. Enerji g\u00fcvenli\u011fiyle ilgili olarak toplant\u0131da enerji politikas\u0131 ve enerji piyasalar\u0131yla ilgili ele al\u0131nan konulardan baz\u0131lar\u0131: enerji kaynaklar\u0131n\u0131n, tedarik\u00e7ilerin ve rotalar\u0131n \u00e7e\u015fitlendirilmesi, Ukrayna&#8217;n\u0131n enerji sekt\u00f6r\u00fcndeki reformlara ve transit rol\u00fcne ili\u015fkin i\u015fbirli\u011fi, enerjide k\u0131r\u0131lgan b\u00f6lgeler \u00fczerinde i\u015fbirli\u011fi. Kat\u0131l\u0131mc\u0131lar, AB-ABD i\u015fbirli\u011fini ele almak i\u00e7in Enerji Konseyi alt\u0131ndaki \u00e7al\u0131\u015fma gruplar\u0131n\u0131 k\u0131sa bir s\u00fcre sonra tekrar bir araya gelmek \u00fczere te\u015fvik ettiler.<\/p>\n<p>Enerji Konseyi\u2019ne Avrupa Komisyonu D\u0131\u015fi\u015fleri ve G\u00fcvenlik Politikas\u0131 Y\u00fcksek Temsilcisi \/ Avrupa Komisyonu Ba\u015fkan Yard\u0131mc\u0131s\u0131 Federica Mogherini, Enerji Birli\u011finden sorumlu Avrupa Komisyonu Ba\u015fkan Yard\u0131mc\u0131s\u0131, Maro\u0161 \u0160ef\u010dovi\u010d, Komisyon \u00dcyesi \u0130klim Eylem ve Enerji, ABD D\u0131\u015fi\u015fleri Bakan\u0131 Miguel Arias Ca\u00f1ete, Michael R. Pompeo ve ABD Enerji Bakan\u0131 Rick Perry taraf\u0131ndan ba\u015fkanl\u0131k edildi. Federal Bakan Juliane Bogner-Strauss ise, Avrupa Birli\u011fi Konseyi Ba\u015fkanl\u0131\u011f\u0131n\u0131 temsil etti.<\/p>\n<p>Kaynak: <a href=\"https:\/\/eeas.europa.eu\/headquarters\/headquarters-homepage\/48322\/joint-press-release-european-union-and-united-states-america-held-their-eighth-energy-council_en\" target=\"_blank\" rel=\"noopener\">EU<\/a><\/p>\n<\/div>\n<\/section>\n<\/div>\n<\/div>\n<p><\/p>","protected":false},"excerpt":{"rendered":"<p>Sorry, this entry is only available in Turkish. For the sake of viewer convenience, the content is shown below in the alternative language. You may click the link to switch the active language. Sekizinci AB-ABD Enerji Konseyi ge\u00e7ti\u011fimiz hafta Br\u00fcksel&#8217;de topland\u0131. Bu, Enerji Konseyi&#8217;nin Ba\u015fkan Donald J. Trump Y\u00f6netimindeki ilk toplant\u0131s\u0131yd\u0131 ve a\u00e7\u0131k ve yap\u0131c\u0131 [&hellip;]<\/p>\n","protected":false},"author":1,"featured_media":76457,"comment_status":"open","ping_status":"open","sticky":false,"template":"","format":"standard","meta":[],"categories":[53],"tags":[38410,38411,32147,67,1009,842],"views":673,"_links":{"self":[{"href":"https:\/\/www.enerjigazetesi.ist\/en\/wp-json\/wp\/v2\/posts\/76456"}],"collection":[{"href":"https:\/\/www.enerjigazetesi.ist\/en\/wp-json\/wp\/v2\/posts"}],"about":[{"href":"https:\/\/www.enerjigazetesi.ist\/en\/wp-json\/wp\/v2\/types\/post"}],"author":[{"embeddable":true,"href":"https:\/\/www.enerjigazetesi.ist\/en\/wp-json\/wp\/v2\/users\/1"}],"replies":[{"embeddable":true,"href":"https:\/\/www.enerjigazetesi.ist\/en\/wp-json\/wp\/v2\/comments?post=76456"}],"version-history":[{"count":1,"href":"https:\/\/www.enerjigazetesi.ist\/en\/wp-json\/wp\/v2\/posts\/76456\/revisions"}],"predecessor-version":[{"id":76458,"href":"https:\/\/www.enerjigazetesi.ist\/en\/wp-json\/wp\/v2\/posts\/76456\/revisions\/76458"}],"wp:featuredmedia":[{"embeddable":true,"href":"https:\/\/www.enerjigazetesi.ist\/en\/wp-json\/wp\/v2\/media\/76457"}],"wp:attachment":[{"href":"https:\/\/www.enerjigazetesi.ist\/en\/wp-json\/wp\/v2\/media?parent=76456"}],"wp:term":[{"taxonomy":"category","embeddable":true,"href":"https:\/\/www.enerjigazetesi.ist\/en\/wp-json\/wp\/v2\/categories?post=76456"},{"taxonomy":"post_tag","embeddable":true,"href":"https:\/\/www.enerjigazetesi.ist\/en\/wp-json\/wp\/v2\/tags?post=76456"}],"curies":[{"name":"wp","href":"https:\/\/api.w.org\/{rel}","templated":true}]}}