{"id":76450,"date":"2018-07-20T11:23:35","date_gmt":"2018-07-20T08:23:35","guid":{"rendered":"https:\/\/www.enerjigazetesi.ist\/?p=76450"},"modified":"2018-07-20T11:23:35","modified_gmt":"2018-07-20T08:23:35","slug":"yenilenebilir-enerji-istatistikleri-2018-raporu-yayinlandi","status":"publish","type":"post","link":"https:\/\/www.enerjigazetesi.ist\/en\/yenilenebilir-enerji-istatistikleri-2018-raporu-yayinlandi\/","title":{"rendered":"(Turkish) Yenilenebilir Enerji \u0130statistikleri 2018 Raporu Yay\u0131nland\u0131"},"content":{"rendered":"<p class=\"qtranxs-available-languages-message qtranxs-available-languages-message-en\">Sorry, this entry is only available in <a href=\"https:\/\/www.enerjigazetesi.ist\/tr\/wp-json\/wp\/v2\/posts\/76450\" class=\"qtranxs-available-language-link qtranxs-available-language-link-tr\" title=\"Turkish\">Turkish<\/a>. For the sake of viewer convenience, the content is shown below in the alternative language. You may click the link to switch the active language.<\/p><p><\/p>\n<div id=\"wrapper\">\n<div id=\"main\">\n<section id=\"makale\">\n<div class=\"container\">\n<p><strong>Uluslararas\u0131 Yenilenebilir Enerji Ajans\u0131 (IRENA) yenilenebilir enerji kapasitesi ve d\u00fcnya \u00e7ap\u0131nda kullan\u0131m\u0131 hakk\u0131nda kapsaml\u0131 ve g\u00fcvenilir veri setleri \u00fcretmeye ba\u015flam\u0131\u015ft\u0131r.<img loading=\"lazy\" class=\"alignright size-medium wp-image-76451\" src=\"https:\/\/www.enerjigazetesi.ist\/wp-content\/uploads\/2018\/07\/yenilenebilir-enerji-istatistikleri-2018-raporu-yayinlandi-300x168.jpg\" alt=\"\" width=\"300\" height=\"168\" srcset=\"https:\/\/www.enerjigazetesi.ist\/wp-content\/uploads\/2018\/07\/yenilenebilir-enerji-istatistikleri-2018-raporu-yayinlandi-300x168.jpg 300w, https:\/\/www.enerjigazetesi.ist\/wp-content\/uploads\/2018\/07\/yenilenebilir-enerji-istatistikleri-2018-raporu-yayinlandi-768x431.jpg 768w, https:\/\/www.enerjigazetesi.ist\/wp-content\/uploads\/2018\/07\/yenilenebilir-enerji-istatistikleri-2018-raporu-yayinlandi-500x281.jpg 500w, https:\/\/www.enerjigazetesi.ist\/wp-content\/uploads\/2018\/07\/yenilenebilir-enerji-istatistikleri-2018-raporu-yayinlandi-80x45.jpg 80w, https:\/\/www.enerjigazetesi.ist\/wp-content\/uploads\/2018\/07\/yenilenebilir-enerji-istatistikleri-2018-raporu-yayinlandi.jpg 990w\" sizes=\"(max-width: 300px) 100vw, 300px\" \/> <\/strong><\/p>\n<p>Yenilenebilir Enerji \u0130statistikleri 2018 y\u0131ll\u0131k raporu, 2008-2017 i\u00e7in yenilenebilir enerji \u00fcretim kapasitesi, 2008-2016 i\u00e7in yenilenebilir enerji \u00fcretimi ve yakla\u015f\u0131k 120 \u00fclke i\u00e7in yenilenebilir enerji dengesi ve 2015 ile 2016 i\u00e7in yenilenebilir enerji dengelerine ili\u015fkin veri setlerini g\u00f6stermektedir.<\/p>\n<p>Buna ilaveten 2009-2016 d\u00f6neminde yenilenebilir enerjiye yap\u0131lan yat\u0131r\u0131mlar\u0131 da OECD-DAC veri taban\u0131ndan ve 20 ana \u00e7ok tarafl\u0131, iki tarafl\u0131 ve ulusal kalk\u0131nma finansal kurumundan derlenen verilerle g\u00f6stermektedir.<\/p>\n<p><strong><em>Raporun tamam\u0131na <\/em><\/strong><a href=\"http:\/\/www.irena.org\/publications\/2018\/Jul\/Renewable-Energy-Statistics-2018\" target=\"_blank\" rel=\"noopener\"><strong><em>http:\/\/www.irena.org\/publications\/2018\/Jul\/Renewable-Energy-Statistics-2018<\/em><\/strong><\/a><strong><em>\u00a0linkinden ula\u015fabilirsiniz.<\/em><\/strong><\/p>\n<\/div>\n<\/section>\n<\/div>\n<\/div>\n<p><\/p>","protected":false},"excerpt":{"rendered":"<p>Sorry, this entry is only available in Turkish. For the sake of viewer convenience, the content is shown below in the alternative language. You may click the link to switch the active language. Uluslararas\u0131 Yenilenebilir Enerji Ajans\u0131 (IRENA) yenilenebilir enerji kapasitesi ve d\u00fcnya \u00e7ap\u0131nda kullan\u0131m\u0131 hakk\u0131nda kapsaml\u0131 ve g\u00fcvenilir veri setleri \u00fcretmeye ba\u015flam\u0131\u015ft\u0131r. Yenilenebilir Enerji [&hellip;]<\/p>\n","protected":false},"author":1,"featured_media":76451,"comment_status":"open","ping_status":"open","sticky":false,"template":"","format":"standard","meta":[],"categories":[53,49,50],"tags":[67,1009,3386,3387,26829,38406],"views":1540,"_links":{"self":[{"href":"https:\/\/www.enerjigazetesi.ist\/en\/wp-json\/wp\/v2\/posts\/76450"}],"collection":[{"href":"https:\/\/www.enerjigazetesi.ist\/en\/wp-json\/wp\/v2\/posts"}],"about":[{"href":"https:\/\/www.enerjigazetesi.ist\/en\/wp-json\/wp\/v2\/types\/post"}],"author":[{"embeddable":true,"href":"https:\/\/www.enerjigazetesi.ist\/en\/wp-json\/wp\/v2\/users\/1"}],"replies":[{"embeddable":true,"href":"https:\/\/www.enerjigazetesi.ist\/en\/wp-json\/wp\/v2\/comments?post=76450"}],"version-history":[{"count":1,"href":"https:\/\/www.enerjigazetesi.ist\/en\/wp-json\/wp\/v2\/posts\/76450\/revisions"}],"predecessor-version":[{"id":76452,"href":"https:\/\/www.enerjigazetesi.ist\/en\/wp-json\/wp\/v2\/posts\/76450\/revisions\/76452"}],"wp:featuredmedia":[{"embeddable":true,"href":"https:\/\/www.enerjigazetesi.ist\/en\/wp-json\/wp\/v2\/media\/76451"}],"wp:attachment":[{"href":"https:\/\/www.enerjigazetesi.ist\/en\/wp-json\/wp\/v2\/media?parent=76450"}],"wp:term":[{"taxonomy":"category","embeddable":true,"href":"https:\/\/www.enerjigazetesi.ist\/en\/wp-json\/wp\/v2\/categories?post=76450"},{"taxonomy":"post_tag","embeddable":true,"href":"https:\/\/www.enerjigazetesi.ist\/en\/wp-json\/wp\/v2\/tags?post=76450"}],"curies":[{"name":"wp","href":"https:\/\/api.w.org\/{rel}","templated":true}]}}