{"id":76420,"date":"2018-07-19T11:46:21","date_gmt":"2018-07-19T08:46:21","guid":{"rendered":"https:\/\/www.enerjigazetesi.ist\/?p=76420"},"modified":"2018-07-19T11:46:21","modified_gmt":"2018-07-19T08:46:21","slug":"libyadaki-en-buyuk-petrol-sahasinda-uretim-yariya-inecek","status":"publish","type":"post","link":"https:\/\/www.enerjigazetesi.ist\/en\/libyadaki-en-buyuk-petrol-sahasinda-uretim-yariya-inecek\/","title":{"rendered":"(Turkish) Libya\u2019daki En B\u00fcy\u00fck Petrol Sahas\u0131nda \u00dcretim Yar\u0131ya \u0130necek"},"content":{"rendered":"<p class=\"qtranxs-available-languages-message qtranxs-available-languages-message-en\">Sorry, this entry is only available in <a href=\"https:\/\/www.enerjigazetesi.ist\/tr\/wp-json\/wp\/v2\/posts\/76420\" class=\"qtranxs-available-language-link qtranxs-available-language-link-tr\" title=\"Turkish\">Turkish<\/a>. For the sake of viewer convenience, the content is shown below in the alternative language. You may click the link to switch the active language.<\/p><p><strong>Libya\u2019n\u0131n en b\u00fcy\u00fck petrol sahas\u0131nda silahl\u0131 ki\u015filer taraf\u0131ndan baz\u0131 i\u015f\u00e7iler ka\u00e7\u0131r\u0131ld\u0131. Libya\u2019n\u0131n devlet petrol \u015firketinin yapt\u0131\u011f\u0131 a\u00e7\u0131klamaya g\u00f6re ka\u00e7\u0131r\u0131lma olaylar\u0131n\u0131n ard\u0131ndan <img loading=\"lazy\" class=\"alignleft size-medium wp-image-76421\" src=\"https:\/\/www.enerjigazetesi.ist\/wp-content\/uploads\/2018\/07\/libyadaki-en-buyuk-petrol-sahasinda-uretim-yariya-inecek-300x188.jpg\" alt=\"\" width=\"300\" height=\"188\" srcset=\"https:\/\/www.enerjigazetesi.ist\/wp-content\/uploads\/2018\/07\/libyadaki-en-buyuk-petrol-sahasinda-uretim-yariya-inecek-300x188.jpg 300w, https:\/\/www.enerjigazetesi.ist\/wp-content\/uploads\/2018\/07\/libyadaki-en-buyuk-petrol-sahasinda-uretim-yariya-inecek-768x480.jpg 768w, https:\/\/www.enerjigazetesi.ist\/wp-content\/uploads\/2018\/07\/libyadaki-en-buyuk-petrol-sahasinda-uretim-yariya-inecek-500x313.jpg 500w, https:\/\/www.enerjigazetesi.ist\/wp-content\/uploads\/2018\/07\/libyadaki-en-buyuk-petrol-sahasinda-uretim-yariya-inecek-80x50.jpg 80w, https:\/\/www.enerjigazetesi.ist\/wp-content\/uploads\/2018\/07\/libyadaki-en-buyuk-petrol-sahasinda-uretim-yariya-inecek.jpg 900w\" sizes=\"(max-width: 300px) 100vw, 300px\" \/>petrol \u00fcretiminin yar\u0131ya d\u00fc\u015fece\u011fi de belirtildi.<\/strong><span id=\"more-101004\"><\/span><\/p>\n<p>Libya\u2019n\u0131n bat\u0131s\u0131ndaki sahada petrol \u00fcretimi g\u00fcnde 160 bin varil kadar azald\u0131. Petrol \u00fcretiminin \u00f6nlem olarak azalt\u0131ld\u0131\u011f\u0131 a\u00e7\u0131kland\u0131.<\/p>\n<p>Ka\u00e7\u0131r\u0131lan d\u00f6rt i\u015f\u00e7iden ikisinin Cumartesi sabah saatlerinde serbest kalaca\u011f\u0131 ancak di\u011fer iki ki\u015finin hala rehin tutuldu\u011fu ifade edildi. Ka\u00e7\u0131rma olaylar\u0131n\u0131n sebebine dair bir a\u00e7\u0131klama olmazken, Libya\u2019n\u0131n ham petrol ak\u0131\u015f\u0131n\u0131 istikrarl\u0131 hale getirme \u00e7abas\u0131n\u0131n benzer olaylar sebebi ile s\u0131k\u0131nt\u0131ya girdi\u011fi bilgisi de verildi.<\/p>","protected":false},"excerpt":{"rendered":"<p>Sorry, this entry is only available in Turkish. For the sake of viewer convenience, the content is shown below in the alternative language. You may click the link to switch the active language.Libya\u2019n\u0131n en b\u00fcy\u00fck petrol sahas\u0131nda silahl\u0131 ki\u015filer taraf\u0131ndan baz\u0131 i\u015f\u00e7iler ka\u00e7\u0131r\u0131ld\u0131. Libya\u2019n\u0131n devlet petrol \u015firketinin yapt\u0131\u011f\u0131 a\u00e7\u0131klamaya g\u00f6re ka\u00e7\u0131r\u0131lma olaylar\u0131n\u0131n ard\u0131ndan petrol \u00fcretiminin [&hellip;]<\/p>\n","protected":false},"author":1,"featured_media":76421,"comment_status":"open","ping_status":"open","sticky":false,"template":"","format":"standard","meta":[],"categories":[53,44],"tags":[16350,67,1009,38390,9207,16645,38391,34935,2388,34936,1369,38392,23266],"views":921,"_links":{"self":[{"href":"https:\/\/www.enerjigazetesi.ist\/en\/wp-json\/wp\/v2\/posts\/76420"}],"collection":[{"href":"https:\/\/www.enerjigazetesi.ist\/en\/wp-json\/wp\/v2\/posts"}],"about":[{"href":"https:\/\/www.enerjigazetesi.ist\/en\/wp-json\/wp\/v2\/types\/post"}],"author":[{"embeddable":true,"href":"https:\/\/www.enerjigazetesi.ist\/en\/wp-json\/wp\/v2\/users\/1"}],"replies":[{"embeddable":true,"href":"https:\/\/www.enerjigazetesi.ist\/en\/wp-json\/wp\/v2\/comments?post=76420"}],"version-history":[{"count":1,"href":"https:\/\/www.enerjigazetesi.ist\/en\/wp-json\/wp\/v2\/posts\/76420\/revisions"}],"predecessor-version":[{"id":76422,"href":"https:\/\/www.enerjigazetesi.ist\/en\/wp-json\/wp\/v2\/posts\/76420\/revisions\/76422"}],"wp:featuredmedia":[{"embeddable":true,"href":"https:\/\/www.enerjigazetesi.ist\/en\/wp-json\/wp\/v2\/media\/76421"}],"wp:attachment":[{"href":"https:\/\/www.enerjigazetesi.ist\/en\/wp-json\/wp\/v2\/media?parent=76420"}],"wp:term":[{"taxonomy":"category","embeddable":true,"href":"https:\/\/www.enerjigazetesi.ist\/en\/wp-json\/wp\/v2\/categories?post=76420"},{"taxonomy":"post_tag","embeddable":true,"href":"https:\/\/www.enerjigazetesi.ist\/en\/wp-json\/wp\/v2\/tags?post=76420"}],"curies":[{"name":"wp","href":"https:\/\/api.w.org\/{rel}","templated":true}]}}