{"id":76351,"date":"2018-07-17T12:48:37","date_gmt":"2018-07-17T09:48:37","guid":{"rendered":"https:\/\/www.enerjigazetesi.ist\/?p=76351"},"modified":"2018-07-17T12:48:37","modified_gmt":"2018-07-17T09:48:37","slug":"jeotermal-sektoru-ilk-6-ayda-yuzde-36-buyume-sagladi","status":"publish","type":"post","link":"https:\/\/www.enerjigazetesi.ist\/en\/jeotermal-sektoru-ilk-6-ayda-yuzde-36-buyume-sagladi\/","title":{"rendered":"(Turkish) Jeotermal Sekt\u00f6r\u00fc \u0130lk 6 Ayda Y\u00fczde 36 B\u00fcy\u00fcme Sa\u011flad\u0131"},"content":{"rendered":"<p class=\"qtranxs-available-languages-message qtranxs-available-languages-message-en\">Sorry, this entry is only available in <a href=\"https:\/\/www.enerjigazetesi.ist\/tr\/wp-json\/wp\/v2\/posts\/76351\" class=\"qtranxs-available-language-link qtranxs-available-language-link-tr\" title=\"Turkish\">Turkish<\/a>. For the sake of viewer convenience, the content is shown below in the alternative language. You may click the link to switch the active language.<\/p><p><strong>Jeotermal enerji santrallerinin toplam elektrik \u00fcretimindeki pay\u0131 ilk alt\u0131 ay itibariyle y\u00fczde 1.8\u2019den y\u00fczde 2.4\u2019e y\u00fckseldi. Yenilenebilir kaynaklar\u0131n enerjide d\u0131\u015fa ba\u011f\u0131ml\u0131l\u0131\u011f\u0131 azaltt\u0131\u011f\u0131na i\u015faret eden JESDER Ba\u015fkan\u0131 Ufuk \u015eent\u00fcrk &#8220;Jeotermal yat\u0131r\u0131mlar\u0131na y\u00f6nelik desteklerin \u00f6n\u00fcm\u00fczdeki d\u00f6nemde de s\u00fcrmesini bekliyoruz&#8221; dedi.\u00a0<\/strong><\/p>\n<p><strong>\u00a0<\/strong><strong>\u0130ZM\u0130R &#8211; 17 Temmuz 2018\u00a0<\/strong><\/p>\n<p>Jeotermal Elektrik Santral Yat\u0131r\u0131mc\u0131lar\u0131 Derne\u011fi (JESDER) Ba\u015fkan\u0131 Ufuk \u015eent\u00fcrk, jeotermal kaynaklara dayal\u0131 elektrik \u00fcretimi nin y\u0131l\u0131n ilk alt\u0131 ay\u0131nda y\u00fczde 36 artt\u0131\u011f\u0131n\u0131 belirterek, d\u0131\u015fa ba\u011f\u0131ml\u0131l\u0131\u011f\u0131 azaltan bu <img loading=\"lazy\" class=\"alignleft size-medium wp-image-76352\" src=\"https:\/\/www.enerjigazetesi.ist\/wp-content\/uploads\/2018\/07\/jeotermal-sektoru-ilk-6-ayda-yuzde-36-buyume-sagladi-300x200.jpg\" alt=\"\" width=\"300\" height=\"200\" srcset=\"https:\/\/www.enerjigazetesi.ist\/wp-content\/uploads\/2018\/07\/jeotermal-sektoru-ilk-6-ayda-yuzde-36-buyume-sagladi-300x200.jpg 300w, https:\/\/www.enerjigazetesi.ist\/wp-content\/uploads\/2018\/07\/jeotermal-sektoru-ilk-6-ayda-yuzde-36-buyume-sagladi-500x333.jpg 500w, https:\/\/www.enerjigazetesi.ist\/wp-content\/uploads\/2018\/07\/jeotermal-sektoru-ilk-6-ayda-yuzde-36-buyume-sagladi-75x50.jpg 75w, https:\/\/www.enerjigazetesi.ist\/wp-content\/uploads\/2018\/07\/jeotermal-sektoru-ilk-6-ayda-yuzde-36-buyume-sagladi.jpg 733w\" sizes=\"(max-width: 300px) 100vw, 300px\" \/>kayna\u011fa dayal\u0131 yat\u0131r\u0131mlar\u0131n desteklenmeye devam edilmesini istedi.<\/p>\n<p>T\u00fcrkiye\u2019de y\u0131l\u0131n ilk alt\u0131 ay\u0131nda elektrik \u00fcretimi y\u00fczde 2.5 artarken, bu art\u0131\u015fla jeotermal kaynaklara dayal\u0131 elektrik \u00fcretiminin de katk\u0131s\u0131 oldu. Enerji G\u00fcnl\u00fc\u011f\u00fc\u2019n\u00fcn derledi\u011fi bilgilere g\u00f6re yerli ve yenilenebilir kaynaklardan jeotermale dayal\u0131 elektrik \u00fcretimi y\u0131l\u0131n ilk alt\u0131 ay\u0131nda ge\u00e7en y\u0131la g\u00f6re y\u00fczde 36\u2019l\u0131k art\u0131\u015fla 3 milyar 337 milyon kWh seviyesine y\u00fckseldi. B\u00f6ylece jeotermal enerji santrallerinin toplam elektrik \u00fcretimindeki pay\u0131 ilk alt\u0131 ay itibariyle y\u00fczde 1.8\u2019den y\u00fczde 2.4\u2019e y\u00fckseldi.<\/p>\n<p><strong>Kesintisiz bir enerji kayna\u011f\u0131<\/strong><\/p>\n<p>Jeotermal Elektrik Santral Yat\u0131r\u0131mc\u0131lar\u0131 Derne\u011fi (JESDER) Ba\u015fkan\u0131 Ufuk \u015eent\u00fcrk, yerli ve yenilenebilir enerji kaynaklar\u0131n\u0131n toplam elektrik \u00fcretimindeki pay\u0131n\u0131n her ge\u00e7en g\u00fcn artt\u0131\u011f\u0131n\u0131 s\u00f6yledi. Bu art\u0131\u015f\u0131n enerjide d\u0131\u015fa ba\u011f\u0131ml\u0131l\u0131\u011f\u0131 azaltt\u0131\u011f\u0131na i\u015faret eden \u015eent\u00fcrk \u201cYenilenebilir kaynaklar aras\u0131nda yer alan jeotermal hem yerli, hem de kesintisiz bir enerji kayna\u011f\u0131. Bu y\u00fczden enerjide d\u0131\u015fa ba\u011f\u0131ml\u0131l\u0131\u011f\u0131 azaltt\u0131\u011f\u0131 gibi, istikrarl\u0131 bir kaynak olarak \u015febeke ve sistem y\u00f6netimini de kolayla\u015ft\u0131r\u0131c\u0131 bir role sahip\u201d dedi.<\/p>\n<p>Ufuk \u015eent\u00fcrk, T\u00fcrkiye\u2019nin jeotermal elektrikte 4.000 Mwe\u2019lik potansiyele sahip oldu\u011funa dikkat \u00e7ekerek, \u201cBu potansiyel realize oldu\u011funda JES\u2019lerin toplam elektrik \u00fcretimindeki pay\u0131 y\u00fczde 10\u2019lara y\u00fckselecektir\u201d dedi.<\/p>\n<p>T\u00fcrkiye\u2019deki jeotermal kaynak potansiyelini de\u011ferlendirme konusunda JESDER \u00fcyesi yat\u0131r\u0131mc\u0131lar\u0131n b\u00fcy\u00fck bir \u00e7aba i\u00e7inde oldu\u011funu vurgulayan Ufuk \u015eent\u00fcrk, \u201cBu \u00e7abalar\u0131n h\u00fck\u00fcmetimizce de yeni d\u00f6nemde desteklenece\u011fine inan\u0131yoruz\u201d diye konu\u015ftu.<\/p>","protected":false},"excerpt":{"rendered":"<p>Sorry, this entry is only available in Turkish. For the sake of viewer convenience, the content is shown below in the alternative language. You may click the link to switch the active language.Jeotermal enerji santrallerinin toplam elektrik \u00fcretimindeki pay\u0131 ilk alt\u0131 ay itibariyle y\u00fczde 1.8\u2019den y\u00fczde 2.4\u2019e y\u00fckseldi. Yenilenebilir kaynaklar\u0131n enerjide d\u0131\u015fa ba\u011f\u0131ml\u0131l\u0131\u011f\u0131 azaltt\u0131\u011f\u0131na i\u015faret [&hellip;]<\/p>\n","protected":false},"author":1,"featured_media":76352,"comment_status":"open","ping_status":"open","sticky":false,"template":"","format":"standard","meta":[],"categories":[53,48],"tags":[67,1009,29545,16077,16737,35055,23226,6322,26929,22050],"views":807,"_links":{"self":[{"href":"https:\/\/www.enerjigazetesi.ist\/en\/wp-json\/wp\/v2\/posts\/76351"}],"collection":[{"href":"https:\/\/www.enerjigazetesi.ist\/en\/wp-json\/wp\/v2\/posts"}],"about":[{"href":"https:\/\/www.enerjigazetesi.ist\/en\/wp-json\/wp\/v2\/types\/post"}],"author":[{"embeddable":true,"href":"https:\/\/www.enerjigazetesi.ist\/en\/wp-json\/wp\/v2\/users\/1"}],"replies":[{"embeddable":true,"href":"https:\/\/www.enerjigazetesi.ist\/en\/wp-json\/wp\/v2\/comments?post=76351"}],"version-history":[{"count":1,"href":"https:\/\/www.enerjigazetesi.ist\/en\/wp-json\/wp\/v2\/posts\/76351\/revisions"}],"predecessor-version":[{"id":76353,"href":"https:\/\/www.enerjigazetesi.ist\/en\/wp-json\/wp\/v2\/posts\/76351\/revisions\/76353"}],"wp:featuredmedia":[{"embeddable":true,"href":"https:\/\/www.enerjigazetesi.ist\/en\/wp-json\/wp\/v2\/media\/76352"}],"wp:attachment":[{"href":"https:\/\/www.enerjigazetesi.ist\/en\/wp-json\/wp\/v2\/media?parent=76351"}],"wp:term":[{"taxonomy":"category","embeddable":true,"href":"https:\/\/www.enerjigazetesi.ist\/en\/wp-json\/wp\/v2\/categories?post=76351"},{"taxonomy":"post_tag","embeddable":true,"href":"https:\/\/www.enerjigazetesi.ist\/en\/wp-json\/wp\/v2\/tags?post=76351"}],"curies":[{"name":"wp","href":"https:\/\/api.w.org\/{rel}","templated":true}]}}