{"id":76329,"date":"2018-07-17T11:26:33","date_gmt":"2018-07-17T08:26:33","guid":{"rendered":"https:\/\/www.enerjigazetesi.ist\/?p=76329"},"modified":"2018-07-17T11:26:33","modified_gmt":"2018-07-17T08:26:33","slug":"appledan-cin-temiz-enerji-fonuna-300-milyon-dolarlik-yatirim","status":"publish","type":"post","link":"https:\/\/www.enerjigazetesi.ist\/en\/appledan-cin-temiz-enerji-fonuna-300-milyon-dolarlik-yatirim\/","title":{"rendered":"(Turkish) Apple&#8217;dan \u00c7in Temiz Enerji Fonu\u2019na 300 Milyon Dolarl\u0131k Yat\u0131r\u0131m"},"content":{"rendered":"<p class=\"qtranxs-available-languages-message qtranxs-available-languages-message-en\">Sorry, this entry is only available in <a href=\"https:\/\/www.enerjigazetesi.ist\/tr\/wp-json\/wp\/v2\/posts\/76329\" class=\"qtranxs-available-language-link qtranxs-available-language-link-tr\" title=\"Turkish\">Turkish<\/a>. For the sake of viewer convenience, the content is shown below in the alternative language. You may click the link to switch the active language.<\/p><p><strong>Apple taraf\u0131ndan bu b\u00f6lgedeki tedarik zincirinin temiz enerjiye ge\u00e7mesi isteniyor. Bu noktada 300 milyon dolarl\u0131k bir yat\u0131r\u0131m fonu kuran Apple, tedarik zincirinde birlikte \u00e7al\u0131\u015ft\u0131\u011f\u0131 firmalar\u0131n temiz enerjiye ge\u00e7i\u015fine yard\u0131mc\u0131 olmay\u0131 hedefliyor. \u015eirket \u00f6n\u00fcm\u00fczdeki 4 y\u0131l i\u00e7inde 10 tedarik orta\u011f\u0131 ile beraber \u00c7in Temiz Enerji Fonu\u2019na 300 milyon dolar yat\u0131r\u0131m ger\u00e7ekle\u015ftirecek.<\/strong><\/p>\n<p><img loading=\"lazy\" class=\"alignleft size-medium wp-image-76330\" src=\"https:\/\/www.enerjigazetesi.ist\/wp-content\/uploads\/2018\/07\/appledan-cin-temiz-enerji-fonuna-300-milyon-dolarlik-yatirim-300x169.jpg\" alt=\"\" width=\"300\" height=\"169\" srcset=\"https:\/\/www.enerjigazetesi.ist\/wp-content\/uploads\/2018\/07\/appledan-cin-temiz-enerji-fonuna-300-milyon-dolarlik-yatirim-300x169.jpg 300w, https:\/\/www.enerjigazetesi.ist\/wp-content\/uploads\/2018\/07\/appledan-cin-temiz-enerji-fonuna-300-milyon-dolarlik-yatirim-768x432.jpg 768w, https:\/\/www.enerjigazetesi.ist\/wp-content\/uploads\/2018\/07\/appledan-cin-temiz-enerji-fonuna-300-milyon-dolarlik-yatirim-500x281.jpg 500w, https:\/\/www.enerjigazetesi.ist\/wp-content\/uploads\/2018\/07\/appledan-cin-temiz-enerji-fonuna-300-milyon-dolarlik-yatirim-80x45.jpg 80w, https:\/\/www.enerjigazetesi.ist\/wp-content\/uploads\/2018\/07\/appledan-cin-temiz-enerji-fonuna-300-milyon-dolarlik-yatirim.jpg 773w\" sizes=\"(max-width: 300px) 100vw, 300px\" \/>Apple, yat\u0131r\u0131m\u0131n b\u00fcy\u00fckl\u00fc\u011f\u00fc ile \u00c7in pazar\u0131ndaki i\u015fletmelere, g\u00fcne\u015f ve r\u00fczgar enerjisine ge\u00e7i\u015f i\u00e7in cazibe noktas\u0131 yaratt\u0131\u011f\u0131 g\u00f6r\u00fc\u015f\u00fcn\u00fc \u00f6ng\u00f6rmektedir. Fon ayn\u0131 zamanda tedarik zincirindeki partnerler i\u00e7in yeni projeler geli\u015ftirmede de yer alabilecek.<\/p>\n<p>Faaliyetlerini %100 yenilenebilir kaynaklarla yapmak isteyen Apple, 2015&#8217;te bu do\u011frultuda Tedarik\u00e7i Temiz Enerji Program\u0131\u2019n\u0131 ba\u015flatm\u0131\u015ft\u0131. 10\u2019dan fazla \u00fclkede 23 imalat orta\u011f\u0131n\u0131n dahil oldu\u011fu program, yeni fon ile birlikte daha geni\u015f bir hacme kavu\u015facak. \u015eirket, 2020\u2019ye kadar 4 gigawatt\u2019dan fazla temiz enerji \u00fcretmeyi planlamaktad\u0131r.<\/p>","protected":false},"excerpt":{"rendered":"<p>Sorry, this entry is only available in Turkish. For the sake of viewer convenience, the content is shown below in the alternative language. You may click the link to switch the active language.Apple taraf\u0131ndan bu b\u00f6lgedeki tedarik zincirinin temiz enerjiye ge\u00e7mesi isteniyor. Bu noktada 300 milyon dolarl\u0131k bir yat\u0131r\u0131m fonu kuran Apple, tedarik zincirinde birlikte [&hellip;]<\/p>\n","protected":false},"author":1,"featured_media":76330,"comment_status":"open","ping_status":"open","sticky":false,"template":"","format":"standard","meta":[],"categories":[53,49,50],"tags":[2655,38361,38363,67,1009,2326,23416,474,24949,38362,105],"views":810,"_links":{"self":[{"href":"https:\/\/www.enerjigazetesi.ist\/en\/wp-json\/wp\/v2\/posts\/76329"}],"collection":[{"href":"https:\/\/www.enerjigazetesi.ist\/en\/wp-json\/wp\/v2\/posts"}],"about":[{"href":"https:\/\/www.enerjigazetesi.ist\/en\/wp-json\/wp\/v2\/types\/post"}],"author":[{"embeddable":true,"href":"https:\/\/www.enerjigazetesi.ist\/en\/wp-json\/wp\/v2\/users\/1"}],"replies":[{"embeddable":true,"href":"https:\/\/www.enerjigazetesi.ist\/en\/wp-json\/wp\/v2\/comments?post=76329"}],"version-history":[{"count":1,"href":"https:\/\/www.enerjigazetesi.ist\/en\/wp-json\/wp\/v2\/posts\/76329\/revisions"}],"predecessor-version":[{"id":76331,"href":"https:\/\/www.enerjigazetesi.ist\/en\/wp-json\/wp\/v2\/posts\/76329\/revisions\/76331"}],"wp:featuredmedia":[{"embeddable":true,"href":"https:\/\/www.enerjigazetesi.ist\/en\/wp-json\/wp\/v2\/media\/76330"}],"wp:attachment":[{"href":"https:\/\/www.enerjigazetesi.ist\/en\/wp-json\/wp\/v2\/media?parent=76329"}],"wp:term":[{"taxonomy":"category","embeddable":true,"href":"https:\/\/www.enerjigazetesi.ist\/en\/wp-json\/wp\/v2\/categories?post=76329"},{"taxonomy":"post_tag","embeddable":true,"href":"https:\/\/www.enerjigazetesi.ist\/en\/wp-json\/wp\/v2\/tags?post=76329"}],"curies":[{"name":"wp","href":"https:\/\/api.w.org\/{rel}","templated":true}]}}