{"id":76311,"date":"2018-07-16T14:37:24","date_gmt":"2018-07-16T11:37:24","guid":{"rendered":"https:\/\/www.enerjigazetesi.ist\/?p=76311"},"modified":"2018-07-16T15:01:36","modified_gmt":"2018-07-16T12:01:36","slug":"kaplan-elektrikten-agriya-5-mw-gucunde-hes","status":"publish","type":"post","link":"https:\/\/www.enerjigazetesi.ist\/en\/kaplan-elektrikten-agriya-5-mw-gucunde-hes\/","title":{"rendered":"(Turkish) Kaplan Elektrik&#8217;ten A\u011fr\u0131\u2019ya 5 MW G\u00fcc\u00fcnde HES!"},"content":{"rendered":"<p class=\"qtranxs-available-languages-message qtranxs-available-languages-message-en\">Sorry, this entry is only available in <a href=\"https:\/\/www.enerjigazetesi.ist\/tr\/wp-json\/wp\/v2\/posts\/76311\" class=\"qtranxs-available-language-link qtranxs-available-language-link-tr\" title=\"Turkish\">Turkish<\/a>. For the sake of viewer convenience, the content is shown below in the alternative language. You may click the link to switch the active language.<\/p><p><strong>Kaplan Elektrik \u00dcretim ve Tic. A.\u015e. taraf\u0131ndan A\u011fr\u0131 \u0130li, Ta\u015fl\u0131\u00e7ay \u0130l\u00e7esi, Ta\u015fl\u0131\u00e7ay \u0130l\u00e7esi, \u00c7\u00f6kelge \u2013 G\u00f6zucu \u2013 Alako\u00e7lu K\u00f6yleri s\u0131n\u0131rlar\u0131nda Mardik Dere \u00fczerinde yakla\u015f\u0131k 10 milyar lira yat\u0131r\u0131mla 5.045 MW kurulu g\u00fcc\u00fcnde Kaplan Reg\u00fclat\u00f6r\u00fc ve Hidroelektrik Santrali (HES) kurulacak.<\/strong><\/p>\n<p><strong><img loading=\"lazy\" class=\"alignleft size-medium wp-image-76312\" src=\"https:\/\/www.enerjigazetesi.ist\/wp-content\/uploads\/2018\/07\/kaplan-elektrikten-agriya-5-mw-gucunde-hes-300x185.jpg\" alt=\"\" width=\"300\" height=\"185\" srcset=\"https:\/\/www.enerjigazetesi.ist\/wp-content\/uploads\/2018\/07\/kaplan-elektrikten-agriya-5-mw-gucunde-hes-300x185.jpg 300w, https:\/\/www.enerjigazetesi.ist\/wp-content\/uploads\/2018\/07\/kaplan-elektrikten-agriya-5-mw-gucunde-hes-500x309.jpg 500w, https:\/\/www.enerjigazetesi.ist\/wp-content\/uploads\/2018\/07\/kaplan-elektrikten-agriya-5-mw-gucunde-hes-80x50.jpg 80w, https:\/\/www.enerjigazetesi.ist\/wp-content\/uploads\/2018\/07\/kaplan-elektrikten-agriya-5-mw-gucunde-hes.jpg 696w\" sizes=\"(max-width: 300px) 100vw, 300px\" \/><\/strong>Santralden y\u0131lda 14,296 GWh elektrik \u00fcretilmesi ve \u00fcretilen elektri\u011fin de \u00fcnite transformat\u00f6rleri vas\u0131tas\u0131 ile 34.5 kV gerilim seviyesine y\u00fckseltildikten sonra yakla\u015f\u0131k 12 kilometre uzunlu\u011funda hat ile Ta\u015fl\u0131\u00e7ay Trafo Merkezi enterkonnekte sisteme ba\u011flanmas\u0131 planlan\u0131yor.<\/p>\n<p>\u015eirket daha \u00f6nce projeyle ilgili bir \u00e7evre etki de\u011ferlendirme raporu haz\u0131rlam\u0131\u015f ancak herhangi bir \u00e7al\u0131\u015fma ba\u015flat\u0131lmad\u0131\u011f\u0131 i\u00e7in raporun s\u00fcresi bitmi\u015fti. \u015eirket \u015fimdi yeniden projeyi hayata ge\u00e7irmek i\u00e7in \u00e7evre raporunu haz\u0131rlad\u0131.<\/p>","protected":false},"excerpt":{"rendered":"<p>Sorry, this entry is only available in Turkish. For the sake of viewer convenience, the content is shown below in the alternative language. You may click the link to switch the active language.Kaplan Elektrik \u00dcretim ve Tic. A.\u015e. taraf\u0131ndan A\u011fr\u0131 \u0130li, Ta\u015fl\u0131\u00e7ay \u0130l\u00e7esi, Ta\u015fl\u0131\u00e7ay \u0130l\u00e7esi, \u00c7\u00f6kelge \u2013 G\u00f6zucu \u2013 Alako\u00e7lu K\u00f6yleri s\u0131n\u0131rlar\u0131nda Mardik Dere \u00fczerinde [&hellip;]<\/p>\n","protected":false},"author":1,"featured_media":76312,"comment_status":"open","ping_status":"open","sticky":false,"template":"","format":"standard","meta":[],"categories":[53,47],"tags":[6358,19,67,1009,34926,26043,1090,26044,38349],"views":1360,"_links":{"self":[{"href":"https:\/\/www.enerjigazetesi.ist\/en\/wp-json\/wp\/v2\/posts\/76311"}],"collection":[{"href":"https:\/\/www.enerjigazetesi.ist\/en\/wp-json\/wp\/v2\/posts"}],"about":[{"href":"https:\/\/www.enerjigazetesi.ist\/en\/wp-json\/wp\/v2\/types\/post"}],"author":[{"embeddable":true,"href":"https:\/\/www.enerjigazetesi.ist\/en\/wp-json\/wp\/v2\/users\/1"}],"replies":[{"embeddable":true,"href":"https:\/\/www.enerjigazetesi.ist\/en\/wp-json\/wp\/v2\/comments?post=76311"}],"version-history":[{"count":2,"href":"https:\/\/www.enerjigazetesi.ist\/en\/wp-json\/wp\/v2\/posts\/76311\/revisions"}],"predecessor-version":[{"id":76317,"href":"https:\/\/www.enerjigazetesi.ist\/en\/wp-json\/wp\/v2\/posts\/76311\/revisions\/76317"}],"wp:featuredmedia":[{"embeddable":true,"href":"https:\/\/www.enerjigazetesi.ist\/en\/wp-json\/wp\/v2\/media\/76312"}],"wp:attachment":[{"href":"https:\/\/www.enerjigazetesi.ist\/en\/wp-json\/wp\/v2\/media?parent=76311"}],"wp:term":[{"taxonomy":"category","embeddable":true,"href":"https:\/\/www.enerjigazetesi.ist\/en\/wp-json\/wp\/v2\/categories?post=76311"},{"taxonomy":"post_tag","embeddable":true,"href":"https:\/\/www.enerjigazetesi.ist\/en\/wp-json\/wp\/v2\/tags?post=76311"}],"curies":[{"name":"wp","href":"https:\/\/api.w.org\/{rel}","templated":true}]}}