{"id":76293,"date":"2018-07-16T11:34:05","date_gmt":"2018-07-16T08:34:05","guid":{"rendered":"https:\/\/www.enerjigazetesi.ist\/?p=76293"},"modified":"2018-07-16T11:34:44","modified_gmt":"2018-07-16T08:34:44","slug":"bogazici-universitesi-turkiyenin-enerji-politikalarina-yon-verecek","status":"publish","type":"post","link":"https:\/\/www.enerjigazetesi.ist\/en\/bogazici-universitesi-turkiyenin-enerji-politikalarina-yon-verecek\/","title":{"rendered":"(Turkish) Bo\u011fazi\u00e7i \u00dcniversitesi T\u00fcrkiye\u2019nin Enerji Politikalar\u0131na Y\u00f6n Verecek"},"content":{"rendered":"<p class=\"qtranxs-available-languages-message qtranxs-available-languages-message-en\">Sorry, this entry is only available in <a href=\"https:\/\/www.enerjigazetesi.ist\/tr\/wp-json\/wp\/v2\/posts\/76293\" class=\"qtranxs-available-language-link qtranxs-available-language-link-tr\" title=\"Turkish\">Turkish<\/a>. For the sake of viewer convenience, the content is shown below in the alternative language. You may click the link to switch the active language.<\/p><p><strong>\u201cBo\u011fazi\u00e7i \u00dcniversitesi Enerji Modelleme Sisteminin Geli\u015ftirilmesi ve Sera Gaz\u0131 Sal\u0131m K\u0131s\u0131tlamalar\u0131n\u0131n T\u00fcrkiye\u2019ye Etkilerinin Ara\u015ft\u0131r\u0131lmas\u0131na Y\u00f6nelik Olarak BUEMS T\u00fcrkiye Modelinin Kurulmas\u0131 ve Senaryo Analizi\u201d ba\u015fl\u0131kl\u0131 \u00e7al\u0131\u015fma; T\u00fcrkiye\u2019de karar vericilerin, uzmanlar\u0131n ve i\u015f d\u00fcnyas\u0131n\u0131n k\u0131sa ve uzun vadeli enerji-\u00e7evre planlama ve politikalar\u0131nda daha sa\u011fl\u0131kl\u0131 ad\u0131mlar atmalar\u0131na yard\u0131mc\u0131 olacak.<\/strong><\/p>\n<p>Bo\u011fazi\u00e7i \u00dcniversitesi, \u201cBo\u011fazi\u00e7i \u00dcniversitesi Enerji Modelleme Sisteminin Geli\u015ftirilmesi ve Sera Gaz\u0131 Sal\u0131m K\u0131s\u0131tlamalar\u0131n\u0131n T\u00fcrkiye\u2019ye Etkilerinin Ara\u015ft\u0131r\u0131lmas\u0131na Y\u00f6nelik Olarak BUEMS T\u00fcrkiye Modelinin <img loading=\"lazy\" class=\"alignright size-medium wp-image-76295\" src=\"https:\/\/www.enerjigazetesi.ist\/wp-content\/uploads\/2018\/07\/bogazici-universitesi-turkiyenin-enerji-politikalarina-yon-verecek-300x223.jpg\" alt=\"\" width=\"300\" height=\"223\" srcset=\"https:\/\/www.enerjigazetesi.ist\/wp-content\/uploads\/2018\/07\/bogazici-universitesi-turkiyenin-enerji-politikalarina-yon-verecek-300x223.jpg 300w, https:\/\/www.enerjigazetesi.ist\/wp-content\/uploads\/2018\/07\/bogazici-universitesi-turkiyenin-enerji-politikalarina-yon-verecek-500x372.jpg 500w, https:\/\/www.enerjigazetesi.ist\/wp-content\/uploads\/2018\/07\/bogazici-universitesi-turkiyenin-enerji-politikalarina-yon-verecek-67x50.jpg 67w, https:\/\/www.enerjigazetesi.ist\/wp-content\/uploads\/2018\/07\/bogazici-universitesi-turkiyenin-enerji-politikalarina-yon-verecek.jpg 656w\" sizes=\"(max-width: 300px) 100vw, 300px\" \/>Kurulmas\u0131 ve Senaryo Analizi\u201d ba\u015fl\u0131kl\u0131 projesi ile T\u00fcrkiye\u2019de bug\u00fcne kadar enerji alan\u0131nda hayata ge\u00e7irilen en geli\u015fmi\u015f modelleme sistemini hayata ge\u00e7irdi. Bu \u00e7al\u0131\u015fma ile Bo\u011fazi\u00e7i \u00dcniversitesi, enerji sekt\u00f6r\u00fcnde farkl\u0131 parametreler ve senaryolar do\u011frultusunda 2050\u2019ye kadar farkl\u0131 projeksiyonlar ortaya koyuyor, bu projeksiyonlar\u0131n getirdi\u011fi maliyetleri ve enerji sistemi \u00fczerine etkilerini ara\u015ft\u0131rma olana\u011f\u0131 veriyor. BUEMS Modeli, enerji sekt\u00f6r\u00fcndeki karar vericileri daha \u00f6nce kullan\u0131lan yabanc\u0131 modelleme sistemlerine olan ba\u011f\u0131ml\u0131l\u0131ktan ve bunlar\u0131n k\u0131s\u0131tl\u0131l\u0131klar\u0131ndan kurtar\u0131yor. Geli\u015ftirilen yerli ve milli sistemle, T\u00fcrkiye&#8217;nin hem k\u0131sa hem de uzun vadeli enerji-\u00e7evre planlama ve politikalar\u0131n\u0131n olu\u015fumuna destek sa\u011flayacak nitelikte sonu\u00e7lar elde edilmesi ama\u00e7lan\u0131yor.<\/p>\n<p>Bo\u011fazi\u00e7i \u00dcniversitesi Enerji Modelleme Sistemi (BUEMS) T\u00fcrkiye Modellemesi,<strong> Uluslararas\u0131 Enerji Ekonomisi Birli\u011fi (IAEE) ve Bo\u011fazi\u00e7i \u00dcniversitesi Enerji Politikalar\u0131 Ara\u015ft\u0131rma Merkezi (EPAM) Ba\u015fkan\u0131 ve End\u00fcstri M\u00fchendisli\u011fi B\u00f6l\u00fcm\u00fc \u00d6\u011fretim \u00dcyesi Prof. Dr. G\u00fcrkan Kumbaro\u011flu<\/strong> liderli\u011finde, <strong>Bo\u011fazi\u00e7i \u00dcniversitesi \u00d6\u011fretim \u00dcyeleri Prof. Dr. \u0130lhan Or ve Do\u00e7. Dr. G\u00f6nen\u00e7 Y\u00fccel, Alt\u0131nba\u015f \u00dcniversitesi \u00d6\u011fretim \u00dcyesi Do\u00e7. Dr. Y\u0131ld\u0131z Ar\u0131kan <\/strong>ve<strong> I\u015f\u0131k \u00dcniversitesi Dr. \u00d6\u011fr. \u00dcyesi Kemal Sar\u0131ca <\/strong>taraf\u0131ndan \u00fc\u00e7 y\u0131ll\u0131k bir \u00e7al\u0131\u015fman\u0131n \u00fcr\u00fcn\u00fc olarak geli\u015ftirildi. Enerji ve Tabii Kaynaklar Bakanl\u0131\u011f\u0131 ve T\u00dcB\u0130TAK deste\u011fiyle ger\u00e7ekle\u015ftirilen BUEMS&#8217;in modelleme altyap\u0131s\u0131, ulusal enerji sekt\u00f6r\u00fcn\u00fcn kendine has karakteristikleri \u00e7er\u00e7evesinde enerji-\u00e7evre etkile\u015fiminin ger\u00e7ek\u00e7i ve detayl\u0131 incelenmesine katk\u0131 sa\u011flamak \u00fczere, &#8220;temelden zirveye&#8221; yakla\u015f\u0131m\u0131yla sekt\u00f6rel ve teknolojik detay seviyesi y\u00fcksek bir model yap\u0131 olarak geli\u015ftirildi. BUEMS kapsam\u0131nda bir veritaban\u0131 olu\u015fturularak BUEMS\/T\u00fcrkiye enerji modeli kuruldu. Model \u00e7er\u00e7evesinde karbon emisyonlar\u0131n\u0131n k\u0131s\u0131tland\u0131\u011f\u0131 ve karbon vergisinin tan\u0131mland\u0131\u011f\u0131 \u00e7e\u015fitli senaryo analizleri ger\u00e7ekle\u015ftirildi. Haz\u0131rlanan aray\u00fcz ile paket program haline getirildi, makroekonomik mod\u00fcl geli\u015ftirilerek entegre edildi; senaryolar\u0131n gayrisafi yurti\u00e7i has\u0131la ve enerji kaynaklar\u0131n\u0131n kullan\u0131mlar\u0131na etkileri incelendi.<\/p>\n<p>Bir\u00e7ok di\u011fer sekt\u00f6rde oldu\u011fu gibi enerjide de arz ve talebin dengelenmesi temel sorun olarak kar\u015f\u0131m\u0131za \u00e7\u0131k\u0131yor. Fakat enerji alan\u0131nda arz-talep dengesini karma\u015f\u0131k hale getiren birtak\u0131m fakt\u00f6rler bulunuyor. Bu nedenle enerji sekt\u00f6r\u00fcnde arz\u0131n talebi kar\u015f\u0131layacak d\u00fczeye gelmesi i\u00e7in \u00e7ok iyi planlanmas\u0131 gerekiyor. BUEMS Modeli; bir planlama \u00e7er\u00e7evesinde ne zaman, hangi mali kaynaklar\u0131 kullanarak yat\u0131r\u0131m planlamas\u0131 yap\u0131lmal\u0131, ne zaman, hangi enerji \u00fcretim tesislerine yat\u0131r\u0131m yap\u0131lmal\u0131, bunlar birbirine nas\u0131l ba\u011flanmal\u0131, nas\u0131l dengelenmeli, talep ne \u015fekilde tahmin edilmeli gibi sorulara yan\u0131t vermeyi hedefliyor. Bu planlamay\u0131 yap\u0131yor ve olas\u0131 sonu\u00e7lar\u0131n\u0131 ortaya koyuyor. \u0130stenen de\u011fi\u015fikliklerin istendi\u011fi \u015fekilde yap\u0131lmas\u0131na olanak tan\u0131yan \u201cy<em>erli ve milli<\/em>\u201d BUEMS Modeli, bu yan\u0131yla d\u00fcnyada birtak\u0131m detaylara hakim olmaya ya da baz\u0131 detaylar\u0131 de\u011fi\u015ftirmeye izin vermeyen uluslararas\u0131 bir\u00e7ok modelleme sisteminden farkl\u0131la\u015f\u0131yor, onlardan daha sa\u011fl\u0131kl\u0131 sonu\u00e7lar ortaya koyuyor. Bu yap\u0131 kullan\u0131larak arz &#8211; talep dengesi dengeleri daha sa\u011fl\u0131kl\u0131 g\u00f6r\u00fclebiliyor.<\/p>\n<p><strong>Yerli teknolojiyle geli\u015ftirilen T\u00fcrkiye\u2019ye \u00f6zg\u00fc bir modelleme<\/strong><\/p>\n<p><strong>Prof. Dr. G\u00fcrkan Kumbaro\u011flu,<\/strong> \u201cYabanc\u0131 modelleme sistemleri k\u0131s\u0131tlamalar nedeniyle AR-GE\u2019ye imk\u00e2n tan\u0131m\u0131yor. Biz yabanc\u0131 programlarda model koduna a\u00e7\u0131k\u00e7a eri\u015fip istedi\u011fimiz de\u011fi\u015fiklikleri yapam\u0131yoruz. Bu proje bizi, daha \u00f6nce kulland\u0131\u011f\u0131m\u0131z yabanc\u0131 modelleme sistemlerine olan ba\u011f\u0131ml\u0131l\u0131ktan ve bunlar\u0131n k\u0131s\u0131tl\u0131l\u0131klar\u0131ndan kurtar\u0131yor. Tamamen yerli olan bu teknoloji daha sa\u011fl\u0131kl\u0131 kararlar al\u0131nabilmesine olanak tan\u0131yor, bunun ard\u0131ndan AR-GE k\u0131sm\u0131 ba\u015fl\u0131yor. BUEMS Modeli ile karar vericilerin, uzmanlar\u0131n ve i\u015f d\u00fcnyas\u0131n\u0131n enerji alan\u0131nda ger\u00e7ekten rasyonel kararlar alabilmeleri ve ileriyi sa\u011fl\u0131kl\u0131 \u00f6ng\u00f6rebilmelerini sa\u011flamak amac\u0131yla detayl\u0131 analiz yapabildi\u011fimiz yerli ve milli bir model ortaya koyuyoruz\u201d diye konu\u015ftu.<\/p>\n<p><strong>Enerji alan\u0131nda ger\u00e7ek bir yol g\u00f6sterici olacak<\/strong><\/p>\n<p>G\u00fcn\u00fcm\u00fczde sadece T\u00fcrkiye\u2019de de\u011fil, Avrupa \u00fclkeleri de d\u00e2hil olmak \u00fczere d\u00fcnyan\u0131n \u00e7e\u015fitli \u00fclkelerinde, karar vericilerin yukar\u0131dan baz\u0131 kararlar\u0131 empoze ederek enerji sekt\u00f6r\u00fcn\u00fc y\u00f6nlendirdikleri g\u00f6zlemleniyor. BUEMS Modeli, politika yap\u0131c\u0131lara enerji alan\u0131nda at\u0131lan ad\u0131mlar\u0131n en ba\u015fta do\u011fru planlanabilmesi, \u00f6ng\u00f6r\u00fclerin test edilebilmesi, bir karar al\u0131rken bu karar\u0131n maliyetinin ne oldu\u011fu hakk\u0131nda bilgi sahibi olabilmek i\u00e7in iktisadi verilerle yol g\u00f6steriyor. Model kullan\u0131larak, k\u0131sa veya uzun vadede ekonomik maliyet de hesaplanarak neler olabilece\u011fi, al\u0131nacak bu karar\u0131n nas\u0131l bir ekonomik etkisi olaca\u011f\u0131 \u00f6ng\u00f6r\u00fclebiliyor. BUEMS Modeli, enerji-ekonomi-\u00e7evre ili\u015fkilerinin birbirleriyle olan \u00e7ift y\u00f6nl\u00fc etkile\u015fimlerini i\u015fin i\u00e7ine alabiliyor, \u00e7e\u015fitli senaryolarda belli bir duruma g\u00f6re nas\u0131l de\u011fi\u015fiklikler meydana geldi\u011fini \u00f6l\u00e7me olana\u011f\u0131 veriyor. \u00d6rne\u011fin bu sistemle emisyonlara k\u0131s\u0131t getirildi\u011fi takdirde ekonomik b\u00fcy\u00fcmeden ne kadar kay\u0131p meydana gelebilece\u011fine dair \u00f6l\u00e7\u00fcm yap\u0131labiliyor; vergilendirme yap\u0131ld\u0131\u011f\u0131nda ya da 2023 y\u0131l\u0131ndan itibaren n\u00fckleer enerji devreye al\u0131nd\u0131\u011f\u0131nda emisyonlar\u0131n ne kadar de\u011fi\u015fti\u011fi g\u00f6r\u00fclebiliyor, t\u00fcm enerji arz\u0131n\u0131n kompozisyonun nas\u0131l de\u011fi\u015fti\u011fi izlenebiliyor. N\u00fckleer oldu\u011fu zaman do\u011frudan emisyonlar azald\u0131\u011f\u0131 i\u00e7in, yenilebilir enerji kaynaklar\u0131na gereksinimin ne kadar azalaca\u011f\u0131 y\u00fczde olarak \u00f6l\u00e7\u00fclebiliyor.<\/p>\n<p><strong>Bo\u011fazi\u00e7i \u00dcniversitesi enerji modelleme sistemi \u00fczerine uzun zamand\u0131r \u00e7al\u0131\u015f\u0131yor<\/strong><\/p>\n<p><strong>Prof. Dr. G\u00fcrkan Kumbaro\u011flu,<\/strong> \u201cBo\u011fazi\u00e7i \u00dcniversitesi b\u00fcnyesinde bu \u00e7al\u0131\u015fmalar\u0131n tarihi ve bilgi birikimi yakla\u015f\u0131k 40 y\u0131la uzan\u0131yor. Prof. Dr. \u0130brahim Kavrako\u011flu d\u00f6neminde 1979 y\u0131l\u0131nda yap\u0131lan T\u00fcrkiye Enerji Modelleme Sistemi (B\u00dcTEMS) bundan tam 41 y\u0131l \u00f6nce T\u00fcrkiye\u2019nin resmi raporu olarak D\u00fcnya Enerji Kongresi\u2019nde sunuldu. Bundan 41 y\u0131l sonra biz BUEMS projesiyle \u00e7\u0131k\u0131yoruz. \u00d6ncesinde de Bo\u011fazi\u00e7i \u00dcniversitesi\u2019nin bu alandaki \u00e7al\u0131\u015fmalar\u0131 aras\u0131nda bakanl\u0131klar ile yap\u0131lan \u00e7al\u0131\u015fmalar, Kalk\u0131nma Bakanl\u0131\u011f\u0131\u2019na, \u00c7evre Bakanl\u0131\u011f\u0131\u2019na kurulma modelleme sistemleri var. Bu modelleme sistemlerinin sonu\u00e7lar\u0131n\u0131n Ba\u015fbakanl\u0131k\u2019a, Cumhurba\u015fkanl\u0131\u011f\u0131\u2019na aktar\u0131ld\u0131\u011f\u0131n\u0131, \u0130klim De\u011fi\u015fikli\u011fi Koordinasyon Kurulu\u2019nda ele al\u0131nd\u0131\u011f\u0131n\u0131 biliyoruz. Dolay\u0131s\u0131yla \u00fcniversitemiz b\u00fcnyesinde bu alanda \u00e7ok uzun s\u00fcredir \u00f6nemli bir bilgi birikimi olu\u015fmu\u015f durumda\u201d dedi.<\/p>","protected":false},"excerpt":{"rendered":"<p>Sorry, this entry is only available in Turkish. For the sake of viewer convenience, the content is shown below in the alternative language. You may click the link to switch the active language.\u201cBo\u011fazi\u00e7i \u00dcniversitesi Enerji Modelleme Sisteminin Geli\u015ftirilmesi ve Sera Gaz\u0131 Sal\u0131m K\u0131s\u0131tlamalar\u0131n\u0131n T\u00fcrkiye\u2019ye Etkilerinin Ara\u015ft\u0131r\u0131lmas\u0131na Y\u00f6nelik Olarak BUEMS T\u00fcrkiye Modelinin Kurulmas\u0131 ve Senaryo Analizi\u201d [&hellip;]<\/p>\n","protected":false},"author":1,"featured_media":76294,"comment_status":"open","ping_status":"open","sticky":false,"template":"","format":"standard","meta":[],"categories":[53],"tags":[38337,38338,67,1009,477,17674],"views":976,"_links":{"self":[{"href":"https:\/\/www.enerjigazetesi.ist\/en\/wp-json\/wp\/v2\/posts\/76293"}],"collection":[{"href":"https:\/\/www.enerjigazetesi.ist\/en\/wp-json\/wp\/v2\/posts"}],"about":[{"href":"https:\/\/www.enerjigazetesi.ist\/en\/wp-json\/wp\/v2\/types\/post"}],"author":[{"embeddable":true,"href":"https:\/\/www.enerjigazetesi.ist\/en\/wp-json\/wp\/v2\/users\/1"}],"replies":[{"embeddable":true,"href":"https:\/\/www.enerjigazetesi.ist\/en\/wp-json\/wp\/v2\/comments?post=76293"}],"version-history":[{"count":2,"href":"https:\/\/www.enerjigazetesi.ist\/en\/wp-json\/wp\/v2\/posts\/76293\/revisions"}],"predecessor-version":[{"id":76297,"href":"https:\/\/www.enerjigazetesi.ist\/en\/wp-json\/wp\/v2\/posts\/76293\/revisions\/76297"}],"wp:featuredmedia":[{"embeddable":true,"href":"https:\/\/www.enerjigazetesi.ist\/en\/wp-json\/wp\/v2\/media\/76294"}],"wp:attachment":[{"href":"https:\/\/www.enerjigazetesi.ist\/en\/wp-json\/wp\/v2\/media?parent=76293"}],"wp:term":[{"taxonomy":"category","embeddable":true,"href":"https:\/\/www.enerjigazetesi.ist\/en\/wp-json\/wp\/v2\/categories?post=76293"},{"taxonomy":"post_tag","embeddable":true,"href":"https:\/\/www.enerjigazetesi.ist\/en\/wp-json\/wp\/v2\/tags?post=76293"}],"curies":[{"name":"wp","href":"https:\/\/api.w.org\/{rel}","templated":true}]}}