{"id":76284,"date":"2018-07-16T10:48:46","date_gmt":"2018-07-16T07:48:46","guid":{"rendered":"https:\/\/www.enerjigazetesi.ist\/?p=76284"},"modified":"2018-07-16T10:48:46","modified_gmt":"2018-07-16T07:48:46","slug":"almanyada-yilin-ilk-6-ayinda-yenilenebilir-enerji-komuru-gecti","status":"publish","type":"post","link":"https:\/\/www.enerjigazetesi.ist\/en\/almanyada-yilin-ilk-6-ayinda-yenilenebilir-enerji-komuru-gecti\/","title":{"rendered":"(Turkish) Almanya&#8217;da Y\u0131l\u0131n \u0130lk 6 Ay\u0131nda Yenilenebilir Enerji K\u00f6m\u00fcr\u00fc Ge\u00e7ti"},"content":{"rendered":"<p class=\"qtranxs-available-languages-message qtranxs-available-languages-message-en\">Sorry, this entry is only available in <a href=\"https:\/\/www.enerjigazetesi.ist\/tr\/wp-json\/wp\/v2\/posts\/76284\" class=\"qtranxs-available-language-link qtranxs-available-language-link-tr\" title=\"Turkish\">Turkish<\/a>. For the sake of viewer convenience, the content is shown below in the alternative language. You may click the link to switch the active language.<\/p><p><strong>Almanya, 2018 y\u0131l\u0131n\u0131n ilk alt\u0131 ay\u0131nda, Almanya\u2019da yenilenebilir enerji k\u00f6m\u00fcre (linyit ve ta\u015f k\u00f6m\u00fcr\u00fc birlikte) nazaran ilk defa daha fazla elektrik \u00fcretimi ger\u00e7ekle\u015ftirdi. Duyuru, Sal\u0131 g\u00fcn\u00fc Almanya Enerji ve Su End\u00fcstrileri Birli\u011fi&#8217;nce (BDEW) ilk veriler dikkate al\u0131narak ger\u00e7ekle\u015fti.<\/strong><\/p>\n<p>European Climate Foundation\u2019a g\u00f6re (Avrupa \u0130klim Vakf\u0131) be\u015f y\u0131l \u00f6nce Almanya\u2019daki k\u00f6m\u00fcrden elektrik <img loading=\"lazy\" class=\"alignright size-medium wp-image-76285\" src=\"https:\/\/www.enerjigazetesi.ist\/wp-content\/uploads\/2018\/07\/almanya-yilin-ilk-6-ayinda-yenilenebilirde-komurden-daha-cok-enerji-uretti-300x150.jpg\" alt=\"\" width=\"300\" height=\"150\" srcset=\"https:\/\/www.enerjigazetesi.ist\/wp-content\/uploads\/2018\/07\/almanya-yilin-ilk-6-ayinda-yenilenebilirde-komurden-daha-cok-enerji-uretti-300x150.jpg 300w, https:\/\/www.enerjigazetesi.ist\/wp-content\/uploads\/2018\/07\/almanya-yilin-ilk-6-ayinda-yenilenebilirde-komurden-daha-cok-enerji-uretti-500x250.jpg 500w, https:\/\/www.enerjigazetesi.ist\/wp-content\/uploads\/2018\/07\/almanya-yilin-ilk-6-ayinda-yenilenebilirde-komurden-daha-cok-enerji-uretti-80x40.jpg 80w, https:\/\/www.enerjigazetesi.ist\/wp-content\/uploads\/2018\/07\/almanya-yilin-ilk-6-ayinda-yenilenebilirde-komurden-daha-cok-enerji-uretti.jpg 650w\" sizes=\"(max-width: 300px) 100vw, 300px\" \/>\u00fcretiminin r\u00fczg\u00e2r, g\u00fcne\u015f ve biyok\u00fctlenin toplam\u0131n\u0131n iki kat\u0131 oldu\u011fu hesapland\u0131\u011f\u0131nda, yenilenebilir enerjinin geli\u015fimindeki ivme de daha \u00e7ok anlam kazanmaktad\u0131r.<\/p>\n<p>Almanya\u2019n\u0131n 2018 y\u0131l\u0131n\u0131n ilk alt\u0131 ay\u0131ndaki toplam elektrik \u00fcretimi (2017\u2019nin ilk alt\u0131 ay\u0131 ile kar\u015f\u0131la\u015ft\u0131rmal\u0131)<\/p>\n<p>\u2022 Yenilenebilir enerjinin pay\u0131 %10 artt\u0131.<br \/>\n\u2022 Yenilenebilir enerjinin pay\u0131: %36,3 ya da 118 milyar kWh (%32,5 ya da 107 milyar kWh)<br \/>\n\u2022 Linyit ve ta\u015f k\u00f6m\u00fcr\u00fcn\u00fcn pay\u0131: %35,1 veya 114 milyar kWh (%38,5 ya da 127 milyar kWh)<br \/>\n\u2022 Linyitten elektrik \u00fcretimi %22,5\u2019te kal\u0131rken (2017\u2019de %22,9) k\u00f6m\u00fcrdeki d\u00fc\u015f\u00fc\u015f\u00fcn b\u00fcy\u00fck k\u0131sm\u0131 ise ta\u015f k\u00f6m\u00fcr\u00fcne ba\u011fl\u0131 olarak ger\u00e7ekle\u015fti.<\/p>","protected":false},"excerpt":{"rendered":"<p>Sorry, this entry is only available in Turkish. For the sake of viewer convenience, the content is shown below in the alternative language. You may click the link to switch the active language.Almanya, 2018 y\u0131l\u0131n\u0131n ilk alt\u0131 ay\u0131nda, Almanya\u2019da yenilenebilir enerji k\u00f6m\u00fcre (linyit ve ta\u015f k\u00f6m\u00fcr\u00fc birlikte) nazaran ilk defa daha fazla elektrik \u00fcretimi ger\u00e7ekle\u015ftirdi. [&hellip;]<\/p>\n","protected":false},"author":1,"featured_media":76285,"comment_status":"open","ping_status":"open","sticky":false,"template":"","format":"standard","meta":[],"categories":[51,53,49,50],"tags":[929,15144,7844,19,67,1009,1675,13637,105,26829],"views":764,"_links":{"self":[{"href":"https:\/\/www.enerjigazetesi.ist\/en\/wp-json\/wp\/v2\/posts\/76284"}],"collection":[{"href":"https:\/\/www.enerjigazetesi.ist\/en\/wp-json\/wp\/v2\/posts"}],"about":[{"href":"https:\/\/www.enerjigazetesi.ist\/en\/wp-json\/wp\/v2\/types\/post"}],"author":[{"embeddable":true,"href":"https:\/\/www.enerjigazetesi.ist\/en\/wp-json\/wp\/v2\/users\/1"}],"replies":[{"embeddable":true,"href":"https:\/\/www.enerjigazetesi.ist\/en\/wp-json\/wp\/v2\/comments?post=76284"}],"version-history":[{"count":1,"href":"https:\/\/www.enerjigazetesi.ist\/en\/wp-json\/wp\/v2\/posts\/76284\/revisions"}],"predecessor-version":[{"id":76286,"href":"https:\/\/www.enerjigazetesi.ist\/en\/wp-json\/wp\/v2\/posts\/76284\/revisions\/76286"}],"wp:featuredmedia":[{"embeddable":true,"href":"https:\/\/www.enerjigazetesi.ist\/en\/wp-json\/wp\/v2\/media\/76285"}],"wp:attachment":[{"href":"https:\/\/www.enerjigazetesi.ist\/en\/wp-json\/wp\/v2\/media?parent=76284"}],"wp:term":[{"taxonomy":"category","embeddable":true,"href":"https:\/\/www.enerjigazetesi.ist\/en\/wp-json\/wp\/v2\/categories?post=76284"},{"taxonomy":"post_tag","embeddable":true,"href":"https:\/\/www.enerjigazetesi.ist\/en\/wp-json\/wp\/v2\/tags?post=76284"}],"curies":[{"name":"wp","href":"https:\/\/api.w.org\/{rel}","templated":true}]}}