{"id":76279,"date":"2018-07-16T10:22:03","date_gmt":"2018-07-16T07:22:03","guid":{"rendered":"https:\/\/www.enerjigazetesi.ist\/?p=76279"},"modified":"2018-07-16T10:22:03","modified_gmt":"2018-07-16T07:22:03","slug":"turkiye-yenilenebilir-enerji-alaninda-isgucu-ihraci-yapacak","status":"publish","type":"post","link":"https:\/\/www.enerjigazetesi.ist\/en\/turkiye-yenilenebilir-enerji-alaninda-isgucu-ihraci-yapacak\/","title":{"rendered":"(Turkish) T\u00fcrkiye, Yenilenebilir Enerji Alan\u0131nda \u0130\u015fg\u00fcc\u00fc \u0130hrac\u0131 Yapacak"},"content":{"rendered":"<p class=\"qtranxs-available-languages-message qtranxs-available-languages-message-en\">Sorry, this entry is only available in <a href=\"https:\/\/www.enerjigazetesi.ist\/tr\/wp-json\/wp\/v2\/posts\/76279\" class=\"qtranxs-available-language-link qtranxs-available-language-link-tr\" title=\"Turkish\">Turkish<\/a>. For the sake of viewer convenience, the content is shown below in the alternative language. You may click the link to switch the active language.<\/p><p><strong>\u0130zmir\u2019in, Yenilenebilir Enerji Akademisi (REAC) taraf\u0131ndan ger\u00e7ekle\u015ftirilecek e\u011fitimlerde yeti\u015ftirilecek \u201cyenilenebir enerji teknisyenleri\u201dnin d\u00fcnyan\u0131n farkl\u0131 \u00fclkelerinde i\u015f imkan\u0131 bulmas\u0131 sa\u011flanacakt\u0131r.<\/strong><\/p>\n<p><img loading=\"lazy\" class=\"alignleft size-medium wp-image-76280\" src=\"https:\/\/www.enerjigazetesi.ist\/wp-content\/uploads\/2018\/07\/turkiye-yenilenebilir-enerji-alaninda-isgucu-ihraci-yapacak-300x163.jpg\" alt=\"\" width=\"300\" height=\"163\" srcset=\"https:\/\/www.enerjigazetesi.ist\/wp-content\/uploads\/2018\/07\/turkiye-yenilenebilir-enerji-alaninda-isgucu-ihraci-yapacak-300x163.jpg 300w, https:\/\/www.enerjigazetesi.ist\/wp-content\/uploads\/2018\/07\/turkiye-yenilenebilir-enerji-alaninda-isgucu-ihraci-yapacak-80x43.jpg 80w, https:\/\/www.enerjigazetesi.ist\/wp-content\/uploads\/2018\/07\/turkiye-yenilenebilir-enerji-alaninda-isgucu-ihraci-yapacak.jpg 460w\" sizes=\"(max-width: 300px) 100vw, 300px\" \/>Enerji kaynaklar\u0131n\u0131n kullan\u0131ld\u0131\u011f\u0131 tesislerde, i\u015f g\u00fcc\u00fc, y\u0131ll\u0131k bak\u0131m ve onar\u0131m hizmetleri i\u00e7in tahsis edilen b\u00fct\u00e7elerin \u00fclke i\u00e7inde kalmas\u0131 planlanarak bu kapsam ile faaliyetlerine devam eden REAC, Amerika Birle\u015fik Devletleri (ABD) ve Avrupa\u2019n\u0131n \u00f6nde gelen kurulu\u015flar\u0131n\u0131n ortakl\u0131\u011f\u0131 ile d\u00fczenlenen T\u00fcrkiye\u2019nin ilk \u201cYenilenebilir Enerji Akademisi\u201dni hayata ge\u00e7irecek.<\/p>\n<p>Verilen e\u011fitimlerle r\u00fczgar, g\u00fcne\u015f ve hidroelektrik sahalar\u0131nda \u00e7al\u0131\u015facak teknisyenlerin yeti\u015ftirilmesi ama\u00e7lan\u0131rken, Almanya ve ABD\u2019den onaya sahip sertifikalar\u0131 alarak mezun olacak teknisyenler ise hem T\u00fcrkiye\u2019de hem de d\u00fcnyan\u0131n \u00e7e\u015fitli \u00fclkelerinde \u00e7al\u0131\u015fma imkan\u0131na kavu\u015fmu\u015f olacaklard\u0131r.<\/p>","protected":false},"excerpt":{"rendered":"<p>Sorry, this entry is only available in Turkish. For the sake of viewer convenience, the content is shown below in the alternative language. You may click the link to switch the active language.\u0130zmir\u2019in, Yenilenebilir Enerji Akademisi (REAC) taraf\u0131ndan ger\u00e7ekle\u015ftirilecek e\u011fitimlerde yeti\u015ftirilecek \u201cyenilenebir enerji teknisyenleri\u201dnin d\u00fcnyan\u0131n farkl\u0131 \u00fclkelerinde i\u015f imkan\u0131 bulmas\u0131 sa\u011flanacakt\u0131r. Enerji kaynaklar\u0131n\u0131n kullan\u0131ld\u0131\u011f\u0131 tesislerde, [&hellip;]<\/p>\n","protected":false},"author":1,"featured_media":76280,"comment_status":"open","ping_status":"open","sticky":false,"template":"","format":"standard","meta":[],"categories":[53,49,47,50],"tags":[67,1009,2326,23416,34926,38336,37840,474,24949,37838,4922,26829],"views":1255,"_links":{"self":[{"href":"https:\/\/www.enerjigazetesi.ist\/en\/wp-json\/wp\/v2\/posts\/76279"}],"collection":[{"href":"https:\/\/www.enerjigazetesi.ist\/en\/wp-json\/wp\/v2\/posts"}],"about":[{"href":"https:\/\/www.enerjigazetesi.ist\/en\/wp-json\/wp\/v2\/types\/post"}],"author":[{"embeddable":true,"href":"https:\/\/www.enerjigazetesi.ist\/en\/wp-json\/wp\/v2\/users\/1"}],"replies":[{"embeddable":true,"href":"https:\/\/www.enerjigazetesi.ist\/en\/wp-json\/wp\/v2\/comments?post=76279"}],"version-history":[{"count":1,"href":"https:\/\/www.enerjigazetesi.ist\/en\/wp-json\/wp\/v2\/posts\/76279\/revisions"}],"predecessor-version":[{"id":76281,"href":"https:\/\/www.enerjigazetesi.ist\/en\/wp-json\/wp\/v2\/posts\/76279\/revisions\/76281"}],"wp:featuredmedia":[{"embeddable":true,"href":"https:\/\/www.enerjigazetesi.ist\/en\/wp-json\/wp\/v2\/media\/76280"}],"wp:attachment":[{"href":"https:\/\/www.enerjigazetesi.ist\/en\/wp-json\/wp\/v2\/media?parent=76279"}],"wp:term":[{"taxonomy":"category","embeddable":true,"href":"https:\/\/www.enerjigazetesi.ist\/en\/wp-json\/wp\/v2\/categories?post=76279"},{"taxonomy":"post_tag","embeddable":true,"href":"https:\/\/www.enerjigazetesi.ist\/en\/wp-json\/wp\/v2\/tags?post=76279"}],"curies":[{"name":"wp","href":"https:\/\/api.w.org\/{rel}","templated":true}]}}