{"id":76222,"date":"2018-07-14T17:47:49","date_gmt":"2018-07-14T14:47:49","guid":{"rendered":"https:\/\/www.enerjigazetesi.ist\/?p=76222"},"modified":"2018-07-14T17:47:49","modified_gmt":"2018-07-14T14:47:49","slug":"yenilenebilir-enerji-kooperatiflerine-yonelik-yeni-duzenleme-yapildi","status":"publish","type":"post","link":"https:\/\/www.enerjigazetesi.ist\/en\/yenilenebilir-enerji-kooperatiflerine-yonelik-yeni-duzenleme-yapildi\/","title":{"rendered":"(Turkish) &#8217;Yenilenebilir Enerji Kooperatifleri&#8217;ne Y\u00f6nelik Yeni D\u00fczenleme Yap\u0131ld\u0131"},"content":{"rendered":"<p class=\"qtranxs-available-languages-message qtranxs-available-languages-message-en\">Sorry, this entry is only available in <a href=\"https:\/\/www.enerjigazetesi.ist\/tr\/wp-json\/wp\/v2\/posts\/76222\" class=\"qtranxs-available-language-link qtranxs-available-language-link-tr\" title=\"Turkish\">Turkish<\/a>. For the sake of viewer convenience, the content is shown below in the alternative language. You may click the link to switch the active language.<\/p><p><strong>Kooperatiflerin kurulu\u015f ve ana s\u00f6zle\u015fme de\u011fi\u015fiklik i\u015flemleri ile kurucu ortak say\u0131lar\u0131 ve \u00e7al\u0131\u015fma b\u00f6lgelerinin belirlenmesine ili\u015fkin tebli\u011f, Resmi Gazete\u2019nin ilgili say\u0131s\u0131nda yay\u0131mlanarak y\u00fcr\u00fcrl\u00fc\u011fe girdi.<\/strong><\/p>\n<p><img loading=\"lazy\" class=\"alignleft size-medium wp-image-76223\" src=\"https:\/\/www.enerjigazetesi.ist\/wp-content\/uploads\/2018\/07\/yenilenebilir-enerji-kooperatiflerine-yonelik-yeni-duzenleme-yapildi-300x169.jpg\" alt=\"\" width=\"300\" height=\"169\" srcset=\"https:\/\/www.enerjigazetesi.ist\/wp-content\/uploads\/2018\/07\/yenilenebilir-enerji-kooperatiflerine-yonelik-yeni-duzenleme-yapildi-300x169.jpg 300w, https:\/\/www.enerjigazetesi.ist\/wp-content\/uploads\/2018\/07\/yenilenebilir-enerji-kooperatiflerine-yonelik-yeni-duzenleme-yapildi-500x281.jpg 500w, https:\/\/www.enerjigazetesi.ist\/wp-content\/uploads\/2018\/07\/yenilenebilir-enerji-kooperatiflerine-yonelik-yeni-duzenleme-yapildi-80x45.jpg 80w, https:\/\/www.enerjigazetesi.ist\/wp-content\/uploads\/2018\/07\/yenilenebilir-enerji-kooperatiflerine-yonelik-yeni-duzenleme-yapildi.jpg 590w\" sizes=\"(max-width: 300px) 100vw, 300px\" \/>Bununla birlikte, \u201cyenilenebilir enerji \u00fcretim kooperatifi\u201d ayn\u0131 da\u011f\u0131t\u0131m b\u00f6lgesi ve ayn\u0131 tarife grubunda yer alan elektrik t\u00fcketim abonelerince kurulumu yap\u0131lacak.<\/p>\n<p>Sanayi ve ticarethane tarife gruplar\u0131nda yer alan abonelerin kuraca\u011f\u0131 yenilenebilir enerji \u00fcretim kooperatiflerinde, en y\u00fcksek s\u00f6zle\u015fme g\u00fcc\u00fcne sahip orta\u011f\u0131n s\u00f6zle\u015fme g\u00fcc\u00fc en d\u00fc\u015f\u00fck s\u00f6zle\u015fme g\u00fcc\u00fcne sahip orta\u011f\u0131n s\u00f6zle\u015fme g\u00fcc\u00fcn\u00fcn her durumda en \u00e7ok 20 kat\u0131na e\u015fit olabilecek.<\/p>\n<p>Bakanl\u0131k taraf\u0131ndan uygun g\u00f6r\u00fcld\u00fc\u011f\u00fc takdirde, ilgili mevzuat uyar\u0131nca t\u00fcketim birle\u015ftirmesini yaparak gerekli altyap\u0131y\u0131 olu\u015fturup enerji \u00fcretmeye ba\u015flayan yenilenebilir enerji \u00fcretim kooperatiflerine y\u00f6nelik bu maddenin ikinci f\u0131kras\u0131nda belirlenen oranda art\u0131\u015f yap\u0131lacak.<\/p>","protected":false},"excerpt":{"rendered":"<p>Sorry, this entry is only available in Turkish. For the sake of viewer convenience, the content is shown below in the alternative language. You may click the link to switch the active language.Kooperatiflerin kurulu\u015f ve ana s\u00f6zle\u015fme de\u011fi\u015fiklik i\u015flemleri ile kurucu ortak say\u0131lar\u0131 ve \u00e7al\u0131\u015fma b\u00f6lgelerinin belirlenmesine ili\u015fkin tebli\u011f, Resmi Gazete\u2019nin ilgili say\u0131s\u0131nda yay\u0131mlanarak y\u00fcr\u00fcrl\u00fc\u011fe [&hellip;]<\/p>\n","protected":false},"author":1,"featured_media":76223,"comment_status":"open","ping_status":"open","sticky":false,"template":"","format":"standard","meta":[],"categories":[53,49,50],"tags":[67,1009,2326,23416,474,24949,26829,38310,38311],"views":1374,"_links":{"self":[{"href":"https:\/\/www.enerjigazetesi.ist\/en\/wp-json\/wp\/v2\/posts\/76222"}],"collection":[{"href":"https:\/\/www.enerjigazetesi.ist\/en\/wp-json\/wp\/v2\/posts"}],"about":[{"href":"https:\/\/www.enerjigazetesi.ist\/en\/wp-json\/wp\/v2\/types\/post"}],"author":[{"embeddable":true,"href":"https:\/\/www.enerjigazetesi.ist\/en\/wp-json\/wp\/v2\/users\/1"}],"replies":[{"embeddable":true,"href":"https:\/\/www.enerjigazetesi.ist\/en\/wp-json\/wp\/v2\/comments?post=76222"}],"version-history":[{"count":1,"href":"https:\/\/www.enerjigazetesi.ist\/en\/wp-json\/wp\/v2\/posts\/76222\/revisions"}],"predecessor-version":[{"id":76224,"href":"https:\/\/www.enerjigazetesi.ist\/en\/wp-json\/wp\/v2\/posts\/76222\/revisions\/76224"}],"wp:featuredmedia":[{"embeddable":true,"href":"https:\/\/www.enerjigazetesi.ist\/en\/wp-json\/wp\/v2\/media\/76223"}],"wp:attachment":[{"href":"https:\/\/www.enerjigazetesi.ist\/en\/wp-json\/wp\/v2\/media?parent=76222"}],"wp:term":[{"taxonomy":"category","embeddable":true,"href":"https:\/\/www.enerjigazetesi.ist\/en\/wp-json\/wp\/v2\/categories?post=76222"},{"taxonomy":"post_tag","embeddable":true,"href":"https:\/\/www.enerjigazetesi.ist\/en\/wp-json\/wp\/v2\/tags?post=76222"}],"curies":[{"name":"wp","href":"https:\/\/api.w.org\/{rel}","templated":true}]}}